{"id":77660,"date":"2022-09-25T22:43:37","date_gmt":"2022-09-25T22:43:37","guid":{"rendered":"http:\/\/enolife.com.ar\/es\/?p=77660"},"modified":"2022-09-27T13:11:24","modified_gmt":"2022-09-27T13:11:24","slug":"proveedores-de-la-vitivinicultura-piden-al-gobierno-importar-sin-trabas-para-no-frenar-la-produccion","status":"publish","type":"post","link":"https:\/\/enolife.com.ar\/es\/proveedores-de-la-vitivinicultura-piden-al-gobierno-importar-sin-trabas-para-no-frenar-la-produccion\/","title":{"rendered":"Proveedores de la vitivinicultura piden al gobierno importar sin trabas para no frenar la producci\u00f3n"},"content":{"rendered":"\n<h4 class=\"wp-block-heading\"><em><strong>El viernes 23\/9, dirigentes de la Corporaci\u00f3n Vitivin\u00edcola Argentina, representantes de los gobiernos de Mendoza y San Juan y empresarios proveedores de la industria vitivin\u00edcola, se reunieron con el secretario de Comercio de Argentina, Mat\u00edas Tombolini, a quien le expusieron que la dificultad de importar insumos est\u00e1 frenando el proceso productivo y generando desabastecimiento a un sector que exporta, seg\u00fan manifestaron, tres veces m\u00e1s de lo que importa. Tambi\u00e9n plantearon que, ante la imposibilidad de pagar a plazos de 180 d\u00edas los insumos importados, las empresas deben recurrir a financiamiento externo, lo que sumado al perjuicio por el desfasaje peso-d\u00f3lar incrementa los precios del producto final y les hace perder competitividad en el mercado externo.<\/strong><\/em><\/h4>\n\n\n\n<div style=\"height:43px\" aria-hidden=\"true\" class=\"wp-block-spacer\"><\/div>\n\n\n<a href=\"https:\/\/ar.verallia.com\/\" aria-label=\"VERALLIA 1700 x 500\"><img loading=\"lazy\" decoding=\"async\" src=\"https:\/\/enolife.com.ar\/es\/wp-content\/uploads\/2021\/04\/VERALLIA-1700-x-500.jpg\" alt=\"\"  srcset=\"https:\/\/enolife.com.ar\/es\/wp-content\/uploads\/2021\/04\/VERALLIA-1700-x-500.jpg 1700w, https:\/\/enolife.com.ar\/es\/wp-content\/uploads\/2021\/04\/VERALLIA-1700-x-500-300x88.jpg 300w, https:\/\/enolife.com.ar\/es\/wp-content\/uploads\/2021\/04\/VERALLIA-1700-x-500-1024x301.jpg 1024w, https:\/\/enolife.com.ar\/es\/wp-content\/uploads\/2021\/04\/VERALLIA-1700-x-500-768x226.jpg 768w, https:\/\/enolife.com.ar\/es\/wp-content\/uploads\/2021\/04\/VERALLIA-1700-x-500-1536x452.jpg 1536w, https:\/\/enolife.com.ar\/es\/wp-content\/uploads\/2021\/04\/VERALLIA-1700-x-500-1170x344.jpg 1170w, https:\/\/enolife.com.ar\/es\/wp-content\/uploads\/2021\/04\/VERALLIA-1700-x-500-585x172.jpg 585w\" sizes=\"auto, (max-width: 1700px) 100vw, 1700px\" width=\"1700\" height=\"500\"   \/><\/a>\n\n\n<div style=\"height:45px\" aria-hidden=\"true\" class=\"wp-block-spacer\"><\/div>\n\n\n\n<p>Directivos de la&nbsp;<strong>Coviar<\/strong>, junto a representantes de la cadena de comercializaci\u00f3n y exportaci\u00f3n de productos vitivin\u00edcolas,&nbsp;se reunieron el 23\/9 con el secretario de Comercio de Argentina,&nbsp;<strong>Mat\u00edas Tombolini<\/strong>. <\/p>\n\n\n\n<p>Participaron los ministros de Econom\u00eda de Mendoza, Enrique Vaqui\u00e9, y Desarrollo Productivo de San Juan, Ariel Lucero; el presidente del Instituto Nacional de Vitivinicultura (INV), Mart\u00edn Hinojosa; directivos del Observatorio Vitivin\u00edcola Argentino; funcionarios p\u00fablicos de la Aduana y el Banco Central; miembros de la C\u00e1mara de proveedores de insumos enol\u00f3gicos y de empresas proveedoras de envases de vidrio, cart\u00f3n y acero inoxidable. Estuvieron presentes enviados de las empresas Cartocor, Majdalani Inoxidable, Cattorini Hnos, Verallia, Cristal Avellaneda , Nueva Cristaler\u00eda Rosario, entre otros.<\/p>\n\n\n\n<p>La agenda de trabajo abri\u00f3 con la presentaci\u00f3n de informaci\u00f3n en materia de provisi\u00f3n de insumos y bienes de capital estrat\u00e9gicos de toda la cadena vitivin\u00edcola, de manera de nivelar y poner en com\u00fan datos sobre producci\u00f3n, consumo, demanda, importaci\u00f3n y exportaci\u00f3n, mano de obra y dem\u00e1s variables relevantes de la cadena vitivin\u00edcola. Adem\u00e1s, se identificaron la principales dificultades en la provisi\u00f3n de insumos y el aumento sostenido en su valor.<\/p>\n\n\n\n<div style=\"height:20px\" aria-hidden=\"true\" class=\"wp-block-spacer\"><\/div>\n\n\n\n<div class=\"wp-block-image\"><figure class=\"aligncenter size-large is-resized\"><img loading=\"lazy\" decoding=\"async\" src=\"https:\/\/enolife.com.ar\/es\/wp-content\/uploads\/2022\/09\/image009.jpg\" alt=\"\" class=\"wp-image-77705\" width=\"570\" height=\"311\" srcset=\"https:\/\/enolife.com.ar\/es\/wp-content\/uploads\/2022\/09\/image009.jpg 915w, https:\/\/enolife.com.ar\/es\/wp-content\/uploads\/2022\/09\/image009-300x164.jpg 300w, https:\/\/enolife.com.ar\/es\/wp-content\/uploads\/2022\/09\/image009-768x420.jpg 768w, https:\/\/enolife.com.ar\/es\/wp-content\/uploads\/2022\/09\/image009-585x320.jpg 585w\" sizes=\"auto, (max-width: 570px) 100vw, 570px\" \/><figcaption><em><strong>Reuni\u00f3n entre actores de la industria vitivin\u00edcola y la Secretar\u00eda de Comercio de la Naci\u00f3n<\/strong><\/em><\/figcaption><\/figure><\/div>\n\n\n\n<div style=\"height:20px\" aria-hidden=\"true\" class=\"wp-block-spacer\"><\/div>\n\n\n\n<p><em>\u00abEsta reuni\u00f3n es muy importante porque ha permitido que la cadena vitivin\u00edcola pueda exponer al secretario Tombolini los problemas que hoy tiene para el abastecimiento continuo y en precio adecuado de los distintos insumos que demanda para abastecer al mercado interno y poder competir en el mercado internacional generando divisas para el pa\u00eds\u00bb,&nbsp;<\/em>se\u00f1al\u00f3 el presidente de la <strong>Corporaci\u00f3n Vitivin\u00edcola Argentina (Coviar)<\/strong>,&nbsp;<strong>Jos\u00e9 Alberto \u00abPepe\u00bb Zuccardi.<\/strong>&nbsp;Y agreg\u00f3: \u00ab<em>Hemos establecido una mesa de di\u00e1logo y a partir de este encuentro tenemos que continuar trabajando en los problemas que hemos identificado para poder buscar soluciones basadas en el consenso y sostenibilidad de toda la cadena\u00bb.<\/em><\/p>\n\n\n\n<p>Por su parte, el secretario de Comercio de la Naci\u00f3n,&nbsp;<strong>Mat\u00edas Tombolini<\/strong>, valor\u00f3 el encuentro y remarc\u00f3 que&nbsp;<em>\u00abdesde el gobierno estamos trabajando para construir previsibilidad en la gesti\u00f3n de la actividad econ\u00f3mica\u00bb.<\/em><\/p>\n\n\n\n<p>Desde la <strong>C\u00e1mara de Proveedores de Insumos Enol\u00f3gicos<\/strong>, tambi\u00e9n aportaron su visi\u00f3n sobre el escenario de insumos.&nbsp;<em>\u00abNuestra actividad est\u00e1 supeditada a muchos proveedores, son muchos los insumos a comprar y con cada proveedor debemos implementar un financiamiento de 180 d\u00edas, lo que provoca una dificultad enorme para poder hacer negocios y as\u00ed tenemos que caer muchas veces en financiamientos externos. En este sentido, expresamos nuestra necesidad de que se pueda reducir los 180 d\u00edas en el proceso de (liquidaci\u00f3n de divisas) pago\u00bb,&nbsp;<\/em>sostuvo&nbsp;<strong>William Ropero,&nbsp;<\/strong>en representaci\u00f3n de la C\u00e1mara.<\/p>\n\n\n\n<p>A su turno, el<strong> <\/strong>ministro de Econom\u00eda y Energ\u00eda de Mendoza,<strong>&nbsp;Enrique Vaqui\u00e9<\/strong> destac\u00f3 la importancia de estas charlas entre los sectores industriales y el gobierno nacional y las provincias:&nbsp;<em>\u00abEn esta oportunidad se pudo expresar las dificultades de exportaci\u00f3n del sector vitivin\u00edcola que vende al mundo tres veces m\u00e1s de lo que importa y ya llevamos varios meses con dificultades para importar, lo que genera un freno en el proceso productivo y el riesgo de perder mercados\u00bb<\/em>. Y a\u00f1adi\u00f3:&nbsp;<em>\u00abQueremos cuidar un sector que genera inversi\u00f3n, empleo, valor agregado y exportaciones<\/em>\u00ab.<\/p>\n\n\n\n<div style=\"height:28px\" aria-hidden=\"true\" class=\"wp-block-spacer\"><\/div>\n\n\n\n<p class=\"has-small-font-size\"><em><strong>Fuente: Corporaci\u00f3n Vitivin\u00edcola Argentina (Coviar)<\/strong><\/em><\/p>\n\n\n\n<div style=\"height:32px\" aria-hidden=\"true\" class=\"wp-block-spacer\"><\/div>\n","protected":false},"excerpt":{"rendered":"<p>El viernes 23\/9, dirigentes de la Corporaci\u00f3n Vitivin\u00edcola Argentina, representantes de los gobiernos de Mendoza&hellip;<\/p>\n","protected":false},"author":3,"featured_media":77704,"comment_status":"open","ping_status":"open","sticky":false,"template":"","format":"standard","meta":{"footnotes":""},"categories":[14],"tags":[],"class_list":["post-77660","post","type-post","status-publish","format-standard","has-post-thumbnail","hentry","category-news"],"_links":{"self":[{"href":"https:\/\/enolife.com.ar\/es\/wp-json\/wp\/v2\/posts\/77660","targetHints":{"allow":["GET"]}}],"collection":[{"href":"https:\/\/enolife.com.ar\/es\/wp-json\/wp\/v2\/posts"}],"about":[{"href":"https:\/\/enolife.com.ar\/es\/wp-json\/wp\/v2\/types\/post"}],"author":[{"embeddable":true,"href":"https:\/\/enolife.com.ar\/es\/wp-json\/wp\/v2\/users\/3"}],"replies":[{"embeddable":true,"href":"https:\/\/enolife.com.ar\/es\/wp-json\/wp\/v2\/comments?post=77660"}],"version-history":[{"count":0,"href":"https:\/\/enolife.com.ar\/es\/wp-json\/wp\/v2\/posts\/77660\/revisions"}],"wp:featuredmedia":[{"embeddable":true,"href":"https:\/\/enolife.com.ar\/es\/wp-json\/wp\/v2\/media\/77704"}],"wp:attachment":[{"href":"https:\/\/enolife.com.ar\/es\/wp-json\/wp\/v2\/media?parent=77660"}],"wp:term":[{"taxonomy":"category","embeddable":true,"href":"https:\/\/enolife.com.ar\/es\/wp-json\/wp\/v2\/categories?post=77660"},{"taxonomy":"post_tag","embeddable":true,"href":"https:\/\/enolife.com.ar\/es\/wp-json\/wp\/v2\/tags?post=77660"}],"curies":[{"name":"wp","href":"https:\/\/api.w.org\/{rel}","templated":true}]}}