{"id":7766,"date":"2020-02-14T15:58:52","date_gmt":"2020-02-14T15:58:52","guid":{"rendered":"http:\/\/enolife.com.ar\/es\/?p=7766"},"modified":"2020-02-14T15:58:53","modified_gmt":"2020-02-14T15:58:53","slug":"vendimia-2020-desayuno-de-la-coviar","status":"publish","type":"post","link":"https:\/\/enolife.com.ar\/es\/vendimia-2020-desayuno-de-la-coviar\/","title":{"rendered":"Vendimia 2020: Desayuno de la Coviar"},"content":{"rendered":"\n<p>Como todos los a\u00f1os el primer s\u00e1bado de marzo arranca la agenda de la vendimia el cl\u00e1sico desayuno de la Coviar. Con el cambio de autoridades de la instituci\u00f3n, este a\u00f1o tambi\u00e9n ser\u00e1 presentado su nuevo presidente, el recientemente elegido Jos\u00e9 Zuccardi.<\/p>\n\n\n\n<p><strong>Fecha<\/strong>: S\u00e1bado 7 de Marzo 8.00 hs (ingreso hasta las 8.45 hs)<\/p>\n\n\n\n<p><strong>Lugar<\/strong>: Hotel Park Hyatt Mendoza, Chile 1124, Mendoza<\/p>\n\n\n\n<p><strong>Tema<\/strong>: Visi\u00f3n estrat\u00e9gica de la vitivinicultura argentina.<\/p>\n","protected":false},"excerpt":{"rendered":"<p>Como todos los a\u00f1os el primer s\u00e1bado de marzo arranca la agenda de la vendimia&hellip;<\/p>\n","protected":false},"author":3,"featured_media":7767,"comment_status":"open","ping_status":"open","sticky":false,"template":"","format":"standard","meta":{"footnotes":""},"categories":[47],"tags":[],"class_list":["post-7766","post","type-post","status-publish","format-standard","has-post-thumbnail","hentry","category-agenda"],"_links":{"self":[{"href":"https:\/\/enolife.com.ar\/es\/wp-json\/wp\/v2\/posts\/7766","targetHints":{"allow":["GET"]}}],"collection":[{"href":"https:\/\/enolife.com.ar\/es\/wp-json\/wp\/v2\/posts"}],"about":[{"href":"https:\/\/enolife.com.ar\/es\/wp-json\/wp\/v2\/types\/post"}],"author":[{"embeddable":true,"href":"https:\/\/enolife.com.ar\/es\/wp-json\/wp\/v2\/users\/3"}],"replies":[{"embeddable":true,"href":"https:\/\/enolife.com.ar\/es\/wp-json\/wp\/v2\/comments?post=7766"}],"version-history":[{"count":0,"href":"https:\/\/enolife.com.ar\/es\/wp-json\/wp\/v2\/posts\/7766\/revisions"}],"wp:featuredmedia":[{"embeddable":true,"href":"https:\/\/enolife.com.ar\/es\/wp-json\/wp\/v2\/media\/7767"}],"wp:attachment":[{"href":"https:\/\/enolife.com.ar\/es\/wp-json\/wp\/v2\/media?parent=7766"}],"wp:term":[{"taxonomy":"category","embeddable":true,"href":"https:\/\/enolife.com.ar\/es\/wp-json\/wp\/v2\/categories?post=7766"},{"taxonomy":"post_tag","embeddable":true,"href":"https:\/\/enolife.com.ar\/es\/wp-json\/wp\/v2\/tags?post=7766"}],"curies":[{"name":"wp","href":"https:\/\/api.w.org\/{rel}","templated":true}]}}