{"id":77422,"date":"2022-09-26T15:33:10","date_gmt":"2022-09-26T15:33:10","guid":{"rendered":"http:\/\/enolife.com.ar\/es\/?p=77422"},"modified":"2022-09-27T21:33:43","modified_gmt":"2022-09-27T21:33:43","slug":"curso-para-periodistas-del-vino-inv-iesvu-inicia-el-10-10-22-con-90-horas-y-un-costo-11-000","status":"publish","type":"post","link":"https:\/\/enolife.com.ar\/es\/curso-para-periodistas-del-vino-inv-iesvu-inicia-el-10-10-22-con-90-horas-y-un-costo-11-000\/","title":{"rendered":"Curso para periodistas del vino INV-Iesvu: inicia el 10\/10\/22 con 90 horas y un costo $11.000"},"content":{"rendered":"\n<h4 class=\"wp-block-heading\"><em><strong>El Instituto Nacional de Vitivinicultura (INV) y el Instituto de Educaci\u00f3n Superior 9015 Valle de Uco (Iesvu) ofrecen la capacitaci\u00f3n profesional \u00abActualizaci\u00f3n en Periodismo Vitivin\u00edcola\u00bb, que comenzar\u00e1 el 10 de octubre de 2022. El curso tiene una carga horaria de 90 horas, con modalidad semipresencial, clases te\u00f3ricas on line y pr\u00e1cticas en campo. Est\u00e1 dirigido a profesionales de la comunicaci\u00f3n del vino, con t\u00edtulo de nivel superior. Los aranceles son $3.000 de matr\u00edcula y 2 cuotas de $4.000, que se abonan una vez efectivizada la inscripci\u00f3n definitiva.<\/strong><\/em><\/h4>\n\n\n\n<div style=\"height:20px\" aria-hidden=\"true\" class=\"wp-block-spacer\"><\/div>\n\n\n\n\n\n<div style=\"height:48px\" aria-hidden=\"true\" class=\"wp-block-spacer\"><\/div>\n\n\n\n<p>El <strong>curso de actualizaci\u00f3n para periodistas vitivin\u00edcolas<\/strong> se realiza nuevamente luego de una primera edici\u00f3n con cupos completos. El objetivo es contar con profesionales capacitados para la difusi\u00f3n de la vitivinicultura, para informar con certeza sobre los atributos del vino argentino a los consumidores y optimizar el manejo de las nuevas herramientas de la comunicaci\u00f3n digital.<\/p>\n\n\n\n<p>El <strong>presidente del INV, Mart\u00edn Hinojosa<\/strong>, manifest\u00f3 al respecto: \u00ab<em>Desde el INV estamos muy conformes con anunciar la segunda cohorte de esta capacitaci\u00f3n que es muy demandada por quienes trabajan en los distintos \u00e1mbitos de la comunicaci\u00f3n. Adem\u00e1s, estamos convencidos del beneficio que significa contar con profesionales capacitados para la difusi\u00f3n de la vitivinicultura y tambi\u00e9n para informar con certeza sobre los atributos del vino argentino a los consumidores\u201d<\/em>.<\/p>\n\n\n\n<div class=\"wp-block-image\"><figure class=\"alignleft size-large is-resized\"><img loading=\"lazy\" decoding=\"async\" src=\"https:\/\/enolife.com.ar\/es\/wp-content\/uploads\/2022\/09\/periodismo-vit-inv-888x1024.jpeg\" alt=\"\" class=\"wp-image-77439\" width=\"262\" height=\"301\" srcset=\"https:\/\/enolife.com.ar\/es\/wp-content\/uploads\/2022\/09\/periodismo-vit-inv-888x1024.jpeg 888w, https:\/\/enolife.com.ar\/es\/wp-content\/uploads\/2022\/09\/periodismo-vit-inv-260x300.jpeg 260w, https:\/\/enolife.com.ar\/es\/wp-content\/uploads\/2022\/09\/periodismo-vit-inv-768x885.jpeg 768w, https:\/\/enolife.com.ar\/es\/wp-content\/uploads\/2022\/09\/periodismo-vit-inv-585x674.jpeg 585w, https:\/\/enolife.com.ar\/es\/wp-content\/uploads\/2022\/09\/periodismo-vit-inv.jpeg 937w\" sizes=\"auto, (max-width: 262px) 100vw, 262px\" \/><\/figure><\/div>\n\n\n\n<p>Por su parte, <strong>Daniel Gallardo, rector del Iesvu<\/strong>, resalt\u00f3: <em>\u00abLa articulaci\u00f3n institucional con el INV, en este caso con la gesti\u00f3n del contador Hinojosa, fundamentalmente en esta visi\u00f3n de sumar la educaci\u00f3n al sector productivo vitivin\u00edcola. En cuanto a la capacitaci\u00f3n, destaco el compromiso de los equipos t\u00e9cnicos del INV y del IESVU por dise\u00f1ar una propuesta muy completa. Ya culminamos la primera cohorte y recibimos muy buenas devoluciones porque se trabaja mucho en contenidos espec\u00edficos de la vitivinicultura que despu\u00e9s pueden ser transmitidos por quienes ejercen la comunicaci\u00f3n en la provincia o en el pa\u00eds\u00bb.<\/em><\/p>\n\n\n\n<p><strong>El cursado comienza el 10 de octubre de 2022.<\/strong> Los interesados ya pueden realizar la preinscripci\u00f3n en la p\u00e1gina web del Iesvu. Para esto, es necesario poseer t\u00edtulo de nivel superior Universitario o No Universitario y acreditar experiencia laboral en comunicaci\u00f3n y medios.<\/p>\n\n\n\n<p>La modalidad es semipresencial, ya que tendr\u00e1 clases en l\u00ednea a trav\u00e9s de plataforma educativa y encuentros presenciales que se dictar\u00e1n en la sede central del INV, ubicada en San Mart\u00edn 430, Ciudad de Mendoza. Las pr\u00e1cticas formativas se realizar\u00e1n en distintas zonas vitivin\u00edcolas de la provincia de Mendoza. Esto permitir\u00e1 conocer en terreno las diversas realidades del sector, sus estrategias y desaf\u00edos de comunicaci\u00f3n.<\/p>\n\n\n\n<p>La carga horaria de la Actualizaci\u00f3n es de 90 horas c\u00e1tedra y los aranceles son $3.000 de matr\u00edcula y dos cuotas de $4.000 pesos, que se abonan una vez efectivizada la inscripci\u00f3n definitiva.<\/p>\n\n\n\n<p class=\"has-background has-very-light-gray-background-color\"><strong>Acceso al formulario de inscripci\u00f3n <a href=\"https:\/\/iesvu.edu.ar\/estudio\/actualizacion-en-periodismo-vitivinicola\/\">AQU\u00cd<\/a><\/strong><br><strong>Informes: <a href=\"mailto:actualizaciones@iesvu.edu.ar\">actualizaciones@iesvu.edu.ar<\/a><\/strong><\/p>\n\n\n\n<div style=\"height:20px\" aria-hidden=\"true\" class=\"wp-block-spacer\"><\/div>\n\n\n\n<p class=\"has-medium-font-size\"><strong>M\u00f3dulos y contenidos<\/strong><\/p>\n\n\n\n<p><strong>M\u00f3dulo 1- Periodismo Vitivin\u00edcola:<\/strong>&nbsp;Introducci\u00f3n al Periodismo Vitivin\u00edcola. El periodismo Vitivin\u00edcola en la era digital. Visita a Bodega y Vi\u00f1edo en Valle de Uco. Ejercitaci\u00f3n.<\/p>\n\n\n\n<p><strong>M\u00f3dulo 2- Lectura de datos e interpretaci\u00f3n en el mundo vitivin\u00edcola:<\/strong>&nbsp;El vino como bebida nacional. La cadena de comercializaci\u00f3n y distribuci\u00f3n. La globalizaci\u00f3n de los mercados y el desarrollo de las tecnolog\u00edas. Trazabilidad en la Bodega. Interpretaci\u00f3n de datos en la industria. Ejercitaci\u00f3n.<\/p>\n\n\n\n<p><strong>M\u00f3dulo 3- An\u00e1lisis Sensorial:<\/strong>&nbsp;Regiones Vitivin\u00edcolas. Apreciaci\u00f3n Sensorial. La etiqueta .Los Envases. Redes Sociales. Bodegas y Arte. Bases para la cr\u00edtica de vinos. Pr\u00e1ctica y ejercitaci\u00f3n.<\/p>\n\n\n\n<div style=\"height:37px\" aria-hidden=\"true\" class=\"wp-block-spacer\"><\/div>\n","protected":false},"excerpt":{"rendered":"<p>El Instituto Nacional de Vitivinicultura (INV) y el Instituto de Educaci\u00f3n Superior 9015 Valle de&hellip;<\/p>\n","protected":false},"author":3,"featured_media":77438,"comment_status":"open","ping_status":"open","sticky":false,"template":"","format":"standard","meta":{"footnotes":""},"categories":[47],"tags":[],"class_list":["post-77422","post","type-post","status-publish","format-standard","has-post-thumbnail","hentry","category-agenda"],"_links":{"self":[{"href":"https:\/\/enolife.com.ar\/es\/wp-json\/wp\/v2\/posts\/77422","targetHints":{"allow":["GET"]}}],"collection":[{"href":"https:\/\/enolife.com.ar\/es\/wp-json\/wp\/v2\/posts"}],"about":[{"href":"https:\/\/enolife.com.ar\/es\/wp-json\/wp\/v2\/types\/post"}],"author":[{"embeddable":true,"href":"https:\/\/enolife.com.ar\/es\/wp-json\/wp\/v2\/users\/3"}],"replies":[{"embeddable":true,"href":"https:\/\/enolife.com.ar\/es\/wp-json\/wp\/v2\/comments?post=77422"}],"version-history":[{"count":0,"href":"https:\/\/enolife.com.ar\/es\/wp-json\/wp\/v2\/posts\/77422\/revisions"}],"wp:featuredmedia":[{"embeddable":true,"href":"https:\/\/enolife.com.ar\/es\/wp-json\/wp\/v2\/media\/77438"}],"wp:attachment":[{"href":"https:\/\/enolife.com.ar\/es\/wp-json\/wp\/v2\/media?parent=77422"}],"wp:term":[{"taxonomy":"category","embeddable":true,"href":"https:\/\/enolife.com.ar\/es\/wp-json\/wp\/v2\/categories?post=77422"},{"taxonomy":"post_tag","embeddable":true,"href":"https:\/\/enolife.com.ar\/es\/wp-json\/wp\/v2\/tags?post=77422"}],"curies":[{"name":"wp","href":"https:\/\/api.w.org\/{rel}","templated":true}]}}