{"id":77344,"date":"2022-09-23T16:19:53","date_gmt":"2022-09-23T16:19:53","guid":{"rendered":"http:\/\/enolife.com.ar\/es\/?p=77344"},"modified":"2022-09-27T01:39:27","modified_gmt":"2022-09-27T01:39:27","slug":"el-15-11-comienza-la-feria-simei-milan-y-la-camara-de-comercio-italiana-de-mendoza-arma-una-mision","status":"publish","type":"post","link":"https:\/\/enolife.com.ar\/es\/el-15-11-comienza-la-feria-simei-milan-y-la-camara-de-comercio-italiana-de-mendoza-arma-una-mision\/","title":{"rendered":"El 15\/11 comienza la feria Simei Mil\u00e1n y la C\u00e1mara de Comercio Italiana de Mendoza arma una misi\u00f3n"},"content":{"rendered":"\n<h4 class=\"wp-block-heading\"><em><strong>Del 15 al 18 de noviembre pr\u00f3ximos se realizar\u00e1 en la ciudad de Mil\u00e1n, Italia, la 29 edici\u00f3n de una de las ferias de maquinarias enol\u00f3gicas y para embotellado m\u00e1s importantes del mundo, la Simei. Est\u00e1 confirmada la presencia all\u00ed de 400 expositores de 36 pa\u00edses, y se calculan unos 30.000 visitantes, en su mayor\u00eda profesionales y directivos de empresas que compran y venden sus productos en las rondas de negocios del evento. Desde Argentina, la C\u00e1mara de Comercio Italiana de Mendoza (CCI), fiel a su misi\u00f3n de brindar asistencia comercial y vincular a las empresas mendocinas con las italianas, est\u00e1 organizando paquetes de viaje para sus socios e interesados en general, con ventajas en tickets a\u00e9reos, alojamiento y participaci\u00f3n en la Feria.<\/strong><\/em> <\/h4>\n\n\n\n<div style=\"height:20px\" aria-hidden=\"true\" class=\"wp-block-spacer\"><\/div>\n\n\n\n\n\n<div style=\"height:61px\" aria-hidden=\"true\" class=\"wp-block-spacer\"><\/div>\n\n\n\n<p>El mundo de la tecnolog\u00eda del vino y las bebidas renueva su cita anual en la <strong>\u00abSIMEI Fiera Milano\u00bb<\/strong>, en el norte italiano, <strong>del 15 al 18 de noviembre de 2022<\/strong>. Este a\u00f1o, el foco estar\u00e1 puesto en la <strong>sostenibilidad de la industria<\/strong>, y en todos los desarrollos, avances tecnol\u00f3gicos y acciones para lograr esa sustentabilidad, acorde a las demandas de los consumidores y la necesaria adaptaci\u00f3n a las exigencias del cambio clim\u00e1tico.<\/p>\n\n\n\n<p>En la Feria en Mil\u00e1n se esperan unos <strong>400 expositores de 36 pa\u00edses y 25.000 visitantes profesionales de todo el mundo.<\/strong>&nbsp;Ser\u00e1 la 29 edici\u00f3n de este Sal\u00f3n Internacional de maquinaria para enolog\u00eda y embotellado, organizado por la <strong>Unione Italiana Vini (UIV)<\/strong>, donde se podr\u00e1n conocer todas las innovaciones aplicadas a la cadena de suministro de vinos y bebidas.<\/p>\n\n\n\n<div style=\"height:20px\" aria-hidden=\"true\" class=\"wp-block-spacer\"><\/div>\n\n\n\n<h4 class=\"has-vivid-red-color has-text-color wp-block-heading\">Enolife estar\u00e1 presente en Mil\u00e1n como \u00fanico media partner sudamericano de Simei. En pr\u00f3ximas notas divulgaremos informaci\u00f3n en detalle sobre empresas participantes e innovaciones tecnol\u00f3gicas, as\u00ed como un informe final y el balance tras el evento.<\/h4>\n\n\n\n<div style=\"height:20px\" aria-hidden=\"true\" class=\"wp-block-spacer\"><\/div>\n\n\n\n<p>Los cuatro d\u00edas de exposici\u00f3n estar\u00e1n dedicados a poner en escena las soluciones m\u00e1s novedosas y rentables para <strong>enolog\u00eda, alimentos l\u00edquidos, aceite, cerveza y licores<\/strong>.&nbsp;El eje de la tem\u00e1tica ser\u00e1 la <strong>sostenibilidad<\/strong>.&nbsp;Los modelos de negocio y los procesos \u00abverdes\u00bb ser\u00e1n los protagonistas de la edici\u00f3n 2022, que pone el foco en el desarrollo ecol\u00f3gico, social y econ\u00f3mico del sector.<\/p>\n\n\n\n<div style=\"height:20px\" aria-hidden=\"true\" class=\"wp-block-spacer\"><\/div>\n\n\n\n<div class=\"wp-block-image\"><figure class=\"alignleft size-large is-resized\"><img loading=\"lazy\" decoding=\"async\" src=\"https:\/\/enolife.com.ar\/es\/wp-content\/uploads\/2022\/09\/000011R3.jpeg\" alt=\"\" class=\"wp-image-77401\" width=\"248\" height=\"376\" srcset=\"https:\/\/enolife.com.ar\/es\/wp-content\/uploads\/2022\/09\/000011R3.jpeg 264w, https:\/\/enolife.com.ar\/es\/wp-content\/uploads\/2022\/09\/000011R3-198x300.jpeg 198w\" sizes=\"auto, (max-width: 248px) 100vw, 248px\" \/><\/figure><\/div>\n\n\n\n<p class=\"has-background has-medium-font-size has-very-light-gray-background-color\"><strong>Contactos de la CCI para sumarse a la misi\u00f3n comercial<\/strong><\/p>\n\n\n\n<p class=\"has-background has-very-light-gray-background-color\">La filial mendocina de la entidad argentino-italiana <strong>C\u00e1mara de Comercio (CCI)<\/strong>, asesora a los interesados sobre detalles de alojamiento, pasajes a\u00e9reos, transportes en Mil\u00e1n, precios e ingresos VIP a esta ya tradicional Feria bienal. <br><br><strong>Contactos e informaci\u00f3n<\/strong>, al tel\u00e9fono +54(261)4298771&nbsp;y 4290964 <br><strong>Direcci\u00f3n<\/strong>: Rodr\u00edguez 1195, Ciudad de Mendoza <br><strong>E-mail: <a href=\"mailto:info@ccimendoza.com\">info@ccimendoza.com<\/a><\/strong><\/p>\n\n\n\n<div style=\"height:20px\" aria-hidden=\"true\" class=\"wp-block-spacer\"><\/div>\n\n\n\n<p class=\"has-medium-font-size\"><strong>Temas y contenidos<\/strong> <strong>de la Simei 2022<\/strong> <\/p>\n\n\n\n<div style=\"height:20px\" aria-hidden=\"true\" class=\"wp-block-spacer\"><\/div>\n\n\n\n<ul class=\"wp-block-list\"><li>Martes 15 de noviembre, a las 15 horas en sala de conferencias 2: La <strong>Mesa Redonda del Vino Sostenible (SWR)<\/strong> presentar\u00e1 un enfoque sobre las soluciones tecnol\u00f3gicas vitales para hacer que la producci\u00f3n de vino sea realmente sostenible.<\/li><li>Mi\u00e9rcoles 16 de noviembre a las 15 horas en sala de conferencias 3:&nbsp;<strong>Est\u00e1ndar de Referencia Global<\/strong>&nbsp;para el mundo del vino.<\/li><li>Mi\u00e9rcoles 16\/11, 15 hs., en sala de conferencias 2:&nbsp;<strong>Unione Italiana Vini, Assobibe, Assobirra y Mineracqua<\/strong> har\u00e1n un balance de la <strong>autosuficiencia energ\u00e9tica en&nbsp;alimentos l\u00edquidos<\/strong>, con un resumen de las&nbsp;mejores pr\u00e1cticas&nbsp;italianas.<\/li><li>Del 15 al 18\/11, en diferentes puntos de la feria: <strong>\u00abCaf\u00e9s de la sostenibilidad\u00bb de la UIV<\/strong>, que ofrecen <strong>\u00abp\u00edldoras de sostenibilidad\u00bb<\/strong> cada d\u00eda con invitados siempre diferentes.<\/li><li>En materia de premios, vuelve el&nbsp;<strong>Innovation Challenge<\/strong>, el concurso de innovaci\u00f3n tecnol\u00f3gica del sector que, por primera vez, combinar\u00e1 el <strong>\u00abPremio Innovaci\u00f3n Tecnol\u00f3gica Simei 2022\u00bb<\/strong> y el <strong>\u00abNueva Tecnolog\u00eda Simei 2022\u00bb<\/strong> con el <strong>\u00abPremio Innovaci\u00f3n Verde Simei 2022\u00bb<\/strong>, un reconocimiento a las empresas m\u00e1s eficaces en el contexto de la mitigaci\u00f3n clim\u00e1tica, la econom\u00eda circular y el consumo de agua y energ\u00eda, tal y como exige el reglamento UE 2020\/852 del de 18 de junio de 2020.<\/li><li>Entre las alianzas, adem\u00e1s de la ya consolidada colaboraci\u00f3n con <strong>Assoenologi<\/strong> y las <strong>Mujeres del Vino<\/strong>, se ofrecer\u00e1 la conferencia <strong>\u00abInnovaci\u00f3n en la prevenci\u00f3n de defectos leves en vinos blancos y rosados\u00bb<\/strong> y el Foro Mundial de mujeres del vino con el lema <strong>\u00abCultivando el futuro y paz\u00bb<\/strong>, con un espacio para el mundo de la cerveza con el <strong>IGA Beer Challenge<\/strong>, el concurso internacional reservado a la <strong>Italian Grape Ale<\/strong> que aterrizar\u00e1 por primera vez en Simei.<\/li><\/ul>\n\n\n\n<div style=\"height:30px\" aria-hidden=\"true\" class=\"wp-block-spacer\"><\/div>\n","protected":false},"excerpt":{"rendered":"<p>Del 15 al 18 de noviembre pr\u00f3ximos se realizar\u00e1 en la ciudad de Mil\u00e1n, Italia,&hellip;<\/p>\n","protected":false},"author":3,"featured_media":77409,"comment_status":"open","ping_status":"open","sticky":false,"template":"","format":"standard","meta":{"footnotes":""},"categories":[10],"tags":[],"class_list":["post-77344","post","type-post","status-publish","format-standard","has-post-thumbnail","hentry","category-ferias"],"_links":{"self":[{"href":"https:\/\/enolife.com.ar\/es\/wp-json\/wp\/v2\/posts\/77344","targetHints":{"allow":["GET"]}}],"collection":[{"href":"https:\/\/enolife.com.ar\/es\/wp-json\/wp\/v2\/posts"}],"about":[{"href":"https:\/\/enolife.com.ar\/es\/wp-json\/wp\/v2\/types\/post"}],"author":[{"embeddable":true,"href":"https:\/\/enolife.com.ar\/es\/wp-json\/wp\/v2\/users\/3"}],"replies":[{"embeddable":true,"href":"https:\/\/enolife.com.ar\/es\/wp-json\/wp\/v2\/comments?post=77344"}],"version-history":[{"count":0,"href":"https:\/\/enolife.com.ar\/es\/wp-json\/wp\/v2\/posts\/77344\/revisions"}],"wp:featuredmedia":[{"embeddable":true,"href":"https:\/\/enolife.com.ar\/es\/wp-json\/wp\/v2\/media\/77409"}],"wp:attachment":[{"href":"https:\/\/enolife.com.ar\/es\/wp-json\/wp\/v2\/media?parent=77344"}],"wp:term":[{"taxonomy":"category","embeddable":true,"href":"https:\/\/enolife.com.ar\/es\/wp-json\/wp\/v2\/categories?post=77344"},{"taxonomy":"post_tag","embeddable":true,"href":"https:\/\/enolife.com.ar\/es\/wp-json\/wp\/v2\/tags?post=77344"}],"curies":[{"name":"wp","href":"https:\/\/api.w.org\/{rel}","templated":true}]}}