{"id":77339,"date":"2022-09-24T00:35:50","date_gmt":"2022-09-24T00:35:50","guid":{"rendered":"http:\/\/enolife.com.ar\/es\/?p=77339"},"modified":"2022-09-26T19:46:39","modified_gmt":"2022-09-26T19:46:39","slug":"como-medir-la-humedad-del-suelo-con-sensores-de-microondas-satelitales-en-una-charla-de-la-aavv","status":"publish","type":"post","link":"https:\/\/enolife.com.ar\/es\/como-medir-la-humedad-del-suelo-con-sensores-de-microondas-satelitales-en-una-charla-de-la-aavv\/","title":{"rendered":"C\u00f3mo medir la humedad del suelo con sensores de microondas satelitales, en una charla de la AAVV"},"content":{"rendered":"\n<h4 class=\"wp-block-heading\"><em><strong>El 29\/9, la Academia Argentina de la Vid y el Vino (AAVV) y la Universidad de Mendoza (UDM) invitan a participar del webinar \u00abMonitoreo de la explotaci\u00f3n del recurso h\u00eddrico de zonas semi\u00e1ridas de San Juan utilizando t\u00e9cnicas DinSAR\u00bb, dictado por el ingeniero agrimensor Emilio Graffigna. La charla se centrar\u00e1 en el uso de recursos provenientes de sensores de microondas activos para la medici\u00f3n de los desplazamientos verticales sobre la superficie terrestre, para ser aplicados a la observaci\u00f3n y monitoreo de explotaci\u00f3n de aguas subterr\u00e1neas en zona semides\u00e9rticas. La participaci\u00f3n es gratuita con previa inscripci\u00f3n.<\/strong><\/em><\/h4>\n\n\n\n<div style=\"height:30px\" aria-hidden=\"true\" class=\"wp-block-spacer\"><\/div>\n\n\n\n\n\n<div style=\"height:46px\" aria-hidden=\"true\" class=\"wp-block-spacer\"><\/div>\n\n\n\n<p>Monitorear el estado de humedad de los suelos en los oasis irrigados de zonas \u00e1ridas y semi\u00e1ridas es fundamental para detectar la evoluci\u00f3n temporal y la variabilidad espacial de su disponibilidad h\u00eddrica. En este sentido, las im\u00e1genes satelitales se convierten en una excelente herramienta para la toma de decisiones.&nbsp;<\/p>\n\n\n\n<div class=\"wp-block-image\"><figure class=\"alignleft size-large is-resized\"><img loading=\"lazy\" decoding=\"async\" src=\"https:\/\/enolife.com.ar\/es\/wp-content\/uploads\/2022\/09\/7ad134b6-01b2-4c17-8b8b-646ca8c197ca-1024x767.jpg\" alt=\"\" class=\"wp-image-77340\" width=\"308\" height=\"231\" srcset=\"https:\/\/enolife.com.ar\/es\/wp-content\/uploads\/2022\/09\/7ad134b6-01b2-4c17-8b8b-646ca8c197ca-1024x767.jpg 1024w, https:\/\/enolife.com.ar\/es\/wp-content\/uploads\/2022\/09\/7ad134b6-01b2-4c17-8b8b-646ca8c197ca-300x225.jpg 300w, https:\/\/enolife.com.ar\/es\/wp-content\/uploads\/2022\/09\/7ad134b6-01b2-4c17-8b8b-646ca8c197ca-768x575.jpg 768w, https:\/\/enolife.com.ar\/es\/wp-content\/uploads\/2022\/09\/7ad134b6-01b2-4c17-8b8b-646ca8c197ca-1170x877.jpg 1170w, https:\/\/enolife.com.ar\/es\/wp-content\/uploads\/2022\/09\/7ad134b6-01b2-4c17-8b8b-646ca8c197ca-585x438.jpg 585w, https:\/\/enolife.com.ar\/es\/wp-content\/uploads\/2022\/09\/7ad134b6-01b2-4c17-8b8b-646ca8c197ca.jpg 1280w\" sizes=\"auto, (max-width: 308px) 100vw, 308px\" \/><\/figure><\/div>\n\n\n\n<p>Al respecto, la Academia Argentina de la Vid y el Vino (AAVV), junto a la Universidad de Mendoza (UDM) invitan a participar del webinar que se realizar\u00e1 a trav\u00e9s de la plataforma Meet, sobre <strong>\u00abMonitoreo de la explotaci\u00f3n del recurso h\u00eddrico de zonas semi\u00e1ridas de San Juan utilizando t\u00e9cnicas DinSAR\u00bb<\/strong>.<\/p>\n\n\n\n<p>La misma estar\u00e1 dirigida por el <strong>ingeniero agrimensor Emilio Graffigna<\/strong>, especialista en georreferenciaci\u00f3n, recibido en la Universidad Nacional de San Juan, investigador y asesor en sensoramiento remoto, geodesia, cartograf\u00eda, sistemas de informaci\u00f3n geogr\u00e1fica y fotogrametr\u00eda terrestre y a\u00e9rea. Socio fundador de la consultora GPAC Ingenier\u00eda de la Tierra&nbsp;establecida en la Provincia de San Juan.<\/p>\n\n\n\n<p class=\"has-background has-very-light-gray-background-color\"><strong>D\u00eda: Jueves 29\/9 a las 18.30 hs<br>Confirmar asistencia al mail: <a href=\"mailto:secretaria.aavv@gmail.com\">secretaria.aavv@gmail.com<\/a><\/strong><br><br><strong>Link de Meet: <a href=\"https:\/\/meet.google.com\/wbn-keqt-dnf?pli=1\">AQU\u00cd<\/a><\/strong><\/p>\n\n\n\n<div style=\"height:20px\" aria-hidden=\"true\" class=\"wp-block-spacer\"><\/div>\n\n\n\n<p class=\"has-medium-font-size\"><strong>T\u00e9cnica DinSAR<\/strong><\/p>\n\n\n\n<p>Los SAR (sigla inglesa de Radar de Apertura Sint\u00e9tica) son sensores de los denominados activos, que registran im\u00e1genes de alta resoluci\u00f3n espacial a trav\u00e9s de una antena de apertura sint\u00e9tica o virtual. <\/p>\n\n\n\n<p>Las t\u00e9cnicas de interferometr\u00eda <strong>(m\u00e9todo de medici\u00f3n que aplica el fen\u00f3meno de interferencia de las ondas)<\/strong> Diferencial SAR (DinSAR)&nbsp;permiten cuantificar los desplazamientos verticales del terreno con precisi\u00f3n superior al cent\u00edmetro, monitoreando grandes extensiones de terreno mediante la utilizaci\u00f3n de datos de sensores radar instalados en sat\u00e9lites.<\/p>\n\n\n\n<div style=\"height:20px\" aria-hidden=\"true\" class=\"wp-block-spacer\"><\/div>\n\n\n\n<div class=\"wp-block-image\"><figure class=\"aligncenter is-resized\"><img loading=\"lazy\" decoding=\"async\" src=\"https:\/\/www.centrogeotecnico.com\/mt-content\/uploads\/2016\/03\/insar.jpg\" alt=\"Aplicacion de la interferometria para medici\u00f3n de subsidencia en el  Teniente Rajo Sur - Centro Geot\u00e9cnico Internacional\" width=\"447\" height=\"313\"\/><figcaption><em><strong>T\u00e9cnica de interferometr\u00eda a trav\u00e9s de sat\u00e9lite. <\/strong><\/em><\/figcaption><\/figure><\/div>\n\n\n\n<p>Se trata de una t\u00e9cnica de proceso de imagen que permite la generaci\u00f3n de mapas de desplazamiento del terreno y el c\u00e1lculo de la coherencia relativa, a partir de pasos del sensor SAR por una misma zona de estudio<\/p>\n\n\n\n<p>El an\u00e1lisis DinSAR puede ser multitemporal, es decir, que se adquieren los pares de im\u00e1genes a lo largo del tiempo, para seguir movimientos de varios meses o a\u00f1os. Se utiliza para detectar y medir movimientos muy peque\u00f1os de la superficie. <\/p>\n\n\n\n<div style=\"height:35px\" aria-hidden=\"true\" class=\"wp-block-spacer\"><\/div>\n\n\n\n<div style=\"height:36px\" aria-hidden=\"true\" class=\"wp-block-spacer\"><\/div>\n","protected":false},"excerpt":{"rendered":"<p>El 29\/9, la Academia Argentina de la Vid y el Vino (AAVV) y la Universidad&hellip;<\/p>\n","protected":false},"author":3,"featured_media":77418,"comment_status":"open","ping_status":"open","sticky":false,"template":"","format":"standard","meta":{"footnotes":""},"categories":[47],"tags":[],"class_list":["post-77339","post","type-post","status-publish","format-standard","has-post-thumbnail","hentry","category-agenda"],"_links":{"self":[{"href":"https:\/\/enolife.com.ar\/es\/wp-json\/wp\/v2\/posts\/77339","targetHints":{"allow":["GET"]}}],"collection":[{"href":"https:\/\/enolife.com.ar\/es\/wp-json\/wp\/v2\/posts"}],"about":[{"href":"https:\/\/enolife.com.ar\/es\/wp-json\/wp\/v2\/types\/post"}],"author":[{"embeddable":true,"href":"https:\/\/enolife.com.ar\/es\/wp-json\/wp\/v2\/users\/3"}],"replies":[{"embeddable":true,"href":"https:\/\/enolife.com.ar\/es\/wp-json\/wp\/v2\/comments?post=77339"}],"version-history":[{"count":0,"href":"https:\/\/enolife.com.ar\/es\/wp-json\/wp\/v2\/posts\/77339\/revisions"}],"wp:featuredmedia":[{"embeddable":true,"href":"https:\/\/enolife.com.ar\/es\/wp-json\/wp\/v2\/media\/77418"}],"wp:attachment":[{"href":"https:\/\/enolife.com.ar\/es\/wp-json\/wp\/v2\/media?parent=77339"}],"wp:term":[{"taxonomy":"category","embeddable":true,"href":"https:\/\/enolife.com.ar\/es\/wp-json\/wp\/v2\/categories?post=77339"},{"taxonomy":"post_tag","embeddable":true,"href":"https:\/\/enolife.com.ar\/es\/wp-json\/wp\/v2\/tags?post=77339"}],"curies":[{"name":"wp","href":"https:\/\/api.w.org\/{rel}","templated":true}]}}