{"id":77283,"date":"2022-09-23T16:28:16","date_gmt":"2022-09-23T16:28:16","guid":{"rendered":"http:\/\/enolife.com.ar\/es\/?p=77283"},"modified":"2022-09-25T22:44:09","modified_gmt":"2022-09-25T22:44:09","slug":"muestra-en-el-inv-para-conocer-30-obras-de-5-artistas-mendocinos-y-ayudar-a-perritos-callejeros","status":"publish","type":"post","link":"https:\/\/enolife.com.ar\/es\/muestra-en-el-inv-para-conocer-30-obras-de-5-artistas-mendocinos-y-ayudar-a-perritos-callejeros\/","title":{"rendered":"Muestra en el INV, para conocer 30 obras de 5 artistas mendocinos y ayudar a perritos callejeros"},"content":{"rendered":"\n<h4 class=\"wp-block-heading\"><em><strong>En abril de 2022, en la sede central del Instituto Nacional de Vitivinicultura (INV), se cre\u00f3 un espacio cultural para la difusi\u00f3n del arte mendocino. Y este 22 de setiembre \u00faltimo se inaugur\u00f3 la 3ra. muestra, conformada por 30 obras de los artistas locales Maymar\u00e1 Brugnoli,\u00a0Olga Groselj,\u00a0Roxana Romano,\u00a0Marcela \u00abNegra\u00bb Lled\u00f3\u00a0y\u00a0Alfredo Luna. La entrada es libre y gratuita y se puede visitar de lunes a viernes, de 8 a 15 horas, hasta el 21 de de octubre. En el ingreso hay una caja donde se reciben donaciones para el Refugio Amor a la Vida, que asiste a m\u00e1s de 300 perros, tales como alimento y arroz.<\/strong><\/em><\/h4>\n\n\n\n<div style=\"height:20px\" aria-hidden=\"true\" class=\"wp-block-spacer\"><\/div>\n\n\n<a href=\"https:\/\/instagram.com\/labelsolutions?igshid=YmMyMTA2M2Y=\" aria-label=\"Banner Palero 1700&#215;500\"><img loading=\"lazy\" decoding=\"async\" src=\"https:\/\/enolife.com.ar\/es\/wp-content\/uploads\/2021\/09\/Banner-Palero-1700x500-1.gif\" alt=\"\"  width=\"1700\" height=\"500\"   \/><\/a>\n\n\n<div style=\"height:55px\" aria-hidden=\"true\" class=\"wp-block-spacer\"><\/div>\n\n\n\n<p>Durante la tarde del 22\/9, Mart\u00edn Hinojosa, presidente del INV, inaugur\u00f3 la 3ra muestra de arte que realiza en el museo que fund\u00f3 en la sede central de la entidad. La misma es a beneficio de la asociaci\u00f3n\u00a0<strong>Refugio Amor a la Vida<\/strong>, representada por <strong>Susana Camacho<\/strong>, que asiste a m\u00e1s de 300 perros. Y ya, en la apertura de la exposici\u00f3n se recolectaron 120 kg de alimento para mascotas y arroz.<\/p>\n\n\n\n<p class=\"has-background has-very-light-gray-background-color\">Los artistas expositores son\u00a0<strong>Maymar\u00e1 Brugnoli<\/strong>,\u00a0<strong>Olga Groselj<\/strong>,\u00a0<strong>Roxana Romano<\/strong>,\u00a0<strong>Marcela \u00abNegra\u00bb Lled\u00f3<\/strong>\u00a0y\u00a0<strong>Alfredo Luna<\/strong>, con 30 obras elaboradas con distintas t\u00e9cnicas y soportes pict\u00f3ricos.<\/p>\n\n\n\n<div style=\"height:20px\" aria-hidden=\"true\" class=\"wp-block-spacer\"><\/div>\n\n\n\n<div class=\"wp-block-image\"><figure class=\"aligncenter size-large is-resized\"><img loading=\"lazy\" decoding=\"async\" src=\"https:\/\/enolife.com.ar\/es\/wp-content\/uploads\/2022\/09\/dsc_7170-1024x684.jpg\" alt=\"\" class=\"wp-image-77300\" width=\"465\" height=\"311\" srcset=\"https:\/\/enolife.com.ar\/es\/wp-content\/uploads\/2022\/09\/dsc_7170-1024x684.jpg 1024w, https:\/\/enolife.com.ar\/es\/wp-content\/uploads\/2022\/09\/dsc_7170-300x200.jpg 300w, https:\/\/enolife.com.ar\/es\/wp-content\/uploads\/2022\/09\/dsc_7170-768x513.jpg 768w, https:\/\/enolife.com.ar\/es\/wp-content\/uploads\/2022\/09\/dsc_7170-1536x1025.jpg 1536w, https:\/\/enolife.com.ar\/es\/wp-content\/uploads\/2022\/09\/dsc_7170-1170x781.jpg 1170w, https:\/\/enolife.com.ar\/es\/wp-content\/uploads\/2022\/09\/dsc_7170-585x390.jpg 585w, https:\/\/enolife.com.ar\/es\/wp-content\/uploads\/2022\/09\/dsc_7170.jpg 1618w\" sizes=\"auto, (max-width: 465px) 100vw, 465px\" \/><figcaption><em><strong>Maymar\u00e1 Brugnoli<\/strong><\/em><\/figcaption><\/figure><\/div>\n\n\n\n<div class=\"wp-block-image\"><figure class=\"aligncenter size-large is-resized\"><img loading=\"lazy\" decoding=\"async\" src=\"https:\/\/enolife.com.ar\/es\/wp-content\/uploads\/2022\/09\/dsc_7173-1024x684.jpg\" alt=\"\" class=\"wp-image-77301\" width=\"459\" height=\"306\" srcset=\"https:\/\/enolife.com.ar\/es\/wp-content\/uploads\/2022\/09\/dsc_7173-1024x684.jpg 1024w, https:\/\/enolife.com.ar\/es\/wp-content\/uploads\/2022\/09\/dsc_7173-300x200.jpg 300w, https:\/\/enolife.com.ar\/es\/wp-content\/uploads\/2022\/09\/dsc_7173-768x513.jpg 768w, https:\/\/enolife.com.ar\/es\/wp-content\/uploads\/2022\/09\/dsc_7173-1536x1025.jpg 1536w, https:\/\/enolife.com.ar\/es\/wp-content\/uploads\/2022\/09\/dsc_7173-1170x781.jpg 1170w, https:\/\/enolife.com.ar\/es\/wp-content\/uploads\/2022\/09\/dsc_7173-585x390.jpg 585w, https:\/\/enolife.com.ar\/es\/wp-content\/uploads\/2022\/09\/dsc_7173.jpg 1618w\" sizes=\"auto, (max-width: 459px) 100vw, 459px\" \/><figcaption><em><strong>Olga Groselj<\/strong><\/em><\/figcaption><\/figure><\/div>\n\n\n\n<div style=\"height:20px\" aria-hidden=\"true\" class=\"wp-block-spacer\"><\/div>\n\n\n\n<p>En la apertura, Hinojosa dio la bienvenida y agradeci\u00f3 a los artistas y los visitantes, destacando que <em>\u201cdesde el INV pensamos que este espacio, que es del sector p\u00fablico, tiene que estar a disposici\u00f3n de la sociedad. Por esto, todos los meses ponemos en valor todo lo cultural y art\u00edstico de Mendoza, invitando a diferentes artistas para que expongan sus obras\u201d<\/em>.<\/p>\n\n\n\n<div style=\"height:20px\" aria-hidden=\"true\" class=\"wp-block-spacer\"><\/div>\n\n\n\n<div class=\"wp-block-image\"><figure class=\"aligncenter size-large is-resized\"><img loading=\"lazy\" decoding=\"async\" src=\"https:\/\/enolife.com.ar\/es\/wp-content\/uploads\/2022\/09\/dsc_7177-1024x684.jpg\" alt=\"\" class=\"wp-image-77302\" width=\"484\" height=\"323\" srcset=\"https:\/\/enolife.com.ar\/es\/wp-content\/uploads\/2022\/09\/dsc_7177-1024x684.jpg 1024w, https:\/\/enolife.com.ar\/es\/wp-content\/uploads\/2022\/09\/dsc_7177-300x200.jpg 300w, https:\/\/enolife.com.ar\/es\/wp-content\/uploads\/2022\/09\/dsc_7177-768x513.jpg 768w, https:\/\/enolife.com.ar\/es\/wp-content\/uploads\/2022\/09\/dsc_7177-1536x1025.jpg 1536w, https:\/\/enolife.com.ar\/es\/wp-content\/uploads\/2022\/09\/dsc_7177-1170x781.jpg 1170w, https:\/\/enolife.com.ar\/es\/wp-content\/uploads\/2022\/09\/dsc_7177-585x390.jpg 585w, https:\/\/enolife.com.ar\/es\/wp-content\/uploads\/2022\/09\/dsc_7177.jpg 1618w\" sizes=\"auto, (max-width: 484px) 100vw, 484px\" \/><figcaption><em><strong>Marcela \u00abNegra\u00bb Lled\u00f3<\/strong><\/em><\/figcaption><\/figure><\/div>\n\n\n\n<div class=\"wp-block-image\"><figure class=\"aligncenter size-large is-resized\"><img loading=\"lazy\" decoding=\"async\" src=\"https:\/\/enolife.com.ar\/es\/wp-content\/uploads\/2022\/09\/dsc_7182-1024x684.jpg\" alt=\"\" class=\"wp-image-77303\" width=\"495\" height=\"330\" srcset=\"https:\/\/enolife.com.ar\/es\/wp-content\/uploads\/2022\/09\/dsc_7182-1024x684.jpg 1024w, https:\/\/enolife.com.ar\/es\/wp-content\/uploads\/2022\/09\/dsc_7182-300x200.jpg 300w, https:\/\/enolife.com.ar\/es\/wp-content\/uploads\/2022\/09\/dsc_7182-768x513.jpg 768w, https:\/\/enolife.com.ar\/es\/wp-content\/uploads\/2022\/09\/dsc_7182-1536x1025.jpg 1536w, https:\/\/enolife.com.ar\/es\/wp-content\/uploads\/2022\/09\/dsc_7182-1170x781.jpg 1170w, https:\/\/enolife.com.ar\/es\/wp-content\/uploads\/2022\/09\/dsc_7182-585x390.jpg 585w, https:\/\/enolife.com.ar\/es\/wp-content\/uploads\/2022\/09\/dsc_7182.jpg 1618w\" sizes=\"auto, (max-width: 495px) 100vw, 495px\" \/><figcaption><em><strong>Alfredo Luna<\/strong><\/em><\/figcaption><\/figure><\/div>\n\n\n\n<div style=\"height:20px\" aria-hidden=\"true\" class=\"wp-block-spacer\"><\/div>\n\n\n\n<p> Respecto a la relaci\u00f3n entre el arte y la vitivinicultura, el presidente del INV manifest\u00f3 <em>\u201cSiempre hay un v\u00ednculo entre lo cultural y lo art\u00edstico con la vitivinicultura, que cuando se conjugan son actividades muy importantes para atraer al turismo y a los consumidores\u201d.<\/em> Y dio como ejemplo tambi\u00e9n la importancia de las etiquetas en este aspecto: <em>\u00abCuando el consumidor est\u00e1 frente a la g\u00f3ndola, el dise\u00f1o de la etiqueta que est\u00e1 muy vinculado al arte, es un factor poderoso para la compra\u00bb<\/em>.<\/p>\n\n\n\n<div style=\"height:20px\" aria-hidden=\"true\" class=\"wp-block-spacer\"><\/div>\n\n\n\n<div class=\"wp-block-image\"><figure class=\"aligncenter size-large is-resized\"><img loading=\"lazy\" decoding=\"async\" src=\"https:\/\/enolife.com.ar\/es\/wp-content\/uploads\/2022\/09\/dsc_7186-1024x684.jpg\" alt=\"\" class=\"wp-image-77304\" width=\"484\" height=\"323\" srcset=\"https:\/\/enolife.com.ar\/es\/wp-content\/uploads\/2022\/09\/dsc_7186-1024x684.jpg 1024w, https:\/\/enolife.com.ar\/es\/wp-content\/uploads\/2022\/09\/dsc_7186-300x200.jpg 300w, https:\/\/enolife.com.ar\/es\/wp-content\/uploads\/2022\/09\/dsc_7186-768x513.jpg 768w, https:\/\/enolife.com.ar\/es\/wp-content\/uploads\/2022\/09\/dsc_7186-1536x1025.jpg 1536w, https:\/\/enolife.com.ar\/es\/wp-content\/uploads\/2022\/09\/dsc_7186-1170x781.jpg 1170w, https:\/\/enolife.com.ar\/es\/wp-content\/uploads\/2022\/09\/dsc_7186-585x390.jpg 585w, https:\/\/enolife.com.ar\/es\/wp-content\/uploads\/2022\/09\/dsc_7186.jpg 1618w\" sizes=\"auto, (max-width: 484px) 100vw, 484px\" \/><figcaption><em><strong>Roxana Romano<\/strong><\/em><\/figcaption><\/figure><\/div>\n\n\n\n<p class=\"has-background has-very-light-gray-background-color\"><strong>La muestra se puede visitar de lunes a viernes, de 8 a 15 horas, hasta el 21\/10, en el Museo del INV, San Mart\u00edn 430, Ciudad de Mendoza.<\/strong><\/p>\n\n\n\n<div style=\"height:20px\" aria-hidden=\"true\" class=\"wp-block-spacer\"><\/div>\n\n\n\n<div class=\"wp-block-image\"><figure class=\"aligncenter size-large is-resized\"><img loading=\"lazy\" decoding=\"async\" src=\"https:\/\/enolife.com.ar\/es\/wp-content\/uploads\/2022\/09\/dsc_7218-1024x684.jpg\" alt=\"\" class=\"wp-image-77299\" width=\"493\" height=\"329\" srcset=\"https:\/\/enolife.com.ar\/es\/wp-content\/uploads\/2022\/09\/dsc_7218-1024x684.jpg 1024w, https:\/\/enolife.com.ar\/es\/wp-content\/uploads\/2022\/09\/dsc_7218-300x200.jpg 300w, https:\/\/enolife.com.ar\/es\/wp-content\/uploads\/2022\/09\/dsc_7218-768x513.jpg 768w, https:\/\/enolife.com.ar\/es\/wp-content\/uploads\/2022\/09\/dsc_7218-1536x1025.jpg 1536w, https:\/\/enolife.com.ar\/es\/wp-content\/uploads\/2022\/09\/dsc_7218-1170x781.jpg 1170w, https:\/\/enolife.com.ar\/es\/wp-content\/uploads\/2022\/09\/dsc_7218-585x390.jpg 585w, https:\/\/enolife.com.ar\/es\/wp-content\/uploads\/2022\/09\/dsc_7218.jpg 1618w\" sizes=\"auto, (max-width: 493px) 100vw, 493px\" \/><figcaption><em><strong>Susana Camacho, del Refugio Amor a la Vida y Mart\u00edn Hinojosa<\/strong><\/em><\/figcaption><\/figure><\/div>\n\n\n\n<div style=\"height:34px\" aria-hidden=\"true\" class=\"wp-block-spacer\"><\/div>\n","protected":false},"excerpt":{"rendered":"<p>En abril de 2022, en la sede central del Instituto Nacional de Vitivinicultura (INV), se&hellip;<\/p>\n","protected":false},"author":3,"featured_media":77314,"comment_status":"open","ping_status":"open","sticky":false,"template":"","format":"standard","meta":{"footnotes":""},"categories":[34],"tags":[],"class_list":["post-77283","post","type-post","status-publish","format-standard","has-post-thumbnail","hentry","category-cultura1"],"_links":{"self":[{"href":"https:\/\/enolife.com.ar\/es\/wp-json\/wp\/v2\/posts\/77283","targetHints":{"allow":["GET"]}}],"collection":[{"href":"https:\/\/enolife.com.ar\/es\/wp-json\/wp\/v2\/posts"}],"about":[{"href":"https:\/\/enolife.com.ar\/es\/wp-json\/wp\/v2\/types\/post"}],"author":[{"embeddable":true,"href":"https:\/\/enolife.com.ar\/es\/wp-json\/wp\/v2\/users\/3"}],"replies":[{"embeddable":true,"href":"https:\/\/enolife.com.ar\/es\/wp-json\/wp\/v2\/comments?post=77283"}],"version-history":[{"count":0,"href":"https:\/\/enolife.com.ar\/es\/wp-json\/wp\/v2\/posts\/77283\/revisions"}],"wp:featuredmedia":[{"embeddable":true,"href":"https:\/\/enolife.com.ar\/es\/wp-json\/wp\/v2\/media\/77314"}],"wp:attachment":[{"href":"https:\/\/enolife.com.ar\/es\/wp-json\/wp\/v2\/media?parent=77283"}],"wp:term":[{"taxonomy":"category","embeddable":true,"href":"https:\/\/enolife.com.ar\/es\/wp-json\/wp\/v2\/categories?post=77283"},{"taxonomy":"post_tag","embeddable":true,"href":"https:\/\/enolife.com.ar\/es\/wp-json\/wp\/v2\/tags?post=77283"}],"curies":[{"name":"wp","href":"https:\/\/api.w.org\/{rel}","templated":true}]}}