{"id":77061,"date":"2022-09-21T18:02:47","date_gmt":"2022-09-21T18:02:47","guid":{"rendered":"http:\/\/enolife.com.ar\/es\/?p=77061"},"modified":"2022-09-22T00:49:43","modified_gmt":"2022-09-22T00:49:43","slug":"hoy-en-la-enoteca-la-obra-literaria-de-maria-moreno-y-el-arte-de-marta-minujin-se-maridan-con-vino","status":"publish","type":"post","link":"https:\/\/enolife.com.ar\/es\/hoy-en-la-enoteca-la-obra-literaria-de-maria-moreno-y-el-arte-de-marta-minujin-se-maridan-con-vino\/","title":{"rendered":"Hoy en La Enoteca, la obra literaria de Mar\u00eda Moreno y el arte de Marta Minuj\u00edn se maridan con vino"},"content":{"rendered":"\n<h4 class=\"wp-block-heading\"><em><strong>A las 20 hs de hoy 21\/9, el vino oficiar\u00e1 de anfitri\u00f3n para recibir al segundo episodio del ciclo \u00abPodcast en escena\u00bb, una iniciativa conjunta entre La Enoteca y el espacio cultural Casa Montenegro. En esta entrega, la periodista mendocina Patricia Slukich har\u00e1 foco en la obra y trayectoria de su colega, narradora y cr\u00edtica cultural, Mar\u00eda Moreno a trav\u00e9s de relatos, m\u00fasica, audiovisuales y ofrecer\u00e1 un breve homenaje a la artista pl\u00e1stica Marta Minuj\u00edn. El valor de las entradas es de $500 y se pueden adquirir en Evenbrite.<\/strong><\/em><\/h4>\n\n\n\n<div style=\"height:20px\" aria-hidden=\"true\" class=\"wp-block-spacer\"><\/div>\n\n\n<a href=\"https:\/\/enolife.com.ar\/es\/category\/vino\/\" aria-label=\"banner-el-vino-las-une\"><img loading=\"lazy\" decoding=\"async\" src=\"https:\/\/enolife.com.ar\/es\/wp-content\/uploads\/2021\/12\/banner-el-vino-las-une.gif\" alt=\"\"  width=\"1700\" height=\"500\"   \/><\/a>\n\n\n<div style=\"height:54px\" aria-hidden=\"true\" class=\"wp-block-spacer\"><\/div>\n\n\n\n<p><strong>Mar\u00eda Moreno<\/strong> es considerada una de las m\u00e1s grandes cronistas y ensayistas de habla hispana. Con una vasta producci\u00f3n de escritos relacionados con tem\u00e1ticas acerca de las mujeres tanto as\u00ed que en una entrevista con el Diario El Pa\u00eds de Espa\u00f1a se reconoci\u00f3 a ella misma como <em>\u00abPartera del feminismo argentino\u00bb<\/em>. Es actualmente es directora del\u00a0Museo del Libro y de la Lengua, anexo de la Biblioteca Nacional Argentina. Entre sus obras se encuentran El affair Skeffington, A tontas y a Locas, Vida de vivos, Banco a la sombra, Teor\u00eda de la noche, Subrayados.<\/p>\n\n\n\n<div style=\"height:20px\" aria-hidden=\"true\" class=\"wp-block-spacer\"><\/div>\n\n\n\n<div class=\"wp-block-image\"><figure class=\"alignleft size-large is-resized\"><img loading=\"lazy\" decoding=\"async\" src=\"https:\/\/enolife.com.ar\/es\/wp-content\/uploads\/2022\/09\/2020-06-03-162716-1024x768.jpg\" alt=\"\" class=\"wp-image-77073\" width=\"208\" height=\"156\" srcset=\"https:\/\/enolife.com.ar\/es\/wp-content\/uploads\/2022\/09\/2020-06-03-162716-1024x768.jpg 1024w, https:\/\/enolife.com.ar\/es\/wp-content\/uploads\/2022\/09\/2020-06-03-162716-300x225.jpg 300w, https:\/\/enolife.com.ar\/es\/wp-content\/uploads\/2022\/09\/2020-06-03-162716-768x576.jpg 768w, https:\/\/enolife.com.ar\/es\/wp-content\/uploads\/2022\/09\/2020-06-03-162716-585x439.jpg 585w, https:\/\/enolife.com.ar\/es\/wp-content\/uploads\/2022\/09\/2020-06-03-162716.jpg 1120w\" sizes=\"auto, (max-width: 208px) 100vw, 208px\" \/><figcaption><em><strong>Marta Minuj\u00edn<\/strong><\/em><\/figcaption><\/figure><\/div>\n\n\n\n<p>Tambi\u00e9n se realizar\u00e1 un breve homenaje a <strong>Marta Minuj\u00edn, artista pl\u00e1stica argentina<\/strong>.<\/p>\n\n\n\n<p>Conocida por sus obras vanguardistas de car\u00e1cter conceptual, pop, psicod\u00e9lico y de acci\u00f3n, que entran en la generaci\u00f3n baby boomer de los a\u00f1os 1960 y que revolucion\u00f3 las normas sociales preestablecidas y estableci\u00f3 una contracultura. <br><br>Ganadora de dos Premios Konex a las artes visuales, un Premio Vel\u00e1zquez en Espa\u00f1a, y muchos otros reconocimientos.<\/p>\n\n\n\n<div style=\"height:20px\" aria-hidden=\"true\" class=\"wp-block-spacer\"><\/div>\n\n\n\n<p>El podcast lleva a la escena -de la mano de la periodista cultural <strong>Patricia Slukich<\/strong>&#8211; relatos, m\u00fasica, audiovisuales que pintan a la autora, su tiempo, su producci\u00f3n y maridan esta experiencia con un vino especialmente elegido para la ocasi\u00f3n.<\/p>\n\n\n\n<p class=\"has-background has-very-light-gray-background-color\"><strong>Mi\u00e9rcoles 21\/9 a las 20 hs en La Enoteca, Peltier 611, Mendoza &#8211; Entradas <a href=\"https:\/\/www.eventbrite.com.ar\/e\/podcast-y-vino-en-escena-maria-moreno-tickets-416666820677?aff=erelexpmlt\">AQU\u00cd <\/a> (Valor $500)<\/strong><\/p>\n\n\n\n<div style=\"height:36px\" aria-hidden=\"true\" class=\"wp-block-spacer\"><\/div>\n","protected":false},"excerpt":{"rendered":"<p>A las 20 hs de hoy 21\/9, el vino oficiar\u00e1 de anfitri\u00f3n para recibir al&hellip;<\/p>\n","protected":false},"author":3,"featured_media":77072,"comment_status":"open","ping_status":"open","sticky":false,"template":"","format":"standard","meta":{"footnotes":""},"categories":[47],"tags":[],"class_list":["post-77061","post","type-post","status-publish","format-standard","has-post-thumbnail","hentry","category-agenda"],"_links":{"self":[{"href":"https:\/\/enolife.com.ar\/es\/wp-json\/wp\/v2\/posts\/77061","targetHints":{"allow":["GET"]}}],"collection":[{"href":"https:\/\/enolife.com.ar\/es\/wp-json\/wp\/v2\/posts"}],"about":[{"href":"https:\/\/enolife.com.ar\/es\/wp-json\/wp\/v2\/types\/post"}],"author":[{"embeddable":true,"href":"https:\/\/enolife.com.ar\/es\/wp-json\/wp\/v2\/users\/3"}],"replies":[{"embeddable":true,"href":"https:\/\/enolife.com.ar\/es\/wp-json\/wp\/v2\/comments?post=77061"}],"version-history":[{"count":0,"href":"https:\/\/enolife.com.ar\/es\/wp-json\/wp\/v2\/posts\/77061\/revisions"}],"wp:featuredmedia":[{"embeddable":true,"href":"https:\/\/enolife.com.ar\/es\/wp-json\/wp\/v2\/media\/77072"}],"wp:attachment":[{"href":"https:\/\/enolife.com.ar\/es\/wp-json\/wp\/v2\/media?parent=77061"}],"wp:term":[{"taxonomy":"category","embeddable":true,"href":"https:\/\/enolife.com.ar\/es\/wp-json\/wp\/v2\/categories?post=77061"},{"taxonomy":"post_tag","embeddable":true,"href":"https:\/\/enolife.com.ar\/es\/wp-json\/wp\/v2\/tags?post=77061"}],"curies":[{"name":"wp","href":"https:\/\/api.w.org\/{rel}","templated":true}]}}