{"id":76997,"date":"2022-09-21T15:29:44","date_gmt":"2022-09-21T15:29:44","guid":{"rendered":"http:\/\/enolife.com.ar\/es\/?p=76997"},"modified":"2022-09-23T16:20:21","modified_gmt":"2022-09-23T16:20:21","slug":"bonarda-todo-sobre-el-varietal-insignia-del-este-mendocino-en-un-simposio-el-5-y-6-10-en-san-martin","status":"publish","type":"post","link":"https:\/\/enolife.com.ar\/es\/bonarda-todo-sobre-el-varietal-insignia-del-este-mendocino-en-un-simposio-el-5-y-6-10-en-san-martin\/","title":{"rendered":"Bonarda: todo sobre el varietal insignia del Este mendocino, en un simposio el 5 y 6\/10 en San Mart\u00edn"},"content":{"rendered":"\n<h4 class=\"wp-block-heading\"><em><strong>Con el lema \u00abHacia el mundo, presente y futuro\u00bb, reconocidos en\u00f3logos, agr\u00f3nomos, bodegueros, y economistas y funcionarios p\u00fablicos brindar\u00e1n un panorama del segundo varietal con m\u00e1s hect\u00e1reas implantadas despu\u00e9s del malbec. Ser\u00e1 en el Centro de Congresos y Exposiciones de San Mart\u00edn, con organizaci\u00f3n del Plan Bonarda y el Instituto Nacional de Tecnolog\u00eda Agropecuaria (INTA). La asistencia a las conferencias es gratuita, previa inscripci\u00f3n v\u00eda internet.<\/strong><\/em><\/h4>\n\n\n\n<div style=\"height:35px\" aria-hidden=\"true\" class=\"wp-block-spacer\"><\/div>\n\n\n<a href=\"https:\/\/www.linkedin.com\/company\/agrinet-sa\/?originalSubdomain=ar\" aria-label=\"1700X500\"><img loading=\"lazy\" decoding=\"async\" src=\"https:\/\/enolife.com.ar\/es\/wp-content\/uploads\/2021\/11\/1700X500.gif\" alt=\"\"  width=\"1700\" height=\"500\"   \/><\/a>\n\n\n<div style=\"height:44px\" aria-hidden=\"true\" class=\"wp-block-spacer\"><\/div>\n\n\n\n<p>La <strong>Municipalidad de General San Mart\u00edn<\/strong> realizar\u00e1, los pr\u00f3ximos d\u00edas mi\u00e9rcoles 5 y jueves 6 de octubre, el <strong>Primer Simposio Bonarda<\/strong>. El mismo lleva por nombre <strong>\u00abHacia el mundo, presente y futuro\u00bb<\/strong> y contar\u00e1 con la presencia de destacados actores de la cadena vitivin\u00edcola del pa\u00eds. El encuentro est\u00e1 organizado por el <strong>Plan Bonarda<\/strong> y el <strong>INTA<\/strong>, mientras que colaboran como auspiciantes <strong>Cambio Rural<\/strong>, la <strong>Coviar<\/strong> y <strong>Centros de Desarrollos Vit\u00edcolas.<\/strong> Ser\u00e1 una buena oportunidad de aprender y dialogar sobre este varietal, t\u00edpico de la zona Este de Mendoza, segundo m\u00e1s implantado en Argentina despu\u00e9s del malbec. <\/p>\n\n\n\n<p>Las actividades se desarrollar\u00e1n durante dos jornadas consecutivas, de 16 a 21 horas. El escenario elegido ser\u00e1 el <strong>Centro de Congresos y Exposiciones Francisco<\/strong>, en el <strong>Parque Agnesi<\/strong>, de la <strong>Ciudad de San Mart\u00edn<\/strong>. Abarcar\u00e1n numerosas tem\u00e1ticas relacionadas con el varietal y, seg\u00fan manifestaron los organizadores, \u00abdar\u00e1n pie para el desarrollo de acciones superadoras que sigan el camino de crecimiento del bonarda\u00bb. <\/p>\n\n\n\n<div style=\"height:20px\" aria-hidden=\"true\" class=\"wp-block-spacer\"><\/div>\n\n\n\n<div class=\"wp-block-image\"><figure class=\"alignleft size-large is-resized\"><img loading=\"lazy\" decoding=\"async\" src=\"https:\/\/enolife.com.ar\/es\/wp-content\/uploads\/2022\/09\/18da7e23-317a-472a-bc07-67a2e9a9cfe7-1024x1024.jpg\" alt=\"\" class=\"wp-image-76999\" width=\"294\" height=\"294\" srcset=\"https:\/\/enolife.com.ar\/es\/wp-content\/uploads\/2022\/09\/18da7e23-317a-472a-bc07-67a2e9a9cfe7-1024x1024.jpg 1024w, https:\/\/enolife.com.ar\/es\/wp-content\/uploads\/2022\/09\/18da7e23-317a-472a-bc07-67a2e9a9cfe7-300x300.jpg 300w, https:\/\/enolife.com.ar\/es\/wp-content\/uploads\/2022\/09\/18da7e23-317a-472a-bc07-67a2e9a9cfe7-150x150.jpg 150w, https:\/\/enolife.com.ar\/es\/wp-content\/uploads\/2022\/09\/18da7e23-317a-472a-bc07-67a2e9a9cfe7-768x768.jpg 768w, https:\/\/enolife.com.ar\/es\/wp-content\/uploads\/2022\/09\/18da7e23-317a-472a-bc07-67a2e9a9cfe7-585x585.jpg 585w, https:\/\/enolife.com.ar\/es\/wp-content\/uploads\/2022\/09\/18da7e23-317a-472a-bc07-67a2e9a9cfe7.jpg 1080w\" sizes=\"auto, (max-width: 294px) 100vw, 294px\" \/><\/figure><\/div>\n\n\n\n<p>Abrir\u00e1 el primer d\u00eda de Simposio el en\u00f3logo, investigador y escritor <strong>Roberto Gonz\u00e1lez<\/strong>, quien desarrollar\u00e1 el hilo hist\u00f3rico del varietal.<br>Seguir\u00e1 <strong>Daiana Mateo<\/strong>, ingeniera agr\u00f3noma, quien disertar\u00e1 sobre <strong>riego eficiente en el vi\u00f1edo<\/strong>. <br><strong>Fernando Barcia<\/strong>, ingeniero agr\u00f3nomo, explicar\u00e1 a los presentes sobre <strong>sistemas de conducci\u00f3n mecanizados en vid<\/strong>. <br>Luego ser\u00e1 el turno de la ingeniera agr\u00f3noma <strong>Romina Molina<\/strong>, encargada de ofrecer una charla sobre <strong>agricultura de precisi\u00f3n en vid: uso de im\u00e1genes satelitales para la toma de decisiones.<\/strong><br>Por \u00faltimo, cerrando la jornada de mi\u00e9rcoles, el en\u00f3logo <strong>Hugo Zamora<\/strong> compartir\u00e1 con todos los asistentes sus experiencias y abordar\u00e1 consultas bajo la tem\u00e1tica de <strong>t\u00e9cnicas de precisi\u00f3n<\/strong>.<\/p>\n\n\n\n<div style=\"height:20px\" aria-hidden=\"true\" class=\"wp-block-spacer\"><\/div>\n\n\n\n<p>Cabe mencionar que desde la Municipalidad de San Mart\u00edn se implementa una pol\u00edtica de Estado de promoci\u00f3n del varietal bonarda. De esta manera, se colabora con una actividad econ\u00f3mica importante para el crecimiento de la regi\u00f3n Este de Mendoza.<\/p>\n\n\n\n<div style=\"height:20px\" aria-hidden=\"true\" class=\"wp-block-spacer\"><\/div>\n\n\n\n<div class=\"wp-block-image\"><figure class=\"alignleft size-large is-resized\"><img loading=\"lazy\" decoding=\"async\" src=\"https:\/\/enolife.com.ar\/es\/wp-content\/uploads\/2022\/09\/5edbfdb5-1b48-4980-82fd-f4bc6b7ad04e-1024x1024.jpg\" alt=\"\" class=\"wp-image-76998\" width=\"292\" height=\"292\" srcset=\"https:\/\/enolife.com.ar\/es\/wp-content\/uploads\/2022\/09\/5edbfdb5-1b48-4980-82fd-f4bc6b7ad04e-1024x1024.jpg 1024w, https:\/\/enolife.com.ar\/es\/wp-content\/uploads\/2022\/09\/5edbfdb5-1b48-4980-82fd-f4bc6b7ad04e-300x300.jpg 300w, https:\/\/enolife.com.ar\/es\/wp-content\/uploads\/2022\/09\/5edbfdb5-1b48-4980-82fd-f4bc6b7ad04e-150x150.jpg 150w, https:\/\/enolife.com.ar\/es\/wp-content\/uploads\/2022\/09\/5edbfdb5-1b48-4980-82fd-f4bc6b7ad04e-768x768.jpg 768w, https:\/\/enolife.com.ar\/es\/wp-content\/uploads\/2022\/09\/5edbfdb5-1b48-4980-82fd-f4bc6b7ad04e-585x585.jpg 585w, https:\/\/enolife.com.ar\/es\/wp-content\/uploads\/2022\/09\/5edbfdb5-1b48-4980-82fd-f4bc6b7ad04e.jpg 1080w\" sizes=\"auto, (max-width: 292px) 100vw, 292px\" \/><\/figure><\/div>\n\n\n\n<p>La segunda jornada se iniciar\u00e1 con la tem\u00e1tica <strong>\u00abCooperativismo y Bonarda\u00bb<\/strong>. El disertante ser\u00e1 el ingeniero <strong>Marcelo Federici.<\/strong> <br>Luego, el economista <strong>Ra\u00fal Novello<\/strong> desarrollar\u00e1 la tem\u00e1tica de <strong>comparaci\u00f3n de costos en diferentes sistemas de productivos en vid<\/strong>. <br>El empresario bodeguero <strong>Carlos Crotta<\/strong> dar\u00e1 su visi\u00f3n sobre <strong>mercado y consumo interno del bonarda<\/strong>. <br><strong>Luis Mantegini<\/strong> y el chef <strong>Diego Gonz\u00e1lez<\/strong> se referir\u00e1n al turismo y el maridaje.<br>Cerrar\u00e1n el ciclo de exposiciones del contador <strong>Mario L\u00e1zzaro<\/strong> , gerente de <strong>Pro Mendoza<\/strong> y el economista <strong>Alfredo Aciar<\/strong> del <strong>Banco de Vinos<\/strong>, quienes dar\u00e1n un contexto te\u00f3rico sobre el <strong>consumo, comercio exterior y Banco de Vinos.<\/strong><\/p>\n\n\n\n<div style=\"height:20px\" aria-hidden=\"true\" class=\"wp-block-spacer\"><\/div>\n\n\n\n<p>Sobre los objetivos del Simposio, <strong>Daniel Llaver<\/strong>, responsable del Plan Bonarda, manifest\u00f3: <em>\u00abNuestro prop\u00f3sito es facilitar a productores, a peque\u00f1os y grandes bodegueros la posibilidad de desarrollar de la mejor manera este varietal, que nos identifica, y para ello queremos tambi\u00e9n acompa\u00f1ar a todos los productores y elaboradores en la venta y la exportaci\u00f3n que es el \u00faltimo eslab\u00f3n en esta cadena pero tambi\u00e9n uno de los m\u00e1s importantes\u00bb<\/em>.<\/p>\n\n\n\n<div style=\"height:20px\" aria-hidden=\"true\" class=\"wp-block-spacer\"><\/div>\n\n\n\n<p class=\"has-background has-very-light-gray-background-color\"><strong>Todos los asistentes podr\u00e1n participar de manera gratuita, previa inscripci\u00f3n <a href=\"https:\/\/www.eventbrite.com.ar\/e\/simposio-bonarda-hacia-el-mundo-presente-y-futuro-tickets-416684142487?aff=ebdssbdestsearch&amp;__hstc=28268771.bbdda550011577bf663616712dc37ef0.1662751611403.1662751611403.1663773980654.2&amp;__hsfp=1741049751&amp;__hssc=28268771.1.1663773980654&amp;keep_tld=1\">AQU\u00cd <\/a><\/strong><\/p>\n\n\n\n<div style=\"height:20px\" aria-hidden=\"true\" class=\"wp-block-spacer\"><\/div>\n","protected":false},"excerpt":{"rendered":"<p>Con el lema \u00abHacia el mundo, presente y futuro\u00bb, reconocidos en\u00f3logos, agr\u00f3nomos, bodegueros, y economistas&hellip;<\/p>\n","protected":false},"author":3,"featured_media":77043,"comment_status":"open","ping_status":"open","sticky":false,"template":"","format":"standard","meta":{"footnotes":""},"categories":[47],"tags":[],"class_list":["post-76997","post","type-post","status-publish","format-standard","has-post-thumbnail","hentry","category-agenda"],"_links":{"self":[{"href":"https:\/\/enolife.com.ar\/es\/wp-json\/wp\/v2\/posts\/76997","targetHints":{"allow":["GET"]}}],"collection":[{"href":"https:\/\/enolife.com.ar\/es\/wp-json\/wp\/v2\/posts"}],"about":[{"href":"https:\/\/enolife.com.ar\/es\/wp-json\/wp\/v2\/types\/post"}],"author":[{"embeddable":true,"href":"https:\/\/enolife.com.ar\/es\/wp-json\/wp\/v2\/users\/3"}],"replies":[{"embeddable":true,"href":"https:\/\/enolife.com.ar\/es\/wp-json\/wp\/v2\/comments?post=76997"}],"version-history":[{"count":0,"href":"https:\/\/enolife.com.ar\/es\/wp-json\/wp\/v2\/posts\/76997\/revisions"}],"wp:featuredmedia":[{"embeddable":true,"href":"https:\/\/enolife.com.ar\/es\/wp-json\/wp\/v2\/media\/77043"}],"wp:attachment":[{"href":"https:\/\/enolife.com.ar\/es\/wp-json\/wp\/v2\/media?parent=76997"}],"wp:term":[{"taxonomy":"category","embeddable":true,"href":"https:\/\/enolife.com.ar\/es\/wp-json\/wp\/v2\/categories?post=76997"},{"taxonomy":"post_tag","embeddable":true,"href":"https:\/\/enolife.com.ar\/es\/wp-json\/wp\/v2\/tags?post=76997"}],"curies":[{"name":"wp","href":"https:\/\/api.w.org\/{rel}","templated":true}]}}