{"id":7692,"date":"2020-02-13T19:36:18","date_gmt":"2020-02-13T19:36:18","guid":{"rendered":"http:\/\/enolife.com.ar\/es\/?p=7692"},"modified":"2020-02-15T15:34:29","modified_gmt":"2020-02-15T15:34:29","slug":"el-tunuyanino-martin-hinojosa-ya-asumio-como-director-del-inv","status":"publish","type":"post","link":"https:\/\/enolife.com.ar\/es\/el-tunuyanino-martin-hinojosa-ya-asumio-como-director-del-inv\/","title":{"rendered":"El tunuyanino Mart\u00edn Hinojosa ya asumi\u00f3 como presidente del INV"},"content":{"rendered":"\n<h4 class=\"wp-block-heading\"><em><strong>Era una fija. Lo fogone\u00f3 para el cargo la senadora nacional mendocina Anabel Fern\u00e1ndez Sagasti. El ministro de Agricultura de la Naci\u00f3n, Luis Basterra, y el propio presidente Alberto Fern\u00e1ndez hab\u00edan dado su visto bueno hace dos meses. S\u00f3lo faltaba la designaci\u00f3n formal. Y hoy jueves 13\/2 se public\u00f3 el decreto en el Bolet\u00edn Oficial. El joven contador y bodeguero peronista sucede al platense Carlos Tizio Mayer y estar\u00e1 secundado por el sanjuanino Hugo Carmona como vicepresidente.<\/strong><\/em><strong><em> <\/em><\/strong><\/h4>\n\n\n\n<div style=\"height:24px\" aria-hidden=\"true\" class=\"wp-block-spacer\"><\/div>\n\n\n\n<p>El bodeguero y ex funcionario del ex gobernador mendocino Francisco \u00abPaco\u00bb P\u00e9rez fue nombrado oficialmente hoy a trav\u00e9s del Bolet\u00edn Oficial. El tunuyanino fue mano derecha del intendente Mart\u00edn Aveiro hasta diciembre del a\u00f1o pasado.<\/p>\n\n\n\n<p>As\u00ed, tal como lo hab\u00eda adelantado Enolife en una nota del 17 de enero pasado, Mart\u00edn Hinojosa (45) es formalmente el presidente del Instituto Nacional de Vitivinicultura (INV). El funcionario, de 45 a\u00f1os,&nbsp;ocupaba el cargo de secretario de Gobierno del intendente de Tunuy\u00e1n Mart\u00edn Aveiro. Seg\u00fan diario <strong>UNO<\/strong> de Mendoza, fue justamente Aveiro quien&nbsp;habr\u00eda propuesto al que fuera secretario de Industria de Francisco \u00abPaco\u00bb&nbsp;P\u00e9rez a la senadora nacional Fern\u00e1ndez Sagasti, para que \u00e9sta lo recomendara directamente en la esfera nacional..<\/p>\n\n\n\n<p>Hinojosa&nbsp;remplazar\u00e1 al platense Carlos Tizio Mayer, que hab\u00eda asumido el cargo en enero de 2016, pr\u00e1cticamente desde el inicio de la gesti\u00f3n de Mauricio Macri y que se encontraba en una suerte de cargo interino, hasta tanto se definiera al nuevo director.<\/p>\n\n\n\n<p>El tunuyanino designado en el INV es productor vit\u00edcola y&nbsp;bodeguero y desde hace a\u00f1os se mueve&nbsp;en el terreno de la&nbsp;pol\u00edtica. Si bien el puesto m\u00e1s alto que tuvo fue el de secretario de Industria, que ejerci\u00f3 hasta el 2015 cuando termin\u00f3 la gesti\u00f3n de P\u00e9rez, el hecho de alejarse del cargo no lo alej\u00f3 de la pol\u00edtica. Es que mientras segu\u00eda vinculado desde la industria vitiv\u00ednicola y su propia empresa familiar, trabaj\u00f3, hasta diciembre del a\u00f1o pasado con Aveiro, como su secretario de Gobierno.<\/p>\n\n\n\n<div style=\"height:20px\" aria-hidden=\"true\" class=\"wp-block-spacer\"><\/div>\n\n\n\n<p class=\"has-background has-luminous-vivid-amber-background-color\"><strong> Ver nota de Enolife del 17\/1\/2020:  <a href=\"https:\/\/enolife.com.ar\/es\/el-tunuyanino-martin-hinojosa-es-el-nuevo-titular-del-instituto-nacional-de-vitivinicultura\/\">https:\/\/enolife.com.ar\/es\/el-tunuyanino-martin-hinojosa-es-el-nuevo-titular-del-instituto-nacional-de-vitivinicultura\/<\/a> <\/strong><\/p>\n\n\n\n<div style=\"height:28px\" aria-hidden=\"true\" class=\"wp-block-spacer\"><\/div>\n\n\n\n<p class=\"has-medium-font-size\"><strong>Decreto 142\/2020<\/strong>:  <\/p>\n\n\n\n<h6 class=\"wp-block-heading\">DCTO-2020-142-APN-PTE &#8211; Designaciones.<\/h6>\n\n\n\n<p class=\"has-background has-very-light-gray-background-color\">Ciudad de Buenos Aires, 12\/02\/2020<br><br>VISTO y CONSIDERANDO el art\u00edculo 99 inciso 7 de la CONSTITUCI\u00d3N NACIONAL y el art\u00edculo 1\u00b0 del Decreto N\u00b0&nbsp;1279 de fecha 23 de mayo de 2003.<br><br>Por ello,<br><strong>EL&nbsp;PRESIDENTE DE&nbsp;LA&nbsp;NACI\u00d3N ARGENTINA<br><br>DECRETA:<\/strong><br><br>ART\u00cdCULO 1\u00b0.- D\u00e1se por aceptada, a partir del 10 de enero de 2020, la renuncia presentada por el Ingeniero Agr\u00f3nomo Carlos Ra\u00fal TIZIO MAYER (D.N.I. N\u00b0&nbsp;8.011.093) al cargo de Presidente del INSTITUTO NACIONAL DE VITIVINICULTURA, organismo descentralizado en la \u00f3rbita del MINISTERIO DE AGRICULTURA, GANADER\u00cdA Y PESCA.<br><br>ART\u00cdCULO 2\u00b0.- <strong>D\u00e1se por designado, a partir del 10 de enero de 2020, al Contador P\u00fablico Nacional y Perito Partidor Martin Silvestre HINOJOSA<\/strong> (D.N.I. N\u00b0&nbsp;23.882.366) e<strong>n el cargo de Presidente del INSTITUTO NACIONAL DE VITIVINICULTURA<\/strong>, organismo descentralizado en la \u00f3rbita del MINISTERIO DE AGRICULTURA, GANADER\u00cdA Y PESCA.<br><br>ART\u00cdCULO 3\u00b0.- <strong>D\u00e1se por designado, a partir del 10 de enero de 2020, al Ingeniero Agr\u00f3nomo Hugo Daniel CARMONA TORRES <\/strong>(D.N.I. N\u00ba&nbsp;14.474.724)<strong> en el cargo de Vicepresidente del INSTITUTO <\/strong>NACIONAL DE VITIVINICULTURA, organismo descentralizado en la \u00f3rbita del MINISTERIO DE AGRICULTURA, GANADER\u00cdA Y PESCA.<br><br>ART\u00cdCULO 4\u00ba.- Comun\u00edquese, publ\u00edquese, d\u00e9se a la DIRECCI\u00d3N NACIONAL DEL REGISTRO OFICIAL y arch\u00edvese. FERN\u00c1NDEZ &#8211; Santiago Andr\u00e9s Cafiero &#8211; Luis Eugenio Basterra<br><br>e. 13\/02\/2020 N\u00b0&nbsp;7255\/20 v. 13\/02\/2020<\/p>\n\n\n\n<div style=\"height:22px\" aria-hidden=\"true\" class=\"wp-block-spacer\"><\/div>\n\n\n\n<p class=\"has-background has-normal-font-size has-luminous-vivid-amber-background-color\"><strong>Ver decreto on line: <a href=\"https:\/\/www.boletinoficial.gob.ar\/detalleAviso\/primera\/225427\/20200213\">https:\/\/www.boletinoficial.gob.ar\/detalleAviso\/primera\/225427\/20200213<\/a> <\/strong><\/p>\n\n\n\n<div style=\"height:37px\" aria-hidden=\"true\" class=\"wp-block-spacer\"><\/div>\n\n\n\n<p class=\"has-medium-font-size\"><strong>El ingeniero agr\u00f3nomo Hugo Carmona, vicepresidente<\/strong><\/p>\n\n\n\n<div style=\"height:20px\" aria-hidden=\"true\" class=\"wp-block-spacer\"><\/div>\n\n\n\n<div class=\"wp-block-image\"><figure class=\"alignleft is-resized\"><img loading=\"lazy\" decoding=\"async\" src=\"https:\/\/www.telesoldiario.com\/wp-content\/uploads\/2020\/02\/hugo-696x697.jpg\" alt=\"Resultado de imagen para hugo carmona inv\" width=\"314\" height=\"313\"\/><figcaption><em><strong>Hugo Carmona Torres, vicepresidente del INV<\/strong><\/em>.<\/figcaption><\/figure><\/div>\n\n\n\n<p>En el mismo decreto publicado en el Bolet\u00edn Oficial se conoci\u00f3 que finalmente Hugo Carmona Torres fue designado como vicepresidente del Instituto Nacional de Vitivinicultura. El ingeniero agr\u00f3nomo de 58 a\u00f1os es uno de los \u00abhist\u00f3ricos\u00bb de la delegaci\u00f3n local del organismo rector del vino, donde trabaja como inspector desde 1989, y es el encargado de hacer las estimaciones de cosecha en la provincia. Confeso peronista, el profesional tambi\u00e9n tiene una nutrida trayectoria como periodista, siendo una de las principales \u00abplumas\u00bb del Suplemento Verde en Diario de Cuyo de San Juan. Fue planteado ante el ministro de Agricultura, Luis Basterra por el gobernador de San Juan, Sergio U\u00f1ac y por su ministro de Producci\u00f3n, Andr\u00e9s D\u00edaz Cano.<\/p>\n\n\n\n<div style=\"height:20px\" aria-hidden=\"true\" class=\"wp-block-spacer\"><\/div>\n\n\n\n<p class=\"has-medium-font-size\"><strong>El perfil del sanjuanino<\/strong><\/p>\n\n\n\n<div style=\"height:20px\" aria-hidden=\"true\" class=\"wp-block-spacer\"><\/div>\n\n\n\n<p>Carmona se recibi\u00f3 de ingeniero agr\u00f3nomo en 1988 en la Facultad de Ciencias Agrarias, en la Universidad Nacional de Cuyo, Mendoza. Actualmente all\u00ed est\u00e1 por culminar un curso de postgrado en Especializaci\u00f3n en Viticultura.<\/p>\n\n\n\n<p>Desde 1989 hasta la actualidad trabaja como inspector t\u00e9cnico profesional, en el INV de San Juan, donde act\u00faa en la inspecci\u00f3n de vi\u00f1edos, bodegas, destiler\u00edas, secaderos de pasas, viveros y packing de uva en fresco, adem\u00e1s de realizar pron\u00f3sticos de cosecha. Es representante del INV ante el Centro de Desarrollo Vit\u00edcola (Coviar) y responsable en San Juan ante la OIV. <\/p>\n\n\n\n<p>Como periodista agropecuario es editor de Suplemento Verde, en <strong>Diario de Cuyo<\/strong>, e integra la Asociaci\u00f3n Mundial de Periodistas y Escritores del Vino.<\/p>\n\n\n\n<div style=\"height:20px\" aria-hidden=\"true\" class=\"wp-block-spacer\"><\/div>\n\n\n\n<p class=\"has-background has-very-light-gray-background-color\"><strong>Notas firmadas por \u00e9l: <a href=\"https:\/\/www.diariodecuyo.com.ar\/staff\/hcarmona\">https:\/\/www.diariodecuyo.com.ar\/staff\/hcarmona<\/a><\/strong><\/p>\n\n\n\n<div style=\"height:20px\" aria-hidden=\"true\" class=\"wp-block-spacer\"><\/div>\n\n\n\n<div style=\"height:20px\" aria-hidden=\"true\" class=\"wp-block-spacer\"><\/div>\n\n\n\n<p class=\"has-small-font-size\"><em><strong>Fuentes: Unidiversidad, Diario de Cuyo de San Juan y diaro UNO de Mendoza<\/strong><\/em><\/p>\n","protected":false},"excerpt":{"rendered":"<p>Era una fija. Lo fogone\u00f3 para el cargo la senadora nacional mendocina Anabel Fern\u00e1ndez Sagasti.&hellip;<\/p>\n","protected":false},"author":3,"featured_media":7717,"comment_status":"open","ping_status":"open","sticky":false,"template":"","format":"standard","meta":{"footnotes":""},"categories":[14],"tags":[],"class_list":["post-7692","post","type-post","status-publish","format-standard","has-post-thumbnail","hentry","category-news"],"_links":{"self":[{"href":"https:\/\/enolife.com.ar\/es\/wp-json\/wp\/v2\/posts\/7692","targetHints":{"allow":["GET"]}}],"collection":[{"href":"https:\/\/enolife.com.ar\/es\/wp-json\/wp\/v2\/posts"}],"about":[{"href":"https:\/\/enolife.com.ar\/es\/wp-json\/wp\/v2\/types\/post"}],"author":[{"embeddable":true,"href":"https:\/\/enolife.com.ar\/es\/wp-json\/wp\/v2\/users\/3"}],"replies":[{"embeddable":true,"href":"https:\/\/enolife.com.ar\/es\/wp-json\/wp\/v2\/comments?post=7692"}],"version-history":[{"count":0,"href":"https:\/\/enolife.com.ar\/es\/wp-json\/wp\/v2\/posts\/7692\/revisions"}],"wp:featuredmedia":[{"embeddable":true,"href":"https:\/\/enolife.com.ar\/es\/wp-json\/wp\/v2\/media\/7717"}],"wp:attachment":[{"href":"https:\/\/enolife.com.ar\/es\/wp-json\/wp\/v2\/media?parent=7692"}],"wp:term":[{"taxonomy":"category","embeddable":true,"href":"https:\/\/enolife.com.ar\/es\/wp-json\/wp\/v2\/categories?post=7692"},{"taxonomy":"post_tag","embeddable":true,"href":"https:\/\/enolife.com.ar\/es\/wp-json\/wp\/v2\/tags?post=7692"}],"curies":[{"name":"wp","href":"https:\/\/api.w.org\/{rel}","templated":true}]}}