{"id":76885,"date":"2022-09-21T00:26:45","date_gmt":"2022-09-21T00:26:45","guid":{"rendered":"http:\/\/enolife.com.ar\/es\/?p=76885"},"modified":"2022-09-23T02:02:33","modified_gmt":"2022-09-23T02:02:33","slug":"las-ferias-prowine-arrancan-en-san-pablo-y-cierran-en-dusseldorf-con-6-000-expositores-de-60-paises","status":"publish","type":"post","link":"https:\/\/enolife.com.ar\/es\/las-ferias-prowine-arrancan-en-san-pablo-y-cierran-en-dusseldorf-con-6-000-expositores-de-60-paises\/","title":{"rendered":"Las ferias ProWine arrancan en San Pablo y cierran en D\u00fcsseldorf con 6.000 expositores de 60 pa\u00edses"},"content":{"rendered":"\n<h4 class=\"wp-block-heading\"><em><strong>Del 19\/3 al 21\/3 de 2023 se realizar\u00e1 la 28\u00b0 Feria Prowein Messe D\u00fcsseldorf, en Alemania. Pero antes, como parte de un calendario prefijado a trav\u00e9s del mundo, tendr\u00e1n lugar las ferias ProWine de San Pablo, Brasil (del 27 al 29\/9\/22); Bombay, India (del 17 al 18\/10\/22) y Shangai, China (del 8 al 10\/11\/22). En estas ferias internacionales de vinos y bebidas espirituosas convergen profesionales de la vitivinicultura y la gastronom\u00eda con importadores y distribuidores. Desde la organizaci\u00f3n detallaron que ya se han registrado para el cierre en D\u00fcsseldorf 6.000 empresas de 60 pa\u00edses, que presentar\u00e1n su oferta en los 13 pabellones del recinto ferial. <\/strong><\/em><\/h4>\n\n\n\n<div style=\"height:20px\" aria-hidden=\"true\" class=\"wp-block-spacer\"><\/div>\n\n\n<a href=\"https:\/\/www.lallemandwine.com\/es\/south-america\/\" aria-label=\"Lallemand_1700X500 (002)\"><img loading=\"lazy\" decoding=\"async\" src=\"https:\/\/enolife.com.ar\/es\/wp-content\/uploads\/2021\/06\/Lallemand_1700X500-002.jpg\" alt=\"\"  srcset=\"https:\/\/enolife.com.ar\/es\/wp-content\/uploads\/2021\/06\/Lallemand_1700X500-002.jpg 1700w, https:\/\/enolife.com.ar\/es\/wp-content\/uploads\/2021\/06\/Lallemand_1700X500-002-300x88.jpg 300w, https:\/\/enolife.com.ar\/es\/wp-content\/uploads\/2021\/06\/Lallemand_1700X500-002-1024x301.jpg 1024w, https:\/\/enolife.com.ar\/es\/wp-content\/uploads\/2021\/06\/Lallemand_1700X500-002-768x226.jpg 768w, https:\/\/enolife.com.ar\/es\/wp-content\/uploads\/2021\/06\/Lallemand_1700X500-002-1536x452.jpg 1536w, https:\/\/enolife.com.ar\/es\/wp-content\/uploads\/2021\/06\/Lallemand_1700X500-002-1170x344.jpg 1170w, https:\/\/enolife.com.ar\/es\/wp-content\/uploads\/2021\/06\/Lallemand_1700X500-002-585x172.jpg 585w\" sizes=\"auto, (max-width: 1700px) 100vw, 1700px\" width=\"1700\" height=\"500\"   \/><\/a>\n\n\n<div style=\"height:35px\" aria-hidden=\"true\" class=\"wp-block-spacer\"><\/div>\n\n\n\n<p>La primera Prowein de D\u00fcsseldorf, Alemania, se llev\u00f3 a cabo en 1994. Desde entonces, 90.000 visitantes de todo el mundo pasaron por esta feria internacional de vinos, licores y bebidas artesanales. Motivados por el \u00e9xito de convocatoria, sus organizadores ampliaron el espectro sumando fechas en nuevas regiones fuera de los mercados tradicionales. As\u00ed, en la actualidad Prowein tambi\u00e9n se realiza en Shanghai, Singapur, Hong Kong, San Pablo, Bombay y, a partir de 2024, se har\u00e1 en Tokio.<\/p>\n\n\n\n<p>El calendario 2022 de <strong>Prowein<\/strong> a\u00fan est\u00e1 abierto con las ferias que se avecinan en <strong>San Pablo<\/strong> del 27 al 29\/9, <strong>Bombay <\/strong>del 17 al 18\/10 y <strong>Shanghai <\/strong>del 8 al 10\/11. Para 2023, adem\u00e1s de <strong>D\u00fcsseldorf <\/strong>en marzo, tendr\u00e1 lugar la ProWine <strong>Hong Kong<\/strong> del 10 al 12 de mayo.<\/p>\n\n\n\n<p>Al respecto, <strong>Michael Degen<\/strong>, director de la empresa organizadora<strong> Messe D\u00fcsseldorf<\/strong> indic\u00f3: \u00ab<em>ProWein se diferencia, sobre todo, por su marcado car\u00e1cter internacional, tanto en el lado de la demanda como de la oferta\u00bb. <\/em>Y agreg\u00f3; \u00ab<em>El espectro internacional de productos en ProWein es incomparable y ofrece a los profesionales del comercio minorista de alimentos, el comercio especializado, la gastronom\u00eda y el catering una&nbsp;posibilidad \u00fanica para informarse a fondo, detectar nuevas tendencias y hacer pedidos\u00bb<\/em>.<\/p>\n\n\n\n<p>Para la cita en Alemania en marzo de 2023, ya est\u00e1 cerrado el plazo de inscripci\u00f3n para expositores. Desde la organizaci\u00f3n aseguraron que estar\u00e1n presentes unas 6.000 empresas de 60 pa\u00edses. Y adelantaron:&nbsp;<em>\u00abLas entrevistas de posicionamiento con los diferentes viticultores, participaciones colectivas, importadores y exportadores, as\u00ed como proveedores de licores est\u00e1n en plena marcha<\/em>\u00ab. <\/p>\n\n\n\n<p>Para el caso de la vitivinicultura, pr\u00e1cticamente todos los pa\u00edses productores estar\u00e1n representados en ProWein en marzo de 2023. <strong>Australia, Nueva Zelanda y Sud\u00e1frica<\/strong>, que no estuvieron presentes en la edici\u00f3n de este a\u00f1o, se volver\u00e1n a presentar. Tambi\u00e9n estar\u00e1n presentes <strong>Argentina, Chile, China y EEUU<\/strong> y los pa\u00edses vitivin\u00edcolas europeos, <strong>Alemania, Francia, Grecia, Italia, Austria, Portugal, Suiza, Espa\u00f1a, Hungr\u00eda<\/strong> y muchos otros pa\u00edses de <strong>Europa del Este<\/strong>, como por ejemplo <strong>Georgia<\/strong>.<\/p>\n\n\n\n<div style=\"height:20px\" aria-hidden=\"true\" class=\"wp-block-spacer\"><\/div>\n\n\n\n<div class=\"wp-block-image\"><figure class=\"aligncenter is-resized\"><img loading=\"lazy\" decoding=\"async\" src=\"https:\/\/media.ambito.com\/p\/2bacbbb702beffad2f7822968a1f1666\/adjuntos\/239\/imagenes\/039\/845\/0039845444\/730x0\/smart\/wines-of-argentina.jpg\" alt=\"Wines of Argentina vuelve a decir presente en ProWein D\u00fcsseldorf\" width=\"567\" height=\"377\"\/><figcaption><em><strong>El stand de Wines of Argentina en Prowein D\u00fcsseldorf 2022.<\/strong><\/em><\/figcaption><\/figure><\/div>\n\n\n\n<div style=\"height:20px\" aria-hidden=\"true\" class=\"wp-block-spacer\"><\/div>\n\n\n\n<p class=\"has-medium-font-size\"><strong>Sectores y productos<\/strong><\/p>\n\n\n\n<p class=\"has-background has-very-light-gray-background-color\"><strong>Sectores de la oferta<\/strong><\/p>\n\n\n\n<ul class=\"wp-block-list\"><li>Comercio al por menor<\/li><li>Comercio exterior y al por mayor<\/li><li>Gastronom\u00eda<\/li><li>Hosteler\u00eda<\/li><\/ul>\n\n\n\n<p class=\"has-background has-very-light-gray-background-color\"><strong>Perfil de productos<\/strong><\/p>\n\n\n\n<ul class=\"wp-block-list\"><li>Vinos (por denominaciones de origen)<\/li><li>Vinos espumosos<\/li><li>Licores y bebidas espirituosas<\/li><li>Agua mineral<\/li><li>Accesorios para la comercializaci\u00f3n en tiendas al por menor y de gastronom\u00eda<\/li><li>IT para el sector minorista y gastronom\u00eda<\/li><li>Servicios<\/li><\/ul>\n\n\n\n<p class=\"has-background has-very-light-gray-background-color\"><strong>Tendencia artesanal<\/strong><\/p>\n\n\n\n<p>En el pabell\u00f3n 7, pleno coraz\u00f3n de la feria, se realizar\u00e1 la <strong>muestra de tendencias \u00abSame but different\u00bb<\/strong> (\u00abigual pero diferente\u00bb), una nueva instalaci\u00f3n en la que a\u00fan hay posibilidades de participar. En 2022, se presentaron 120 empresas de bebidas espirituosas, cervezas y sidras artesanales. Inscripciones <a href=\"http:\/\/same-but-different.\">AQU\u00cd<\/a>.<\/p>\n\n\n\n<div style=\"height:20px\" aria-hidden=\"true\" class=\"wp-block-spacer\"><\/div>\n\n\n\n<div class=\"wp-block-image\"><figure class=\"aligncenter is-resized\"><img loading=\"lazy\" decoding=\"async\" src=\"https:\/\/www.messedusseldorf.es\/wp-content\/uploads\/2017\/09\/ProWein17_SameButDifferent.jpeg\" alt=\"same but different\u00bb cerveza, licores y sidra artesana en la ProWein\" width=\"521\" height=\"388\"\/><figcaption><em><strong>El sector \u00abSame but different\u00bb en 2022<\/strong><\/em>.<\/figcaption><\/figure><\/div>\n\n\n\n<div style=\"height:20px\" aria-hidden=\"true\" class=\"wp-block-spacer\"><\/div>\n\n\n\n<p class=\"has-background has-very-light-gray-background-color\"><strong>La base de datos de expositores estar\u00e1 online a partir del 19 de octubre en&nbsp;<a href=\"http:\/\/www.prowein.com.\/\" target=\"_blank\" rel=\"noreferrer noopener\">www.prowein.com<\/a><a href=\"http:\/\/www.prowein.com.\/\">.<\/a><\/strong><\/p>\n\n\n\n<div style=\"height:38px\" aria-hidden=\"true\" class=\"wp-block-spacer\"><\/div>\n","protected":false},"excerpt":{"rendered":"<p>Del 19\/3 al 21\/3 de 2023 se realizar\u00e1 la 28\u00b0 Feria Prowein Messe D\u00fcsseldorf, en&hellip;<\/p>\n","protected":false},"author":3,"featured_media":76933,"comment_status":"open","ping_status":"open","sticky":false,"template":"","format":"standard","meta":{"footnotes":""},"categories":[10],"tags":[],"class_list":["post-76885","post","type-post","status-publish","format-standard","has-post-thumbnail","hentry","category-ferias"],"_links":{"self":[{"href":"https:\/\/enolife.com.ar\/es\/wp-json\/wp\/v2\/posts\/76885","targetHints":{"allow":["GET"]}}],"collection":[{"href":"https:\/\/enolife.com.ar\/es\/wp-json\/wp\/v2\/posts"}],"about":[{"href":"https:\/\/enolife.com.ar\/es\/wp-json\/wp\/v2\/types\/post"}],"author":[{"embeddable":true,"href":"https:\/\/enolife.com.ar\/es\/wp-json\/wp\/v2\/users\/3"}],"replies":[{"embeddable":true,"href":"https:\/\/enolife.com.ar\/es\/wp-json\/wp\/v2\/comments?post=76885"}],"version-history":[{"count":0,"href":"https:\/\/enolife.com.ar\/es\/wp-json\/wp\/v2\/posts\/76885\/revisions"}],"wp:featuredmedia":[{"embeddable":true,"href":"https:\/\/enolife.com.ar\/es\/wp-json\/wp\/v2\/media\/76933"}],"wp:attachment":[{"href":"https:\/\/enolife.com.ar\/es\/wp-json\/wp\/v2\/media?parent=76885"}],"wp:term":[{"taxonomy":"category","embeddable":true,"href":"https:\/\/enolife.com.ar\/es\/wp-json\/wp\/v2\/categories?post=76885"},{"taxonomy":"post_tag","embeddable":true,"href":"https:\/\/enolife.com.ar\/es\/wp-json\/wp\/v2\/tags?post=76885"}],"curies":[{"name":"wp","href":"https:\/\/api.w.org\/{rel}","templated":true}]}}