{"id":76641,"date":"2022-09-19T17:07:15","date_gmt":"2022-09-19T17:07:15","guid":{"rendered":"http:\/\/enolife.com.ar\/es\/?p=76641"},"modified":"2022-09-22T02:01:31","modified_gmt":"2022-09-22T02:01:31","slug":"vinateros-de-francia-italia-y-espana-reclaman-medidas-contra-la-inflacion-y-el-prohibicionismo","status":"publish","type":"post","link":"https:\/\/enolife.com.ar\/es\/vinateros-de-francia-italia-y-espana-reclaman-medidas-contra-la-inflacion-y-el-prohibicionismo\/","title":{"rendered":"Vi\u00f1ateros de Francia, Italia y Espa\u00f1a reclaman medidas contra la inflaci\u00f3n y el \u00abprohibicionismo\u00bb"},"content":{"rendered":"\n<h4 class=\"wp-block-heading\"><em><strong>Las principales asociaciones vitivin\u00edcolas de los tres mayores productores del mundo se reunieron con el objetivo de debatir sobre la cr\u00edtica situaci\u00f3n que atraviesa el mercado del vino en la Uni\u00f3n Europea (UE), generada por los altos costos de la energ\u00eda y de los insumos, la inflaci\u00f3n y el perjuicio que podr\u00eda significar una nueva ley europea de etiquetados en caso de que se apruebe. A ello se suman los aumentos de precios y las dificultades de transporte por la guerra entre Rusia y Ucrania, y el cambio clim\u00e1tico. Al respecto emitieron un comunicado solicitando medidas a sus respectivos gobiernos y a la Comisi\u00f3n Europea en defensa de la sostenibilidad econ\u00f3mica y social del sector.<\/strong><\/em><\/h4>\n\n\n\n<div style=\"height:44px\" aria-hidden=\"true\" class=\"wp-block-spacer\"><\/div>\n\n\n\n\n\n<div style=\"height:55px\" aria-hidden=\"true\" class=\"wp-block-spacer\"><\/div>\n\n\n\n<p>Los d\u00edas 13 y 14 de setiembre pasado, en la ciudad italiana de <strong>Conegliano<\/strong>, cerca de <strong>Venecia<\/strong>, se llev\u00f3 a cabo la reuni\u00f3n del <strong>\u00abGrupo de Contacto\u00bb<\/strong> de las asociaciones nacionales del sector vitivin\u00edcola de <strong>Espa\u00f1a<\/strong>, <strong>Francia<\/strong> e <strong>Italia<\/strong>. Este foro constituye un marco para el di\u00e1logo entre las organizaciones representativas del sector de los tres pa\u00edses para alcanzar posiciones comunes sobre los principales temas de inter\u00e9s para la industria del vino.<\/p>\n\n\n\n<p>Durante el encuentro, las principales entidades del vino europeo debatieron sobre la situaci\u00f3n del mercado en un momento de especial incertidumbre mundial. En la mesa se puso de manifiesto en primer lugar los diferentes escenarios a los que desde 2019 los tres pa\u00edses han tenido que hacer frente como las medidas de represalia estadounidenses sobre los vinos europeos en <strong>el conflicto Boeing-Airbus<\/strong>, la <strong>pandemia<\/strong> con el consiguiente cierre del sector hosteleroy, las <strong>dificultades para encontrar mercados<\/strong> en el per\u00edodo post-pand\u00e9mico.<\/p>\n\n\n\n<p>A ello se suma, por un lado, el aumento de los costos de producci\u00f3n, la inflaci\u00f3n y la escasez y encarecimiento de materias primas auxiliares agravado por los efectos de la guerra entre <strong>Rusia<\/strong> y <strong>Ucrania<\/strong>, y, por otro, el impacto cada vez m\u00e1s evidente del <strong>cambio clim\u00e1tico<\/strong> en las producciones.<\/p>\n\n\n\n<p>Por todo ello, en un comunicado las organizaciones advierten sobre<em> \u00abel peligro de la sostenibilidad econ\u00f3mica y social del sector vitivin\u00edcola\u00bb <\/em>y piden apoyo en dos puntos: por un lado, <strong>demandan una&nbsp;compensaci\u00f3n por el aumento del costo de la energ\u00eda<\/strong>; por otro <strong>solicitan&nbsp;medidas excepcionales de apoyo y flexibilidad<\/strong>&nbsp;similares a las introducidas para hacer frente a las complejidades causadas por la pandemia de Covid-19.<\/p>\n\n\n\n<div style=\"height:20px\" aria-hidden=\"true\" class=\"wp-block-spacer\"><\/div>\n\n\n\n<h3 class=\"wp-block-heading\">Ola de&nbsp;\u00abprohibicionismo\u00bb<\/h3>\n\n\n\n<p>Las organizaciones de los tres pa\u00edses tambi\u00e9n expresaron su gran preocupaci\u00f3n por la nueva ola de <strong>\u00abprohibicionismo\u00bb<\/strong>. Los pr\u00f3ximos meses ser\u00e1n cruciales, ya que la Comisi\u00f3n Europea est\u00e1 trabajando en iniciativas legislativas que afectan al sector del vino y, en concreto, en la revisi\u00f3n del reglamento de etiquetado.<\/p>\n\n\n\n<p>Por ello, las delegaciones&nbsp; pidieron en la reuni\u00f3n que se siga prestando atenci\u00f3n a la lucha contra el consumo abusivo de alcohol, respetando la voluntad expresada por el <strong>Parlamento Europeo<\/strong> en su informe <strong>BECA<\/strong>, y se evite aprobar normas desproporcionadas, como la propuesta de reglamento de ley irlandesa de etiquetado, que constituye una amenaza contra el sector vitivin\u00edcola y todo lo que \u00e9ste representa en Europa como las tradiciones, el modo de vida europeo o la cultura gastron\u00f3mica, de la que el vino forma parte indisoluble.<\/p>\n\n\n\n<p>Al respecto, las asociaciones reunidas piden a sus gobiernos que&nbsp;<strong>se preserve la pol\u00edtica de promoci\u00f3n<\/strong>&nbsp;como herramienta para garantizar la competitividad del vino; asimismo que&nbsp;<strong>no se modifiquen las normas sobre el etiquetado nutricional y lista de ingredientes del vino<\/strong>&nbsp;ya aprobadas en los reglamentos de la PAC, incluido el etiquetado electr\u00f3nico; adem\u00e1s, y por \u00faltimo, reclaman la&nbsp;<strong>implicaci\u00f3n de&nbsp;los dem\u00e1s Estados miembros<\/strong>&nbsp;y pidan a la Comisi\u00f3n Europea a que se&nbsp;<strong>opongan a la propuesta irlandesa<\/strong>&nbsp;sobre las advertencias sanitarias presentando un dictamen razonado en el marco del procedimiento TRIS de prevenci\u00f3n de obst\u00e1culos al comercio.<\/p>\n\n\n\n<div style=\"height:20px\" aria-hidden=\"true\" class=\"wp-block-spacer\"><\/div>\n\n\n\n<p class=\"has-medium-font-size\"><strong>El caso de Irlanda<\/strong><\/p>\n\n\n\n<div class=\"wp-block-image\"><figure class=\"alignleft size-large is-resized\"><img loading=\"lazy\" decoding=\"async\" src=\"https:\/\/enolife.com.ar\/es\/wp-content\/uploads\/2022\/09\/04ireland-alcohol-mobileMasterAt3x.jpg\" alt=\"\" class=\"wp-image-76682\" width=\"311\" height=\"311\" srcset=\"https:\/\/enolife.com.ar\/es\/wp-content\/uploads\/2022\/09\/04ireland-alcohol-mobileMasterAt3x.jpg 400w, https:\/\/enolife.com.ar\/es\/wp-content\/uploads\/2022\/09\/04ireland-alcohol-mobileMasterAt3x-300x300.jpg 300w, https:\/\/enolife.com.ar\/es\/wp-content\/uploads\/2022\/09\/04ireland-alcohol-mobileMasterAt3x-150x150.jpg 150w\" sizes=\"auto, (max-width: 311px) 100vw, 311px\" \/><figcaption><strong><em>Cartel en un supermercado de Irlanda en las g\u00f3ndolas de bebidas alcoh\u00f3licas<\/em><\/strong>.<\/figcaption><\/figure><\/div>\n\n\n\n<p>En mayo de 2021, el gobierno de Dubl\u00edn, de coalici\u00f3n entre centristas, democristianos y verdes, elabor\u00f3 un borrador de la <strong>nueva Ley de Salud P\u00fablica<\/strong>, para fijar un precio adicional a las bebidas alcoh\u00f3licas por cada gramo de alcohol.<\/p>\n\n\n\n<p>Esta ley fue aprobada y entr\u00f3 en vigor a principios de 2022 y <strong>establece un precio m\u00ednimo para las bebidas alcoh\u00f3licas cobrando por cada gramo de alcohol 10 centavos de euro<\/strong>. Esto significa que la botella de vino m\u00e1s barata con un 12,5% no puede costar menos de 7,40 euros en el comercio minorista, mientras que el precio m\u00ednimo de una lata de cerveza de medio litro ser\u00eda de 1,32 euros.<\/p>\n\n\n\n<p>En un comunicado, el ministro irland\u00e9s de Sanidad<strong>, Stephen Donnell<\/strong>y, justific\u00f3 el aumento del precio del alcohol diciendo que <em>\u00abreducir\u00e1 las enfermedades graves&nbsp;y las muertes causadas por el consumo de alcohol\u00bb<\/em>. Tambi\u00e9n se\u00f1al\u00f3 que <em>\u00abla fijaci\u00f3n de precios ha funcionado en Escocia\u00bb<\/em>, pa\u00eds en el que se introdujo un precio m\u00ednimo para el alcohol en 2018 provocando un descenso en las ventas de bebidas.<\/p>\n\n\n\n<div style=\"height:20px\" aria-hidden=\"true\" class=\"wp-block-spacer\"><\/div>\n\n\n\n<p class=\"has-medium-font-size\"><strong>Organizaciones del \u00abGrupo de Contacto\u00bb<\/strong><\/p>\n\n\n\n<p>Por <strong>Espa\u00f1a<\/strong>, la Asociaci\u00f3n Empresarial Vinos de Espa\u00f1a (AEVE), la Asociaci\u00f3n de J\u00f3venes Agricultores (ASAJA), Cooperativas Agro-Alimentarias de Espa\u00f1a, la Conferencia Espa\u00f1ola de Consejos Reguladores Vitivin\u00edcolas (CECRV), la Coordinadora de Organizaciones de Agricultores y Ganaderos (COAG), la&nbsp; Federaci\u00f3n Espa\u00f1ola del Vino (FEV), la Organizaci\u00f3n Interprofesional del Vino de Espa\u00f1a (OIVE) y la Uni\u00f3n de Peque\u00f1os Agricultores y Ganaderos (UPA).<\/p>\n\n\n\n<p>Por <strong>Francia<\/strong>, la Associazioni FNSEA &#8211; Commission Viticole, La Coop\u00e9ration agricole &#8211; Vignerons coop\u00e9rateurs de France (VCF) y Vignerons ind\u00e9pendants de France.<\/p>\n\n\n\n<p>Y por <strong>Italia <\/strong>la Alleanza delle Cooperative Italiane Agroalimentari, Assoenologi, CIA &#8211; Agricoltori Italiani, Coldiretti, Confagricoltura, Copagri, Federdoc, Federvini, Fivi y Unione Italiana Vini.<\/p>\n\n\n\n<div style=\"height:20px\" aria-hidden=\"true\" class=\"wp-block-spacer\"><\/div>\n\n\n\n<p class=\"has-small-font-size\"><strong><em>Fuentes: Agencia Efe y la Asociaci\u00f3n Empresarial Vinos de Espa\u00f1a (AEVE)<\/em><\/strong><\/p>\n\n\n\n<div style=\"height:40px\" aria-hidden=\"true\" class=\"wp-block-spacer\"><\/div>\n\n\n\n<p><\/p>\n\n\n\n<p><\/p>\n","protected":false},"excerpt":{"rendered":"<p>Las principales asociaciones vitivin\u00edcolas de los tres mayores productores del mundo se reunieron con el&hellip;<\/p>\n","protected":false},"author":3,"featured_media":76693,"comment_status":"open","ping_status":"open","sticky":false,"template":"","format":"standard","meta":{"footnotes":""},"categories":[9],"tags":[],"class_list":["post-76641","post","type-post","status-publish","format-standard","has-post-thumbnail","hentry","category-negocios"],"_links":{"self":[{"href":"https:\/\/enolife.com.ar\/es\/wp-json\/wp\/v2\/posts\/76641","targetHints":{"allow":["GET"]}}],"collection":[{"href":"https:\/\/enolife.com.ar\/es\/wp-json\/wp\/v2\/posts"}],"about":[{"href":"https:\/\/enolife.com.ar\/es\/wp-json\/wp\/v2\/types\/post"}],"author":[{"embeddable":true,"href":"https:\/\/enolife.com.ar\/es\/wp-json\/wp\/v2\/users\/3"}],"replies":[{"embeddable":true,"href":"https:\/\/enolife.com.ar\/es\/wp-json\/wp\/v2\/comments?post=76641"}],"version-history":[{"count":0,"href":"https:\/\/enolife.com.ar\/es\/wp-json\/wp\/v2\/posts\/76641\/revisions"}],"wp:featuredmedia":[{"embeddable":true,"href":"https:\/\/enolife.com.ar\/es\/wp-json\/wp\/v2\/media\/76693"}],"wp:attachment":[{"href":"https:\/\/enolife.com.ar\/es\/wp-json\/wp\/v2\/media?parent=76641"}],"wp:term":[{"taxonomy":"category","embeddable":true,"href":"https:\/\/enolife.com.ar\/es\/wp-json\/wp\/v2\/categories?post=76641"},{"taxonomy":"post_tag","embeddable":true,"href":"https:\/\/enolife.com.ar\/es\/wp-json\/wp\/v2\/tags?post=76641"}],"curies":[{"name":"wp","href":"https:\/\/api.w.org\/{rel}","templated":true}]}}