{"id":76459,"date":"2022-09-17T15:02:33","date_gmt":"2022-09-17T15:02:33","guid":{"rendered":"http:\/\/enolife.com.ar\/es\/?p=76459"},"modified":"2022-09-18T13:53:22","modified_gmt":"2022-09-18T13:53:22","slug":"tango-por-los-caminos-del-vino-hoy-17-y-manana-18-9-con-13-espectaculos-en-fincas-y-bodegas","status":"publish","type":"post","link":"https:\/\/enolife.com.ar\/es\/tango-por-los-caminos-del-vino-hoy-17-y-manana-18-9-con-13-espectaculos-en-fincas-y-bodegas\/","title":{"rendered":"Tango por los Caminos del Vino, hoy 17 y ma\u00f1ana 18\/9 con 13 espect\u00e1culos en fincas y bodegas"},"content":{"rendered":"\n<h4 class=\"wp-block-heading\"><em><strong>En coincidencia con los festejos patrios de Chile, el 18 de setiembre, la edici\u00f3n 2022 de este tradicional festival ha contado con 16 conciertos, de los cuales 13 son hoy y ma\u00f1ana en distintos puntos de la provincia, combinando paisajes, m\u00fasica y enoturismo.&nbsp;Para conocer la programaci\u00f3n completa y adquirir las entradas, se debe ingresar en&nbsp;<a rel=\"noreferrer noopener\" href=\"https:\/\/tango.mendoza.tur.ar\/\" target=\"_blank\">https:\/\/tango.mendoza.tur.ar\/<\/a><\/strong><\/em><\/h4>\n\n\n\n<div style=\"height:20px\" aria-hidden=\"true\" class=\"wp-block-spacer\"><\/div>\n\n\n\n\n\n<div style=\"height:63px\" aria-hidden=\"true\" class=\"wp-block-spacer\"><\/div>\n\n\n\n<p>Mendoza vive una nueva edici\u00f3n del <strong>Festival Tango por los Caminos del Vino,<\/strong> organizado por el Ministerio de Cultura y Turismo. <\/p>\n\n\n\n<p>La ministra de Cultura y Turismo de Mendoza, <strong>Nora Vicari<\/strong>o, destac\u00f3 al respecto: <em>\u00abTango por los Caminos del Vino es uno de los festivales m\u00e1s convocantes de la provincia, elegido por mendocinos y turistas. Es por esto que los invitamos a descubrir las propuestas de nuestros artistas, que sabemos que son de gran calidad. Este festival combina el vino, la danza, la m\u00fasica en vivo y los impactantes paisajes de nuestra provincia. Sin dudas, una propuesta inolvidable\u00bb.<\/em><\/p>\n\n\n\n<p>Este popular encuentro tur\u00edstico y cultural coincide con las fechas patrias chilenas, \u00e9poca en la que los turistas del pa\u00eds vecino buscan realizar compras, disfrutar experiencias gastron\u00f3micas, recorrer bodegas y asistir a espect\u00e1culos de tango.<\/p>\n\n\n\n<p>La programaci\u00f3n de este nuevo encuentro con el tango y el vino es federal, para que mendocinos y turistas puedan recorrer toda la provincia, con espect\u00e1culos en el Valle de Uco, el Sur mendocino, el Este, Lavalle y el Gran Mendoza.<\/p>\n\n\n\n<div style=\"height:20px\" aria-hidden=\"true\" class=\"wp-block-spacer\"><\/div>\n\n\n\n<p class=\"has-medium-font-size\"><strong>Programaci\u00f3n s\u00e1bado 17\/9 y domingo 18\/9<\/strong>.<\/p>\n\n\n\n<div style=\"height:31px\" aria-hidden=\"true\" class=\"wp-block-spacer\"><\/div>\n\n\n\n<ul class=\"wp-block-list\"><li>S\u00e1bado 17\/9 &#8211; <strong>12.00 hs. Bodega A16<\/strong>. Tr\u00edo integrado por Oscar Puebla, guitarra; Mariano Dalla Torre, voz; Gustavo Bruno, en guitarra. Bailarines: Yanina Vanesa Cuello y Walter Fernando Cuello.<br><\/li><\/ul>\n\n\n\n<ul class=\"wp-block-list\"><li>S\u00e1bado 17\/9 &#8211; <strong>13.00 h. Bodega Haart<\/strong>h. Tr\u00edo Dolce Ambar, integrado por Patricio Agust\u00edn Ibire, guitarra; Marina Pena, viola, y Mirna Castillo, viol\u00edn. Bailarines: \u00c1ngela Lineros y Juan Andr\u00e9s Olave Kleiber.<br><\/li><\/ul>\n\n\n\n<ul class=\"wp-block-list\"><li>S\u00e1bado 17\/9 &#8211; <strong>12.30 h. Finca del Nunca Jam\u00e1s<\/strong>. Tr\u00edo 18 Cuerdas, integrado por Silvia Ruth Tarde, Francisco Marcial Morales y Ra\u00fal Vega. Bailarines: Camila Ail\u00e9n Ortiz y Jes\u00fas Schaffer.<br><\/li><\/ul>\n\n\n\n<ul class=\"wp-block-list\"><li>S\u00e1bado 17\/9 \u2013 <strong>12 hs. Bodega Terrazas de los Andes<\/strong>. MMF Tango Tr\u00edo, integrado por Rub\u00e9n Alberto Mart\u00ednez, guitarra y arreglos; Juan Pablo Moltisanti, piano; Diego Valent\u00edn Flores, voz. Bailarines: Cecilia P\u00e9rez y Andr\u00e9s Dami\u00e1n Romera.<br><\/li><\/ul>\n\n\n\n<ul class=\"wp-block-list\"><li>S\u00e1bado 17\/9 &#8211; <strong>18 hs. Bodega Los Toneles<\/strong>. Contramarca, integrada por Juan Pablo Moltisanti, piano; Rub\u00e9n Alberto Mart\u00ednez, guitarra; Rub\u00e9n Ripamonti, contrabajo; David Gologorsky, viol\u00edn; Miguel \u00c1ngel Cotignola, viol\u00edn; Jeli Sara Herrera Pimentel, viola; Mauricio Ezequiel Lozano, violonchelo; Agustina Guill\u00e9n, bandone\u00f3n, y Diego Valent\u00edn Flores, voz. Bailarines: Vanina Gisela M\u00e9ndez, Leandro Cazzanelli, Gonzalo Cano y Marta Morel.<br><\/li><\/ul>\n\n\n\n<ul class=\"wp-block-list\"><li>S\u00e1bado 17\/9 &#8211; <strong>18.00 hs. Lamadrid Estate Wines<\/strong>. Patricia Melis &amp; Pablo Budini. Bailarines: Dana Wanag y Gustavo Corval\u00e1n.<br><\/li><\/ul>\n\n\n\n<ul class=\"wp-block-list\"><li>S\u00e1bado 17\/9 &#8211; <strong>17.30 h. Casa Septem<\/strong>. Ser\u00e9 Tango, integrado por Diego L\u00f3pez P\u00e1ez, contrabajo; Roberto Carlos Cereda, bandone\u00f3n; Claudia Silvina P\u00e9rez Lacon, piano; Ra\u00fal Alejandro Ver\u00f3n, voz; Engel Su\u00e1rez, viol\u00edn. Bailarines: Gonzalo Ju\u00e1rez y Roc\u00edo Valencia Lusso.<br><\/li><\/ul>\n\n\n\n<ul class=\"wp-block-list\"><li>S\u00e1bado 17\/9 \u2013 <strong>18.30 h. Bermejo State.<\/strong> Orquesta y Ballet Municipal de Guaymall\u00e9n.<br><\/li><\/ul>\n\n\n\n<ul class=\"wp-block-list\"><li>Estate S\u00e1bado 17\/9 &#8211; <strong>20.30 hs. Bodega Garbin<\/strong>. De Cuar-Tango. Los Cuatro del Tango: A cargo de Carmen Lucrecia Cervantes, voz; Julio Alberto Tobares, primera guitarra; Cesar Antonio Tobio, guitarr\u00f3n, y Pablo Fernando Basan, segunda guitarra. Bailarines: Ram\u00f3n Villegas y Katherina Gui\u00f1ez.<br><\/li><\/ul>\n\n\n\n<div style=\"height:20px\" aria-hidden=\"true\" class=\"wp-block-spacer\"><\/div>\n\n\n\n<div class=\"wp-block-image\"><figure class=\"aligncenter is-resized\"><img loading=\"lazy\" decoding=\"async\" src=\"https:\/\/fbproducciones.com.ar\/wp-content\/uploads\/2022\/09\/Tango-Vino-MZA.png\" alt=\"Lugares archivos - Locutor del vino\" width=\"527\" height=\"335\"\/><\/figure><\/div>\n\n\n\n<div style=\"height:20px\" aria-hidden=\"true\" class=\"wp-block-spacer\"><\/div>\n\n\n\n<ul class=\"wp-block-list\"><li>Domingo 18\/9 \u2013 <strong>15.00 h. Bodega Salentein<\/strong>. Orquesta Astrudillo, a cargo de Mario Lucesole, bandone\u00f3n; Eduardo Darct, viol\u00edn; Marcos Andr\u00e9s R\u00edos, contrabajo; Jorge Astrudillo, piano; Roberto Ponce, voz. Bailar\u00edn: Leandro Cazzanelli.<br><\/li><\/ul>\n\n\n\n<ul class=\"wp-block-list\"><li>Domingo 18\/9 &#8211; <strong>12.00 h. Casa Bermell\u00f3n<\/strong>. \u00c9rica Elizabeth Ritman Carvajal, voz; Roberto Hugo Budini, guitarra; Rub\u00e9n Dar\u00edo Ripamonti, contrabajo; Cristi\u00e1n Eduardo Benavides, bandone\u00f3n. Bailarines: Carlos Gonzalo Trigo y Cecilia Herrera.<br><\/li><\/ul>\n\n\n\n<ul class=\"wp-block-list\"><li>Domingo 18\/9 &#8211; <strong>15.00 hz. Aleph Wine Co<\/strong>. Cuarteto de guitarras Ecos. Bailarines: Miguel \u00c1ngel Flores y Bianca Santarelli.<\/li><\/ul>\n\n\n\n<ul class=\"wp-block-list\"><li>Domingo 18\/9 &#8211; <strong>16.00 hz. Finca Cosmos<\/strong>. Cuarteto de cuerdas Nuevo Mundo, a cargo de Engel Bernard Su\u00e1rez, voz; Elda Mar\u00eda Pineda Z\u00e1ccara, viol\u00edn; Jos\u00e9 Ernesto Guevara D\u00edaz, viola, y Georgina Lucila Prendes, violonchelo. Bailarines: Cristian Gabriel Castillo y Caterina Denis Vid.<\/li><\/ul>\n\n\n\n<div style=\"height:30px\" aria-hidden=\"true\" class=\"wp-block-spacer\"><\/div>\n","protected":false},"excerpt":{"rendered":"<p>En coincidencia con los festejos patrios de Chile, el 18 de setiembre, la edici\u00f3n 2022&hellip;<\/p>\n","protected":false},"author":3,"featured_media":76466,"comment_status":"open","ping_status":"open","sticky":false,"template":"","format":"standard","meta":{"footnotes":""},"categories":[47,11],"tags":[],"class_list":["post-76459","post","type-post","status-publish","format-standard","has-post-thumbnail","hentry","category-agenda","category-enoturismo"],"_links":{"self":[{"href":"https:\/\/enolife.com.ar\/es\/wp-json\/wp\/v2\/posts\/76459","targetHints":{"allow":["GET"]}}],"collection":[{"href":"https:\/\/enolife.com.ar\/es\/wp-json\/wp\/v2\/posts"}],"about":[{"href":"https:\/\/enolife.com.ar\/es\/wp-json\/wp\/v2\/types\/post"}],"author":[{"embeddable":true,"href":"https:\/\/enolife.com.ar\/es\/wp-json\/wp\/v2\/users\/3"}],"replies":[{"embeddable":true,"href":"https:\/\/enolife.com.ar\/es\/wp-json\/wp\/v2\/comments?post=76459"}],"version-history":[{"count":0,"href":"https:\/\/enolife.com.ar\/es\/wp-json\/wp\/v2\/posts\/76459\/revisions"}],"wp:featuredmedia":[{"embeddable":true,"href":"https:\/\/enolife.com.ar\/es\/wp-json\/wp\/v2\/media\/76466"}],"wp:attachment":[{"href":"https:\/\/enolife.com.ar\/es\/wp-json\/wp\/v2\/media?parent=76459"}],"wp:term":[{"taxonomy":"category","embeddable":true,"href":"https:\/\/enolife.com.ar\/es\/wp-json\/wp\/v2\/categories?post=76459"},{"taxonomy":"post_tag","embeddable":true,"href":"https:\/\/enolife.com.ar\/es\/wp-json\/wp\/v2\/tags?post=76459"}],"curies":[{"name":"wp","href":"https:\/\/api.w.org\/{rel}","templated":true}]}}