{"id":76010,"date":"2022-09-15T15:07:29","date_gmt":"2022-09-15T15:07:29","guid":{"rendered":"http:\/\/enolife.com.ar\/es\/?p=76010"},"modified":"2022-09-16T16:06:14","modified_gmt":"2022-09-16T16:06:14","slug":"nuevas-tecnologias-y-practicas-para-producir-vinos-tranquilos-en-un-posgrado-de-agrarias","status":"publish","type":"post","link":"https:\/\/enolife.com.ar\/es\/nuevas-tecnologias-y-practicas-para-producir-vinos-tranquilos-en-un-posgrado-de-agrarias\/","title":{"rendered":"Nuevas tecnolog\u00edas y pr\u00e1cticas para producir vinos \u00abtranquilos\u00bb, en un posgrado de Agrarias"},"content":{"rendered":"\n<h4 class=\"wp-block-heading\"><em><strong>Con la direcci\u00f3n del especialista Marcos Maza y los docentes Jorge Nazrala y Hugo Galliotti, la Facultad de Ciencias Agrarias de la Universidad Nacional de Cuyo dictar\u00e1 el posgrado \u00abProducci\u00f3n de vinos tranquilos\u00bb del 22\/9 al 30\/9. Se brindar\u00e1n herramientas para profundizar en temas que van desde el momento oportuno de la cosecha, la elaboraci\u00f3n y la aplicaci\u00f3n de distintos sistemas tecnol\u00f3gicos, pr\u00e1cticas para mejorar los procesos y actualizaci\u00f3n de los conocimientos en conservaci\u00f3n y a\u00f1ejamiento de vinos. Las clases son presenciales, te\u00f3ricas y pr\u00e1cticas, con una duraci\u00f3n de 30 horas c\u00e1tedra y un arancel de $9.000.<\/strong><\/em><\/h4>\n\n\n\n<div style=\"height:20px\" aria-hidden=\"true\" class=\"wp-block-spacer\"><\/div>\n\n\n<a href=\"https:\/\/fermentis.com\/es\/\" aria-label=\"MYC-forSparkling_1700x500 (1)\"><img loading=\"lazy\" decoding=\"async\" src=\"https:\/\/enolife.com.ar\/es\/wp-content\/uploads\/2022\/03\/MYC-forSparkling_1700x500-1.jpg\" alt=\"\"  srcset=\"https:\/\/enolife.com.ar\/es\/wp-content\/uploads\/2022\/03\/MYC-forSparkling_1700x500-1.jpg 1700w, https:\/\/enolife.com.ar\/es\/wp-content\/uploads\/2022\/03\/MYC-forSparkling_1700x500-1-300x88.jpg 300w, https:\/\/enolife.com.ar\/es\/wp-content\/uploads\/2022\/03\/MYC-forSparkling_1700x500-1-1024x301.jpg 1024w, https:\/\/enolife.com.ar\/es\/wp-content\/uploads\/2022\/03\/MYC-forSparkling_1700x500-1-768x226.jpg 768w, https:\/\/enolife.com.ar\/es\/wp-content\/uploads\/2022\/03\/MYC-forSparkling_1700x500-1-1536x452.jpg 1536w, https:\/\/enolife.com.ar\/es\/wp-content\/uploads\/2022\/03\/MYC-forSparkling_1700x500-1-1170x344.jpg 1170w, https:\/\/enolife.com.ar\/es\/wp-content\/uploads\/2022\/03\/MYC-forSparkling_1700x500-1-585x172.jpg 585w\" sizes=\"auto, (max-width: 1700px) 100vw, 1700px\" width=\"1700\" height=\"500\"   \/><\/a>\n\n\n<div style=\"height:58px\" aria-hidden=\"true\" class=\"wp-block-spacer\"><\/div>\n\n\n\n<p>Destinado a alumnos de las maestr\u00edas y especializaciones acreditadas en la <strong>Facultad de Ciencias Agrarias (FCA)<\/strong> de la <strong>Universidad Nacional de Cuyo (UNCuyo)<\/strong>, y a profesionales interesados en capacitarse en transformaciones vitivin\u00edcolas y negociaciones internacionales, del 22 al 30 de setiembre se llevar\u00e1 a cabo el posgrado <strong>\u00abProducci\u00f3n de vinos tranquilos\u00bb<\/strong>. La duraci\u00f3n del curso es de 30 horas, con \u00abpresencialidad f\u00edsica\u00bb y la posibilidad de ser asistido por tecnolog\u00eda. El cupo m\u00ednimo es de 8 personas y el m\u00e1ximo de 30 (si no se lograse alcanzar el cupo m\u00ednimo no se dictar\u00e1 la capacitaci\u00f3n).<\/p>\n\n\n\n<div style=\"height:20px\" aria-hidden=\"true\" class=\"wp-block-spacer\"><\/div>\n\n\n\n<p class=\"has-medium-font-size\"><strong>Objetivos<\/strong><\/p>\n\n\n\n<p>Profundizar en los conocimientos en la toma de decisi\u00f3n sobre el momento oportuno de cosecha,  actualizar los conocimientos de los procesos de transformaci\u00f3n de la uva en vino y otros productos, capacitar en la aplicaci\u00f3n sobre distintos sistemas tecnol\u00f3gicos usados en la elaboraci\u00f3n de vino, discutir pr\u00e1cticas que ayuden a mejorar los procesos utilizados en la bodega y actualizar los conocimientos en el proceso de conservaci\u00f3n y a\u00f1ejamiento de vinos.<\/p>\n\n\n\n<div style=\"height:20px\" aria-hidden=\"true\" class=\"wp-block-spacer\"><\/div>\n\n\n\n<p class=\"has-medium-font-size\"><strong>Docentes<\/strong><\/p>\n\n\n\n<ul class=\"wp-block-list\"><li>Dr. Marcos Maza (FCA-UNCuyo \/ Conicet), coordinador y docente<\/li><li>Magister Jorge Nazrala (FCA-UNCuyo)<\/li><li>Magister Hugo Galiotti (FCA-UNCuyo)<\/li><\/ul>\n\n\n\n<p class=\"has-medium-font-size\"><br><strong>Cronograma y temario<\/strong><\/p>\n\n\n\n<p class=\"has-background has-very-light-gray-background-color\"><strong>Jueves 22\/9\/22 <\/strong><\/p>\n\n\n\n<figure class=\"wp-block-table is-style-regular\"><table><tbody><tr><td><strong>Introducci\u00f3n General<\/strong><\/td><td>14.30 a 14.45<\/td><td>Marcos Maza<\/td><\/tr><tr><td><strong>Clase Te\u00f3rica &#8211; Unidad 1<\/strong><br>Biolog\u00eda de la vid en relaci\u00f3n con la determinaci\u00f3n del momento oportuno de cosecha. Factores que afectan la maduraci\u00f3n. Relaci\u00f3n az\u00facar\/\u00e1cido. \u00cdndices de maduraci\u00f3n. Potencial enol\u00f3gico.<\/td><td>14.45 a 17<\/td><td>Jorge Nazrala<\/td><\/tr><tr><td>S\u00edntesis y Evoluci\u00f3n de los compuestos fen\u00f3licos de la uva. Muestreo de vi\u00f1edos. Sobre-maduraci\u00f3n.<\/td><td>17.30 a 19.30<\/td><td> Jorge Nazrala<\/td><\/tr><\/tbody><\/table><\/figure>\n\n\n\n<p class=\"has-background has-very-light-gray-background-color\"><strong>Viernes 23\/9\/22<\/strong><\/p>\n\n\n\n<figure class=\"wp-block-table\"><table><tbody><tr><td><strong>Clase Te\u00f3rica &#8211; Unidad 2<\/strong><br>Definici\u00f3n de calidad. Factores que influyen en la calidad de los vinos y concepto de terroir. Opciones de cosecha. Calidad de la cosecha mec\u00e1nica. Caracterizaci\u00f3n f\u00edsico-qu\u00edmica de mostos y vinos.<\/td><td>8.30 a 13.30<\/td><td>Jorge Nazrala<\/td><\/tr><tr><td><strong>Clase Te\u00f3rica &#8211; Unidad 3<\/strong><br>Procesamiento de la uva: molienda, obtenci\u00f3n del mosto, transformaciones enzim\u00e1ticas en vendimia. Sistemas fermentativos.<br>Anh\u00eddrido sulfuroso: qu\u00edmica y propiedades enol\u00f3gicas, dosificaci\u00f3n y productos complementarios.<\/td><td>14.30 a 17.30<\/td><td>Marcos Maza<\/td><\/tr><tr><td><strong>Clase Pr\u00e1ctica<br><\/strong>Discusi\u00f3n de un problema pr\u00e1ctico.<\/td><td>17.30 a 19.30<\/td><td>Marcos Maza<\/td><\/tr><\/tbody><\/table><\/figure>\n\n\n\n<p class=\"has-background has-very-light-gray-background-color\"><strong>S\u00e1bado 24\/9\/22<\/strong><\/p>\n\n\n\n<figure class=\"wp-block-table\"><table><tbody><tr><td><strong>Clase Te\u00f3rica- Unidad 4<br><\/strong>Vinificaci\u00f3n en blanco: Protecci\u00f3n de mosto frente a las oxidaciones, desborre, desarrollo de la fermentaci\u00f3n. <br>Vinificaci\u00f3n de vino tinto: Conducci\u00f3n de la maceraci\u00f3n. Importancia. Factores que influyen en la maceraci\u00f3n.<\/td><td>8.30 a 13.30<\/td><td>Marcos Maza<\/td><\/tr><\/tbody><\/table><\/figure>\n\n\n\n<p class=\"has-background has-very-light-gray-background-color\"><strong>Jueves 29\/9\/22<\/strong><\/p>\n\n\n\n<figure class=\"wp-block-table\"><table><tbody><tr><td><strong>Clase Te\u00f3rica<br><\/strong>Conducci\u00f3n de la maceraci\u00f3n. Importancia. Factores que influyen en la maceraci\u00f3n<br><strong>Clase Pr\u00e1ctica<br><\/strong>Discusi\u00f3n de un problema pr\u00e1ctico.<\/td><td>14.30 a 17.30 hs<\/td><td>Marcos Maza<\/td><\/tr><\/tbody><\/table><\/figure>\n\n\n\n<p class=\"has-background has-very-light-gray-background-color\"><strong>Viernes 30\/9\/22<\/strong><\/p>\n\n\n\n<figure class=\"wp-block-table\"><table><tbody><tr><td><strong>Clase Te\u00f3rica &#8211; Unidad 5<\/strong><br>Conservaci\u00f3n y a\u00f1ejamiento.<br>Fen\u00f3menos del envejecimiento: Ox\u00edgeno, precipitaciones, taninos y antocianos. Degradaci\u00f3n de los antocianos. Polimerizaci\u00f3n de taninos. La barrica de madera: Estructura y propiedades. Micro-oxigenaci\u00f3n y a\u00f1ejamiento acelerado.<\/td><td>8.30 a 13.30<\/td><td>Hugo Galiotti<\/td><\/tr><tr><td><strong>Evaluaci\u00f3n escrita<br><\/strong>Examen en modalidad remota a trav\u00e9s de la resoluci\u00f3n de un cuestionario, que deber\u00e1 ser aprobado con un m\u00ednimo de seis (6) puntos sobre 10 (diez).<\/td><td>12.30 a 13.30<\/td><td>Marcos Maza<\/td><\/tr><\/tbody><\/table><\/figure>\n\n\n\n<div style=\"height:20px\" aria-hidden=\"true\" class=\"wp-block-spacer\"><\/div>\n\n\n\n<p><strong>Se entregar\u00e1 certificado de aprobaci\u00f3n<\/strong> (estudiantes con t\u00edtulo de grado) o <strong>certificado de asistencia<\/strong> para estudiantes sin t\u00edtulo de grado o quienes no decidan rendir el examen final.<\/p>\n\n\n\n<div style=\"height:20px\" aria-hidden=\"true\" class=\"wp-block-spacer\"><\/div>\n\n\n\n<p class=\"has-medium-font-size\"><strong>Informes e inscripci\u00f3n<\/strong><\/p>\n\n\n\n<p>Los interesados podr\u00e1n preinscribirse mediante el siguiente formulario Google (<strong><a href=\"https:\/\/docs.google.com\/forms\/d\/e\/1FAIpQLSc44jI8idg1gTi9jIYw3XfbjMi1Y1H_WlLfzbwNa8ii9eKMaQ\/viewform\">hacer clic aqu\u00ed<\/a><\/strong>).  Una vez aceptada la solicitud de inscripci\u00f3n, el interesado deber\u00e1 abonar el arancel antes del comienzo del curso, siendo de <strong>$9.000 para estudiantes nacionales\/nacionalizados<\/strong> (al menos 2 a\u00f1os de residencia). El pago es mediante dep\u00f3sito bancario o transferencia bancaria a la cuenta: Asociaci\u00f3n Cooperadora de la Facultad de Ciencias Agrarias CUIT: 30-62910666-5 (IVA exento) &#8211; HSBC Sucursal Luj\u00e1n de Cuyo (Mendoza), cuenta corriente 5133-20751-9 &#8211; CBU: 1500087900051332075196. <\/p>\n\n\n\n<p>En el caso de estudiantes extranjeros, el costo es de U$S 140 y la forma de pago es mediante PayPal a: @cooperadorafcauncuyo o al siguiente <a href=\"https:\/\/www.paypal.com\/paypalme\/cooperadorafcauncuyo?locale.x=es_XC\"><strong>enlace de pago.<\/strong><\/a><\/p>\n\n\n\n<p class=\"has-background has-very-light-gray-background-color\"><strong>Informes y contacto: <a href=\"mailto:sectyp@fca.uncu.edu.ar\">sectyp@fca.uncu.edu.ar<\/a><\/strong><\/p>\n\n\n\n<div style=\"height:63px\" aria-hidden=\"true\" class=\"wp-block-spacer\"><\/div>\n","protected":false},"excerpt":{"rendered":"<p>Con la direcci\u00f3n del especialista Marcos Maza y los docentes Jorge Nazrala y Hugo Galliotti,&hellip;<\/p>\n","protected":false},"author":3,"featured_media":76054,"comment_status":"open","ping_status":"open","sticky":false,"template":"","format":"standard","meta":{"footnotes":""},"categories":[47],"tags":[],"class_list":["post-76010","post","type-post","status-publish","format-standard","has-post-thumbnail","hentry","category-agenda"],"_links":{"self":[{"href":"https:\/\/enolife.com.ar\/es\/wp-json\/wp\/v2\/posts\/76010","targetHints":{"allow":["GET"]}}],"collection":[{"href":"https:\/\/enolife.com.ar\/es\/wp-json\/wp\/v2\/posts"}],"about":[{"href":"https:\/\/enolife.com.ar\/es\/wp-json\/wp\/v2\/types\/post"}],"author":[{"embeddable":true,"href":"https:\/\/enolife.com.ar\/es\/wp-json\/wp\/v2\/users\/3"}],"replies":[{"embeddable":true,"href":"https:\/\/enolife.com.ar\/es\/wp-json\/wp\/v2\/comments?post=76010"}],"version-history":[{"count":0,"href":"https:\/\/enolife.com.ar\/es\/wp-json\/wp\/v2\/posts\/76010\/revisions"}],"wp:featuredmedia":[{"embeddable":true,"href":"https:\/\/enolife.com.ar\/es\/wp-json\/wp\/v2\/media\/76054"}],"wp:attachment":[{"href":"https:\/\/enolife.com.ar\/es\/wp-json\/wp\/v2\/media?parent=76010"}],"wp:term":[{"taxonomy":"category","embeddable":true,"href":"https:\/\/enolife.com.ar\/es\/wp-json\/wp\/v2\/categories?post=76010"},{"taxonomy":"post_tag","embeddable":true,"href":"https:\/\/enolife.com.ar\/es\/wp-json\/wp\/v2\/tags?post=76010"}],"curies":[{"name":"wp","href":"https:\/\/api.w.org\/{rel}","templated":true}]}}