{"id":75517,"date":"2022-09-13T00:14:19","date_gmt":"2022-09-13T00:14:19","guid":{"rendered":"http:\/\/enolife.com.ar\/es\/?p=75517"},"modified":"2022-09-13T15:51:59","modified_gmt":"2022-09-13T15:51:59","slug":"ya-estan-los-6-ganadores-del-premio-literario-vendimia-2022-cada-uno-con-100-000-y-publicacion","status":"publish","type":"post","link":"https:\/\/enolife.com.ar\/es\/ya-estan-los-6-ganadores-del-premio-literario-vendimia-2022-cada-uno-con-100-000-y-publicacion\/","title":{"rendered":"Ya est\u00e1n los 6 ganadores del Premio Literario Vendimia 2022, cada uno con $100.000 y publicaci\u00f3n"},"content":{"rendered":"\n<h4 class=\"wp-block-heading\"><em><strong>En el marco de la Feria Internacional del Libro Mendoza 2022, el Gobierno de Mendoza divulg\u00f3 los nombres de los ganadores de este tradicional concurso que cada a\u00f1o se organiza como parte de la Fiesta de la Vendimia. Participaron 143 escritores en las categor\u00edas Poes\u00eda, Cuento, Novela, Cr\u00f3nica, Dramaturgia y Literatura Infantil y Juvenil.<\/strong><\/em><\/h4>\n\n\n\n<div style=\"height:28px\" aria-hidden=\"true\" class=\"wp-block-spacer\"><\/div>\n\n\n<a href=\"https:\/\/www.irrigacion.gov.ar\/web\/\" aria-label=\"irrigaci\u00f3n-1700X500\"><img loading=\"lazy\" decoding=\"async\" src=\"https:\/\/enolife.com.ar\/es\/wp-content\/uploads\/2021\/02\/irrigacion-1700X500.gif\" alt=\"\"  width=\"1700\" height=\"500\"   \/><\/a>\n\n\n<div style=\"height:46px\" aria-hidden=\"true\" class=\"wp-block-spacer\"><\/div>\n\n\n\n<p>El <strong>Ministerio de Cultura y Turismo de Mendoza<\/strong>, a trav\u00e9s de <strong>Ediciones Culturales<\/strong> de Mendoza, dio a conocer los ganadores del certamen literario Vendimia 2022 en sus seis categor\u00edas: <strong>Poes\u00eda, Cuento, Novela, Cr\u00f3nica, Dramaturgia y Literatura Infantil y Juvenil.<\/strong><\/p>\n\n\n\n<p>Este concurso forma parte de la pol\u00edtica cultural de promoci\u00f3n de la producci\u00f3n literaria local y de la difusi\u00f3n de los autores provinciales. Como es habitual en este tipo de concursos, en l\u00ednea con importantes cert\u00e1menes literarios internacionales, el de Mendoza tuvo \u00abtema libre\u00bb, y despert\u00f3 enorme inter\u00e9s en el \u00e1mbito cultural local, como lo demuestran los 143 autores que se presentaron.<\/p>\n\n\n\n<div style=\"height:20px\" aria-hidden=\"true\" class=\"wp-block-spacer\"><\/div>\n\n\n\n<h4 class=\"has-vivid-red-color has-text-color wp-block-heading\">El premio para el ganador de cada categor\u00eda es de $100.000, un diploma, la publicaci\u00f3n de la obra en papel, el 60% de la tirada total de ejemplares y la producci\u00f3n de la presentaci\u00f3n de la obra premiada en la Feria Internacional del Libro de Buenos Aires 2023.<\/h4>\n\n\n\n<div style=\"height:20px\" aria-hidden=\"true\" class=\"wp-block-spacer\"><\/div>\n\n\n\n<p>La ministra de Cultura y Turismo de la provincia, <strong>Nora Vicario<\/strong>, coment\u00f3 al respecto:<em> \u00abEl anuncio de los ganadores del Certamen Literario Vendimia 2022, en el marco de la Feria Internacional del Libro, muestra la continuidad en las pol\u00edticas culturales de Mendoza. Estamos orgullosos de que se hayan presentado las propuestas de 143 autores, que fueron analizadas por el jurado, a quienes les agradecemos la participaci\u00f3n. Esto nos alienta a seguir trabajando en este certamen, que no s\u00f3lo es el m\u00e1s importante de Mendoza, sino tambi\u00e9n del oeste argentino\u00bb.<\/em><\/p>\n\n\n\n<div style=\"height:20px\" aria-hidden=\"true\" class=\"wp-block-spacer\"><\/div>\n\n\n\n<p class=\"has-background has-medium-font-size has-very-light-gray-background-color\"><strong>Los premiados de cada categor\u00eda<\/strong><\/p>\n\n\n\n<ul class=\"wp-block-list\"><li><strong>Categor\u00eda Novela: Mariana Brito<\/strong> con su obra\u00a0\u00abReflejos a Media Luz:<em> <\/em>Secretos Mounstros\u00bb.<\/li><\/ul>\n\n\n\n<ul class=\"wp-block-list\"><li><strong>Categor\u00eda Dramaturgia: Osjar Navarro Correa<\/strong> con su obra\u00a0\u00abEpitafio\u00bb.<ul><li><strong>Menci\u00f3n Especial <\/strong>Dramaturgia<strong>: Mar\u00eda Victoria Morilla<\/strong> con su obra\u00a0\u00abTercero C\u00bb.<\/li><\/ul><\/li><\/ul>\n\n\n\n<ul class=\"wp-block-list\"><li><strong>Categor\u00eda Cuento:\u00a0Marcos Mart\u00ednez<\/strong> con su obra\u00a0\u00abEl mundo a pedazos\u00bb.<ul><li><strong>Menci\u00f3n Especial <\/strong>Categor\u00eda Cuento a<strong> Claudia Silvia Pussetto<\/strong> con su obra\u00a0\u00abDesde que perdimos la inocencia\u00bb.<\/li><\/ul><\/li><\/ul>\n\n\n\n<ul class=\"wp-block-list\"><li><strong>Categor\u00eda Cr\u00f3nica: Enrique Pfaab<\/strong> con su obra\u00a0\u00abCallej\u00f3n de tierra\u00bb.<ul><li><strong>Menci\u00f3n Especial <\/strong>Categor\u00eda Cr\u00f3nica<strong> <\/strong>a<strong> Sergio Romero<\/strong> con su obra\u00a0\u00abLa guerra en primera persona\u00bb.<\/li><\/ul><\/li><\/ul>\n\n\n\n<ul class=\"wp-block-list\"><li><strong>Categor\u00eda Infantil y Juvenil: Gisela Andrea Lupi\u00e1\u00f1ez<\/strong> con su obra \u00abToda la magia del mundo\u00bb.<ul><li><strong>Menci\u00f3n Especial <\/strong>Categor\u00eda Infantil y Juvenil a<strong> Eugenia Rom\u00e1n<\/strong>\u00a0 con su obra\u00a0\u00abBanquete\u00bb.<\/li><li><strong>Menci\u00f3n Especial <\/strong>Categor\u00eda Infantil y Juvenil a<strong> Mariana Zayas<\/strong> con su obra\u00a0\u00abUn bosque orquestado\u00bb.<\/li><\/ul><\/li><\/ul>\n\n\n\n<ul class=\"wp-block-list\"><li><strong>Categor\u00eda Poes\u00eda: Paula Seufferheld<\/strong> con su obra\u00a0\u00abEl pan de la Soledad\u00bb.<ul><li><strong>Menci\u00f3n Especial Categor\u00eda Poes\u00eda: Gast\u00f3n Ortiz Bandes<\/strong> con su obra\u00a0\u00abRecitales de poes\u00eda\u00bb.<\/li><li><strong>Menci\u00f3n Especial Categor\u00eda Poes\u00eda: Sergio Gabriel Pereyra<\/strong> con su obra\u00a0\u00abVoces en desorden\u00bb.<\/li><\/ul><\/li><\/ul>\n\n\n\n<div style=\"height:41px\" aria-hidden=\"true\" class=\"wp-block-spacer\"><\/div>\n","protected":false},"excerpt":{"rendered":"<p>En el marco de la Feria Internacional del Libro Mendoza 2022, el Gobierno de Mendoza&hellip;<\/p>\n","protected":false},"author":3,"featured_media":75567,"comment_status":"open","ping_status":"open","sticky":false,"template":"","format":"standard","meta":{"footnotes":""},"categories":[34],"tags":[],"class_list":["post-75517","post","type-post","status-publish","format-standard","has-post-thumbnail","hentry","category-cultura1"],"_links":{"self":[{"href":"https:\/\/enolife.com.ar\/es\/wp-json\/wp\/v2\/posts\/75517","targetHints":{"allow":["GET"]}}],"collection":[{"href":"https:\/\/enolife.com.ar\/es\/wp-json\/wp\/v2\/posts"}],"about":[{"href":"https:\/\/enolife.com.ar\/es\/wp-json\/wp\/v2\/types\/post"}],"author":[{"embeddable":true,"href":"https:\/\/enolife.com.ar\/es\/wp-json\/wp\/v2\/users\/3"}],"replies":[{"embeddable":true,"href":"https:\/\/enolife.com.ar\/es\/wp-json\/wp\/v2\/comments?post=75517"}],"version-history":[{"count":0,"href":"https:\/\/enolife.com.ar\/es\/wp-json\/wp\/v2\/posts\/75517\/revisions"}],"wp:featuredmedia":[{"embeddable":true,"href":"https:\/\/enolife.com.ar\/es\/wp-json\/wp\/v2\/media\/75567"}],"wp:attachment":[{"href":"https:\/\/enolife.com.ar\/es\/wp-json\/wp\/v2\/media?parent=75517"}],"wp:term":[{"taxonomy":"category","embeddable":true,"href":"https:\/\/enolife.com.ar\/es\/wp-json\/wp\/v2\/categories?post=75517"},{"taxonomy":"post_tag","embeddable":true,"href":"https:\/\/enolife.com.ar\/es\/wp-json\/wp\/v2\/tags?post=75517"}],"curies":[{"name":"wp","href":"https:\/\/api.w.org\/{rel}","templated":true}]}}