{"id":75402,"date":"2022-09-11T16:25:24","date_gmt":"2022-09-11T16:25:24","guid":{"rendered":"http:\/\/enolife.com.ar\/es\/?p=75402"},"modified":"2022-09-13T14:31:58","modified_gmt":"2022-09-13T14:31:58","slug":"mendoza-combatira-el-granizo-con-4-aviones-10-difusores-de-agi-y-14-500-bengalas-y-cartuchos","status":"publish","type":"post","link":"https:\/\/enolife.com.ar\/es\/mendoza-combatira-el-granizo-con-4-aviones-10-difusores-de-agi-y-14-500-bengalas-y-cartuchos\/","title":{"rendered":"Mendoza combatir\u00e1 el granizo con 4 aviones, 10 difusores de AgI y 14.500 bengalas y cartuchos"},"content":{"rendered":"\n<h4 class=\"wp-block-heading\"><em><strong>El 15 de setiembre, con anticipaci\u00f3n a la fecha habitual del 1 de octubre a causa del adelantamiento de las tormentas graniceras por efecto del cambio clim\u00e1tico, comenzar\u00e1n los vuelos de las aeronaves y las guardias con radares, misiles y generadores de superficie en todo el territorio provincial. En promedio, Mendoza registra un promedio hist\u00f3rico de 5.600 tormentas en 116 d\u00edas con tormentas, de las cuales 54 son severas, con granizo y vientos fuertes, y afectan a \u00e1reas agr\u00edcolas, especialmente a la vitivinicultura, que ocupa el 50% de las tierras cultivadas.<\/strong><\/em><\/h4>\n\n\n\n<div style=\"height:20px\" aria-hidden=\"true\" class=\"wp-block-spacer\"><\/div>\n\n\n<a href=\"https:\/\/www.linkedin.com\/company\/agrinet-sa\/?originalSubdomain=ar\" aria-label=\"1700X500\"><img loading=\"lazy\" decoding=\"async\" src=\"https:\/\/enolife.com.ar\/es\/wp-content\/uploads\/2021\/11\/1700X500.gif\" alt=\"\"  width=\"1700\" height=\"500\"   \/><\/a>\n\n\n<div style=\"height:53px\" aria-hidden=\"true\" class=\"wp-block-spacer\"><\/div>\n\n\n\n<p>Desde el 15 de setiembre, radaristas, pilotos, mec\u00e1nicos y personal de apoyo que integran el <strong>Sistema de Mitigaci\u00f3n de Granizo (SMG)<\/strong> de Mendoza comenzar\u00e1n a cumplir con las habituales guardias de la temporada estival. Hist\u00f3ricamente, el per\u00edodo de lucha activa se extiende desde 1 de octubre hasta el 30 de abril, pero, como ha ocurrido en los \u00faltimos a\u00f1os, el inicio en esta ocasi\u00f3n se adelantar\u00e1 por razones preventivas.<\/p>\n\n\n\n<p>Con respecto a los recursos del sistema, desde <strong>Aeron\u00e1utica Mendoza Sociedad An\u00f3nima (AEMSA)<\/strong> confirmaron que los radares fijos de San Mart\u00edn, La Llave y el radar m\u00f3vil de Cruz Negra est\u00e1n en condiciones para operar. La empresa tambi\u00e9n inform\u00f3 que, el 15 de setiembre, 3 de las 4 aeronaves estar\u00e1n disponibles y que una semana despu\u00e9s se incorporar\u00e1 a las guardias el cuarto avi\u00f3n.<\/p>\n\n\n\n<div style=\"height:42px\" aria-hidden=\"true\" class=\"wp-block-spacer\"><\/div>\n\n\n\n<h4 class=\"has-vivid-red-color has-text-color wp-block-heading\">El Sistema de Mitigaci\u00f3n de Granizo cuenta con dos centros operativos. Uno est\u00e1 situado en el oasis Norte, en la IV Brigada A\u00e9rea, Las Heras, y el otro, en el oasis Sur, en el aeropuerto Santiago German\u00f3 de San Rafael. El equipo de trabajo est\u00e1 compuesto por 27 pilotos, 17 radaristas y 12 mec\u00e1nicos.<\/h4>\n\n\n\n<div style=\"height:52px\" aria-hidden=\"true\" class=\"wp-block-spacer\"><\/div>\n\n\n\n<p>En lo que se refiere a material pirot\u00e9cnico, AEMSA notific\u00f3 que la temporada iniciar\u00e1 con una existencia de<strong> 9.500 bengalas<\/strong> y que antes de fin de a\u00f1o llegar\u00e1n otras 3.000 unidades. Adem\u00e1s, se cuenta con una reserva de <strong>5.000 cartuchos<\/strong> y durante los pr\u00f3ximos meses se recibir\u00e1n 12.000 m\u00e1s.<\/p>\n\n\n\n<p>En cuanto a la red de <strong>difusores de yoduro de plata<\/strong> -m\u00e1s conocidos como <strong>generadores de superficie<\/strong>&#8211; instalada en el Valle de Uco, est\u00e1n en condiciones los 10 dispositivos con los que cuenta el sistema y se prev\u00e9 incorporar dos nuevos generadores durante la temporada.<\/p>\n\n\n\n<div style=\"height:34px\" aria-hidden=\"true\" class=\"wp-block-spacer\"><\/div>\n\n\n\n<div class=\"wp-block-image\"><figure class=\"alignleft size-large is-resized\"><img loading=\"lazy\" decoding=\"async\" src=\"https:\/\/enolife.com.ar\/es\/wp-content\/uploads\/2022\/09\/generador-576x1024-1.jpeg\" alt=\"\" class=\"wp-image-75440\" width=\"247\" height=\"347\" srcset=\"https:\/\/enolife.com.ar\/es\/wp-content\/uploads\/2022\/09\/generador-576x1024-1.jpeg 280w, https:\/\/enolife.com.ar\/es\/wp-content\/uploads\/2022\/09\/generador-576x1024-1-214x300.jpeg 214w\" sizes=\"auto, (max-width: 247px) 100vw, 247px\" \/><figcaption><em><strong>Generador de superficie: difunde AgI en la atm\u00f3sfera<\/strong><\/em><\/figcaption><\/figure><\/div>\n\n\n\n<p class=\"has-medium-font-size\"><strong>Qu\u00e9 es un generador de superficie<\/strong><\/p>\n\n\n\n<p>Los generadores de superficie son artefactos que combinan electr\u00f3nica con ingenier\u00eda mec\u00e1nica y sirven para difundir en la atm\u00f3sfera la sustancia yoduro de plata (AgI), que disuelve los n\u00facleos graniceros en las nubes.<\/p>\n\n\n\n<p>Es un dispositivo que se instala a nivel del suelo, dise\u00f1ado con el prop\u00f3sito de emitir a la atm\u00f3sfera n\u00facleos de congelaci\u00f3n en la zona de formaci\u00f3n y g\u00e9nesis de tormentas del Valle de Uco. <\/p>\n\n\n\n<p>De este modo, la siembra de nubes por Generadores de Superficie es un complemento a la siembra de nubes por aviones con el objetivo de lograr una mejor cobertura.<\/p>\n\n\n\n<p>Los Generadores de Superficie en Mendoza fueron instalados en posiciones fijas, en la regi\u00f3n monta\u00f1osa ubicada a barlovento de la zona a proteger del Valle de Uco y Oeste de Luj\u00e1n (Zona de G\u00e9nesis de Tormentas), de manera tal que el viento y la turbulencia natural eleve el material de siembra, y ayuden a la dispersi\u00f3n hacia las nubes.<\/p>\n\n\n\n<div style=\"height:20px\" aria-hidden=\"true\" class=\"wp-block-spacer\"><\/div>\n\n\n\n<p class=\"has-medium-font-size\"><strong>La vid, el cultivo m\u00e1s afectado<\/strong><\/p>\n\n\n\n<p>Entre setiembre y abril, Mendoza<strong>\u00a0registra un promedio de 5.600 tormentas.<\/strong>\u00a0Es un n\u00famero impactante, aunque s\u00f3lo un 11% de ellas -unas 600- ocurre sobre los tres oasis productivos que tiene el territorio mendocino:\u00a0el <strong>Oasis Norte<\/strong>, formado por los r\u00edos Mendoza y Tunuy\u00e1n Inferior; el <strong>Oasis Centro o Valle de Uco<\/strong>, a partir del r\u00edo Tunuy\u00e1n Superior; y el <strong>Oasis Sur<\/strong>, que tiene su origen en los r\u00edos Diamante y Atuel.<\/p>\n\n\n\n<p>\u00ab<em>En promedio, en&nbsp;<strong>cada temporada ocurren 116 d\u00edas con tormentas,<\/strong>&nbsp;de los cuales 54 corresponden a d\u00edas con tormentas severas sobre \u00e1reas cultivadas<\/em>\u00ab, explic\u00f3 el ingeniero mendocino <strong>Pablo Stalloca<\/strong>, especialista en el tema.&nbsp;\u00ab<em>La vid es el cultivo m\u00e1s afectado porque&nbsp;representa el 50% de la superficie cultivada&nbsp;en los tres oasis de la provincia y el 50% restante se compone de frutas de carozo, verduras y hortalizas<\/em>\u00ab, detall\u00f3.<\/p>\n\n\n\n<div style=\"height:38px\" aria-hidden=\"true\" class=\"wp-block-spacer\"><\/div>\n","protected":false},"excerpt":{"rendered":"<p>El 15 de setiembre, con anticipaci\u00f3n a la fecha habitual del 1 de octubre a&hellip;<\/p>\n","protected":false},"author":3,"featured_media":75446,"comment_status":"open","ping_status":"open","sticky":false,"template":"","format":"standard","meta":{"footnotes":""},"categories":[14],"tags":[],"class_list":["post-75402","post","type-post","status-publish","format-standard","has-post-thumbnail","hentry","category-news"],"_links":{"self":[{"href":"https:\/\/enolife.com.ar\/es\/wp-json\/wp\/v2\/posts\/75402","targetHints":{"allow":["GET"]}}],"collection":[{"href":"https:\/\/enolife.com.ar\/es\/wp-json\/wp\/v2\/posts"}],"about":[{"href":"https:\/\/enolife.com.ar\/es\/wp-json\/wp\/v2\/types\/post"}],"author":[{"embeddable":true,"href":"https:\/\/enolife.com.ar\/es\/wp-json\/wp\/v2\/users\/3"}],"replies":[{"embeddable":true,"href":"https:\/\/enolife.com.ar\/es\/wp-json\/wp\/v2\/comments?post=75402"}],"version-history":[{"count":0,"href":"https:\/\/enolife.com.ar\/es\/wp-json\/wp\/v2\/posts\/75402\/revisions"}],"wp:featuredmedia":[{"embeddable":true,"href":"https:\/\/enolife.com.ar\/es\/wp-json\/wp\/v2\/media\/75446"}],"wp:attachment":[{"href":"https:\/\/enolife.com.ar\/es\/wp-json\/wp\/v2\/media?parent=75402"}],"wp:term":[{"taxonomy":"category","embeddable":true,"href":"https:\/\/enolife.com.ar\/es\/wp-json\/wp\/v2\/categories?post=75402"},{"taxonomy":"post_tag","embeddable":true,"href":"https:\/\/enolife.com.ar\/es\/wp-json\/wp\/v2\/tags?post=75402"}],"curies":[{"name":"wp","href":"https:\/\/api.w.org\/{rel}","templated":true}]}}