{"id":75097,"date":"2022-09-09T15:09:28","date_gmt":"2022-09-09T15:09:28","guid":{"rendered":"http:\/\/enolife.com.ar\/es\/?p=75097"},"modified":"2022-09-09T22:38:23","modified_gmt":"2022-09-09T22:38:23","slug":"libros-vinos-y-artesanias-en-la-feria-inclusiva-el-10-9-en-plaza-italia-de-mendoza","status":"publish","type":"post","link":"https:\/\/enolife.com.ar\/es\/libros-vinos-y-artesanias-en-la-feria-inclusiva-el-10-9-en-plaza-italia-de-mendoza\/","title":{"rendered":"Libros, vinos y artesan\u00edas en la Feria Inclusiva, el 10\/9 en Plaza Italia de Mendoza"},"content":{"rendered":"\n<h4 class=\"wp-block-heading\"><em><strong>Esta exposici\u00f3n y venta con fines solidarios, ya tradicional en la provincia, se montar\u00e1 nuevamente ma\u00f1ana s\u00e1bado 10 de setiembre, de 10 a 20 hs en Plaza Italia de la Capital Mendocina. La propuesta incluye puestos de libros, indumentaria de dise\u00f1o, dulces, vinos, aceites de oliva, cuadros, tazas, cuchillos, cartucheras, ilustraciones, plantas, mochilas y cer\u00e1mica<\/strong><\/em>. <em><strong>La actividad est\u00e1 organizada por Encuentro INDI y Misi\u00f3n Verde Soluciones Sustentables, con el apoyo del \u00c1rea de Inclusi\u00f3n y Accesibilidad de la Municipalidad de Mendoza, escuelas especiales y ONGs de emprendedores locales.  <\/strong><\/em><\/h4>\n\n\n\n<div style=\"height:20px\" aria-hidden=\"true\" class=\"wp-block-spacer\"><\/div>\n\n\n\n\n\n<div style=\"height:73px\" aria-hidden=\"true\" class=\"wp-block-spacer\"><\/div>\n\n\n\n<div class=\"wp-block-image\"><figure class=\"alignleft size-large is-resized\"><img loading=\"lazy\" decoding=\"async\" src=\"https:\/\/enolife.com.ar\/es\/wp-content\/uploads\/2022\/09\/e304f6a5-d96d-45c1-a534-556fe6615863-1024x1024.jpg\" alt=\"\" class=\"wp-image-75232\" width=\"244\" height=\"244\" srcset=\"https:\/\/enolife.com.ar\/es\/wp-content\/uploads\/2022\/09\/e304f6a5-d96d-45c1-a534-556fe6615863-1024x1024.jpg 1024w, https:\/\/enolife.com.ar\/es\/wp-content\/uploads\/2022\/09\/e304f6a5-d96d-45c1-a534-556fe6615863-300x300.jpg 300w, https:\/\/enolife.com.ar\/es\/wp-content\/uploads\/2022\/09\/e304f6a5-d96d-45c1-a534-556fe6615863-150x150.jpg 150w, https:\/\/enolife.com.ar\/es\/wp-content\/uploads\/2022\/09\/e304f6a5-d96d-45c1-a534-556fe6615863-768x768.jpg 768w, https:\/\/enolife.com.ar\/es\/wp-content\/uploads\/2022\/09\/e304f6a5-d96d-45c1-a534-556fe6615863-585x585.jpg 585w, https:\/\/enolife.com.ar\/es\/wp-content\/uploads\/2022\/09\/e304f6a5-d96d-45c1-a534-556fe6615863.jpg 1080w\" sizes=\"auto, (max-width: 244px) 100vw, 244px\" \/><\/figure><\/div>\n\n\n\n<p>La muestra Arte Accesible est\u00e1 pensada para que vecinos y  turistas tengan disponible en la calle las obras de artesanos y artistas mendocinos. <\/p>\n\n\n\n<p>Fue declarada de Inter\u00e9s P\u00fablico por la C\u00e1mara de Diputados de Mendoza a trav\u00e9s de la Resoluci\u00f3n 863\/2022 y cuenta con colaboradores que pueden describir e interpretar los productos en venta a personas con capacidades diferentes.<\/p>\n\n\n\n<p class=\"has-background has-very-light-gray-background-color\"><strong>Lugar<\/strong>: Plaza Italia de la Capital de Mendoza, entre calles 25 de Mayo, San Lorenzo, Per\u00fa y Montevideo.<br><strong>Fecha<\/strong>: S\u00e1bado 10 de setiembre, de 10 a 20 has.<br><strong>IG: @encuentroindi<\/strong><br><strong>Contacto: +54 9 261 2160716<\/strong><\/p>\n\n\n\n<div style=\"height:20px\" aria-hidden=\"true\" class=\"wp-block-spacer\"><\/div>\n\n\n\n<div style=\"height:20px\" aria-hidden=\"true\" class=\"wp-block-spacer\"><\/div>\n\n\n\n<div style=\"height:20px\" aria-hidden=\"true\" class=\"wp-block-spacer\"><\/div>\n\n\n\n<div style=\"height:20px\" aria-hidden=\"true\" class=\"wp-block-spacer\"><\/div>\n\n\n\n<div style=\"height:50px\" aria-hidden=\"true\" class=\"wp-block-spacer\"><\/div>\n","protected":false},"excerpt":{"rendered":"<p>Esta exposici\u00f3n y venta con fines solidarios, ya tradicional en la provincia, se montar\u00e1 nuevamente&hellip;<\/p>\n","protected":false},"author":3,"featured_media":75140,"comment_status":"open","ping_status":"open","sticky":false,"template":"","format":"standard","meta":{"footnotes":""},"categories":[47],"tags":[],"class_list":["post-75097","post","type-post","status-publish","format-standard","has-post-thumbnail","hentry","category-agenda"],"_links":{"self":[{"href":"https:\/\/enolife.com.ar\/es\/wp-json\/wp\/v2\/posts\/75097","targetHints":{"allow":["GET"]}}],"collection":[{"href":"https:\/\/enolife.com.ar\/es\/wp-json\/wp\/v2\/posts"}],"about":[{"href":"https:\/\/enolife.com.ar\/es\/wp-json\/wp\/v2\/types\/post"}],"author":[{"embeddable":true,"href":"https:\/\/enolife.com.ar\/es\/wp-json\/wp\/v2\/users\/3"}],"replies":[{"embeddable":true,"href":"https:\/\/enolife.com.ar\/es\/wp-json\/wp\/v2\/comments?post=75097"}],"version-history":[{"count":0,"href":"https:\/\/enolife.com.ar\/es\/wp-json\/wp\/v2\/posts\/75097\/revisions"}],"wp:featuredmedia":[{"embeddable":true,"href":"https:\/\/enolife.com.ar\/es\/wp-json\/wp\/v2\/media\/75140"}],"wp:attachment":[{"href":"https:\/\/enolife.com.ar\/es\/wp-json\/wp\/v2\/media?parent=75097"}],"wp:term":[{"taxonomy":"category","embeddable":true,"href":"https:\/\/enolife.com.ar\/es\/wp-json\/wp\/v2\/categories?post=75097"},{"taxonomy":"post_tag","embeddable":true,"href":"https:\/\/enolife.com.ar\/es\/wp-json\/wp\/v2\/tags?post=75097"}],"curies":[{"name":"wp","href":"https:\/\/api.w.org\/{rel}","templated":true}]}}