{"id":75090,"date":"2022-09-09T23:24:33","date_gmt":"2022-09-09T23:24:33","guid":{"rendered":"http:\/\/enolife.com.ar\/es\/?p=75090"},"modified":"2022-09-13T16:29:13","modified_gmt":"2022-09-13T16:29:13","slug":"la-cci-mendoza-facilita-la-presencia-mendocina-en-la-feria-vitivinicola-simei-en-milan-del-15-al-18-11","status":"publish","type":"post","link":"https:\/\/enolife.com.ar\/es\/la-cci-mendoza-facilita-la-presencia-mendocina-en-la-feria-vitivinicola-simei-en-milan-del-15-al-18-11\/","title":{"rendered":"La CCI Mendoza facilita la presencia mendocina en la Feria vitivin\u00edcola Simei en Mil\u00e1n del 15 al 18\/11"},"content":{"rendered":"\n<h4 class=\"wp-block-heading\"><em><strong>La C\u00e1mara de Comercio Italiana (CCI) en Mendoza -asociaci\u00f3n encargada de brindar asistencia comercial y vincular a las empresas mendocinas con las italianas- invita al Sal\u00f3n Internacional de M\u00e1quinas para Enolog\u00eda y Embotellado (Simei, por sus siglas en italiano), a realizarse en la ciudad de Mil\u00e1n, Italia del 15 al 18\/11 de 2022. La filial mendocina de la entidad argentino-italiana asesora a los interesados sobre detalles de alojamiento, pasajes a\u00e9reos, transportes en Mil\u00e1n, precios e ingresos VIP a esta ya tradicional Feria bienal.<\/strong><\/em> <\/h4>\n\n\n\n<hr class=\"wp-block-separator\"\/>\n\n\n\n<h4 class=\"wp-block-heading\"><em><strong>Enolife estar\u00e1 presente en Mil\u00e1n como \u00fanico media partner sudamericano de Simei. En pr\u00f3ximas notas divulgaremos informaci\u00f3n en detalle sobre empresas participantes e innovaciones tecnol\u00f3gicas, as\u00ed como un informe final y balance tras el evento.  <\/strong><\/em><\/h4>\n\n\n\n<div style=\"height:20px\" aria-hidden=\"true\" class=\"wp-block-spacer\"><\/div>\n\n\n\n\n\n<div style=\"height:50px\" aria-hidden=\"true\" class=\"wp-block-spacer\"><\/div>\n\n\n\n<p>La <strong>C\u00e1mara de Comercio Italiana en Mendoza (CCI)<\/strong> es una asociaci\u00f3n de derecho privado, con estructura electiva y compuesta por empresarios, dirigentes, comerciantes y profesionales. Su misi\u00f3n es brindar asistencia, informaci\u00f3n econ\u00f3mica, comercial y tecnol\u00f3gica, activar contactos, organizar misiones, participar en ferias y potenciar acciones que favorezcan el crecimiento regional.<\/p>\n\n\n\n<p>En ese sentido, y con el objetivo de alentar el desarrollo de los intercambios comerciales entre <strong>Mendoza<\/strong> e <strong>Italia<\/strong>, y en funci\u00f3n de la importancia de la industria vitivin\u00edcola en ambas regiones, la CCI Mendoza acompa\u00f1a a empresarios del vino que quieran participar de la edici\u00f3n 29 de la Feria Simei, del 15 al 18\/11 de 2022, a realizarse en el preido Fiera Milano, Mil\u00e1n, Lombard\u00eda, Italia.<\/p>\n\n\n\n<p>Esta exposici\u00f3n internacional, que re\u00fane toda la oferta en tecnolog\u00eda aplicada a la cadena de suministro de vinos y bebidas, es organizada por la <strong>Unione Italiana Vini<\/strong> (<strong>Uni\u00f3n Italiana del Vino, UIV<\/strong>) y en esta edici\u00f3n 2022 se presentar\u00e1n <strong>364 empresas de 15 categor\u00edas de productos<\/strong>, en 4 pabellones, y el <strong>foco estar\u00e1 puesto en la sustentabilidad. <\/strong><\/p>\n\n\n\n<p>De este modo se podr\u00e1n conocer innovaciones y procesos \u00abverdes\u00bb en la producci\u00f3n de vino, aceite, cerveza y licores.  Adem\u00e1s, en simult\u00e1neo, se realiza el <strong>Foro Mundial de Mujeres del Vino<\/strong>, cuyo lema ser\u00e1 \u00abCultivando el futuro y la paz\u00bb, para dar visibilidad y poner en valor el rol de la mujer en la industria vitivin\u00edcola, en el cual la vitivinicultura argentina estar\u00e1 <strong>representada por <\/strong>la presidenta de<strong> la Asociaci\u00f3n de Mujeres del Vino (Amuva), <\/strong>la ingeniera mendocina <strong>Cristina Pandolfi.<\/strong><\/p>\n\n\n\n<div style=\"height:20px\" aria-hidden=\"true\" class=\"wp-block-spacer\"><\/div>\n\n\n\n<p class=\"has-background has-very-light-gray-background-color\">Algunos de los rubros principales de <strong>Simei<\/strong> ser\u00e1n: materias primas, productos qu\u00edmicos y biol\u00f3gicos, m\u00e1quinas de producci\u00f3n y tecnolog\u00edas de proceso,  contenedores y filtros, embotellado y llenado, m\u00e1quinas de inspecci\u00f3n, selecci\u00f3n y equipamiento de control, productos y elementos de medici\u00f3n, productos y m\u00e1quinas para lavado, tapado y etiquetado, producci\u00f3n y transporte interno, servicios.<\/p>\n\n\n\n<div style=\"height:20px\" aria-hidden=\"true\" class=\"wp-block-spacer\"><\/div>\n\n\n\n<p>Para facilitar la participaci\u00f3n de empresarios mendocinos en la Simei, la CCI Mendoza har\u00e1 de nexo y brindar\u00e1 la informaci\u00f3n y asesoramiento necesario respecto a vuelos, hoteles, traslados, contacto con organizadores y expositores de la Feria. <\/p>\n\n\n\n<p class=\"has-background has-very-light-gray-background-color\"><strong>Informes: + 54&nbsp; ( 261 )&nbsp; 4298771&nbsp; &#8211;&nbsp; 4290964 &#8211; Rodr\u00edguez 1195&nbsp; (5500) Mendoza &#8211; Argentina &#8211; E mail: <a href=\"mailto:info@ccimendoza.com\">info@ccimendoza.com<\/a><\/strong><\/p>\n\n\n\n<div style=\"height:49px\" aria-hidden=\"true\" class=\"wp-block-spacer\"><\/div>\n","protected":false},"excerpt":{"rendered":"<p>La C\u00e1mara de Comercio Italiana (CCI) en Mendoza -asociaci\u00f3n encargada de brindar asistencia comercial y&hellip;<\/p>\n","protected":false},"author":3,"featured_media":75173,"comment_status":"open","ping_status":"open","sticky":false,"template":"","format":"standard","meta":{"footnotes":""},"categories":[10],"tags":[],"class_list":["post-75090","post","type-post","status-publish","format-standard","has-post-thumbnail","hentry","category-ferias"],"_links":{"self":[{"href":"https:\/\/enolife.com.ar\/es\/wp-json\/wp\/v2\/posts\/75090","targetHints":{"allow":["GET"]}}],"collection":[{"href":"https:\/\/enolife.com.ar\/es\/wp-json\/wp\/v2\/posts"}],"about":[{"href":"https:\/\/enolife.com.ar\/es\/wp-json\/wp\/v2\/types\/post"}],"author":[{"embeddable":true,"href":"https:\/\/enolife.com.ar\/es\/wp-json\/wp\/v2\/users\/3"}],"replies":[{"embeddable":true,"href":"https:\/\/enolife.com.ar\/es\/wp-json\/wp\/v2\/comments?post=75090"}],"version-history":[{"count":0,"href":"https:\/\/enolife.com.ar\/es\/wp-json\/wp\/v2\/posts\/75090\/revisions"}],"wp:featuredmedia":[{"embeddable":true,"href":"https:\/\/enolife.com.ar\/es\/wp-json\/wp\/v2\/media\/75173"}],"wp:attachment":[{"href":"https:\/\/enolife.com.ar\/es\/wp-json\/wp\/v2\/media?parent=75090"}],"wp:term":[{"taxonomy":"category","embeddable":true,"href":"https:\/\/enolife.com.ar\/es\/wp-json\/wp\/v2\/categories?post=75090"},{"taxonomy":"post_tag","embeddable":true,"href":"https:\/\/enolife.com.ar\/es\/wp-json\/wp\/v2\/tags?post=75090"}],"curies":[{"name":"wp","href":"https:\/\/api.w.org\/{rel}","templated":true}]}}