{"id":75088,"date":"2022-09-10T00:06:45","date_gmt":"2022-09-10T00:06:45","guid":{"rendered":"http:\/\/enolife.com.ar\/es\/?p=75088"},"modified":"2022-09-11T16:25:56","modified_gmt":"2022-09-11T16:25:56","slug":"podcast-en-escena-vino-y-literatura-el-14-9-en-la-enoteca-para-celebrar-la-obra-de-liliana-bodoc","status":"publish","type":"post","link":"https:\/\/enolife.com.ar\/es\/podcast-en-escena-vino-y-literatura-el-14-9-en-la-enoteca-para-celebrar-la-obra-de-liliana-bodoc\/","title":{"rendered":"\u00abPodcast en escena\u00bb: vino y literatura el 14\/9 en la Enoteca para  celebrar la obra de Liliana Bodoc"},"content":{"rendered":"\n<h4 class=\"wp-block-heading\"><em><strong>El centro tem\u00e1tico del vino de la capital de Mendoza presenta, por 2do. a\u00f1o consecutivo, una propuesta que hilvana relatos, vinos, m\u00fasica y audiovisuales de la mano de la periodista cultural Patricia Slukich y la fot\u00f3grafa Mar\u00eda Jos\u00e9 Navarro Sard\u00e1. Los encuentros comenzar\u00e1n el 14\/9, cuando se presentar\u00e1 el universo de la ic\u00f3nica autora mendocina Liliana Bodoc. Y le seguir\u00e1n podcasts sobre Mar\u00eda Morena (el 21\/9) y Clarice Lispector (el 29\/9). Las entradas est\u00e1n disponibles en Eventbrite y a un costo de $500 para cada episodio y $1.200 por el ciclo completo.<\/strong><\/em><\/h4>\n\n\n\n<div style=\"height:20px\" aria-hidden=\"true\" class=\"wp-block-spacer\"><\/div>\n\n\n<a href=\"https:\/\/enolife.com.ar\/es\/category\/vino\/\" aria-label=\"banner-el-vino-las-une\"><img loading=\"lazy\" decoding=\"async\" src=\"https:\/\/enolife.com.ar\/es\/wp-content\/uploads\/2021\/12\/banner-el-vino-las-une.gif\" alt=\"\"  width=\"1700\" height=\"500\"   \/><\/a>\n\n\n<div style=\"height:28px\" aria-hidden=\"true\" class=\"wp-block-spacer\"><\/div>\n\n\n\n<p>El Fondo Vitivin\u00edcola, la entidad encargada de promover el vino argentino en el mercado interno, junto a Casa Montenegro Multiespacio Cultural, reeditan un ciclo de podcasts en vivo con la finalidad de generar un maridaje entre literatura y vinos.<\/p>\n\n\n\n<p>Los encuentros ser\u00e1n en La Enoteca, Peltier 611 de la ciudad de Mendoza, a las 20 hs, y dibujar\u00e1n la semblanza y la obra de tres autoras fundamentales:<\/p>\n\n\n\n<p><strong>Liliana Bodoc, el 14 de setiembre<\/strong>: Santafesina que desarroll\u00f3 su carrera en Mendoza, fue referente de la literatura \u00e9pica y fant\u00e1stica en Argentina. Autora de m\u00e1s de veinte t\u00edtulos, sus historias de&nbsp;<em>La saga de los confines<\/em>&nbsp;y&nbsp;<em>Tiempo de dragones<\/em>&nbsp;tienen miles de fans j\u00f3venes y adultos.<\/p>\n\n\n\n<p><strong>Mar\u00eda Moreno , el 21 de setiembre:<\/strong> Periodista, escritora y cr\u00edtica cultural argentina, con una vasta producci\u00f3n de escritos relacionados con tem\u00e1ticas acerca de las mujeres. Actualmente es directora del&nbsp;Museo del Libro y de la Lengua, anexo de la Biblioteca Nacional Argentina. <\/p>\n\n\n\n<p><strong>Clarice Lispector, el 29 de setiembre:<\/strong> Naci\u00f3 en 1920 en Ucrania, hija de emigrantes jud\u00edos que se mudaron a Brasil a sus dos meses de edad. Es una de las escritoras en lengua portuguesa m\u00e1s importantes del siglo XX, con su primera obra \u00abCerca del coraz\u00f3n salvaje\u00bb, que escribi\u00f3 a sus 19 a\u00f1os, recibi\u00f3 el premio Gra\u00e7a Aranha para a la mejor novela publicada en 1943.<\/p>\n\n\n\n<p>Las entradas est\u00e1n disponibles en Eventbrite y tienen un costo de $500 para cada episodio y $1.200 por el ciclo completo.<\/p>\n\n\n\n<p class=\"has-background has-very-light-gray-background-color\"><strong>Adquir\u00ed la entradas <a href=\"https:\/\/www.eventbrite.com.ar\/e\/podcast-y-vino-en-escena-liliana-bodoc-tickets-416646720557?aff=odeimcmailchimp&amp;mc_eid=c8feb6be5f&amp;mc_cid=096cbd949d\">AQU\u00cd<\/a><\/strong><\/p>\n\n\n\n<p><strong>M\u00e1s informaci\u00f3n en <a href=\"mailto:comunicacion@fondovitivinicola.com.ar\">comunicacion@fondovitivinicola.com.ar<\/a><\/strong><\/p>\n\n\n\n<div style=\"height:20px\" aria-hidden=\"true\" class=\"wp-block-spacer\"><\/div>\n\n\n\n<p class=\"has-medium-font-size\"><strong>Casa Montenegro<\/strong><\/p>\n\n\n\n<p>Casa Montenegro es un espacio cultural donde disfrutar de libros, m\u00fasica, pel\u00edculas con vinos originales que no se encuentran en otros lugares de Mendoza, y en el que se realizan tambi\u00e9n actividades de formaci\u00f3n, arte, exhibiciones, debates, foros y presentaciones. <\/p>\n\n\n\n<p>Surgi\u00f3 de un sue\u00f1o de dos amigas amantes de la literatura, el arte y el vino, Patricia Slukich y Mar\u00eda Jos\u00e9 Navarro Sarda, que en homenaje al abuelo de \u00e9sta \u00faltima lo bautizaron con el nombre de su tierra natal \u00abMontenegro\u00bb.<\/p>\n\n\n\n<div style=\"height:20px\" aria-hidden=\"true\" class=\"wp-block-spacer\"><\/div>\n\n\n\n<div class=\"wp-block-image\"><figure class=\"aligncenter size-large is-resized\"><img loading=\"lazy\" decoding=\"async\" src=\"https:\/\/enolife.com.ar\/es\/wp-content\/uploads\/2022\/09\/Imagen3-3.jpg\" alt=\"\" class=\"wp-image-75207\" width=\"513\" height=\"321\" srcset=\"https:\/\/enolife.com.ar\/es\/wp-content\/uploads\/2022\/09\/Imagen3-3.jpg 638w, https:\/\/enolife.com.ar\/es\/wp-content\/uploads\/2022\/09\/Imagen3-3-300x188.jpg 300w, https:\/\/enolife.com.ar\/es\/wp-content\/uploads\/2022\/09\/Imagen3-3-585x367.jpg 585w\" sizes=\"auto, (max-width: 513px) 100vw, 513px\" \/><figcaption><strong><em> Mar\u00eda Jos\u00e9 Navarro Sarda y Patricia Slukich<\/em><\/strong><\/figcaption><\/figure><\/div>\n\n\n\n<div style=\"height:20px\" aria-hidden=\"true\" class=\"wp-block-spacer\"><\/div>\n\n\n\n<p><strong>Patricia Slukich<\/strong> es&nbsp;periodista cultural, especializada en cine y teatro, pero con sus horizontes de inter\u00e9s en la literatura, la escritura y la cultura medi\u00e1tica. Editora de Espect\u00e1culos y Cultura en Diario Los Andes, docente y escritora.<\/p>\n\n\n\n<p><strong>Mar\u00eda Jos\u00e9 Navarro Sarda<\/strong> es&nbsp;fot\u00f3grafa, especializada en las artes esc\u00e9nicas y parte del Estudio Majo N Fotograf\u00eda. Tambi\u00e9n gestora cultural, amante del mundo del vino,&nbsp;promotora de las artes y el turismo y productora apasionada.<\/p>\n\n\n\n<p class=\"has-background has-very-light-gray-background-color\"><strong>Conoc\u00e9 m\u00e1s sobre Casa Montenegro <a href=\"https:\/\/www.casamontenegro.com.ar\/\">AQU\u00cd<\/a><\/strong><\/p>\n\n\n\n<div style=\"height:42px\" aria-hidden=\"true\" class=\"wp-block-spacer\"><\/div>\n","protected":false},"excerpt":{"rendered":"<p>El centro tem\u00e1tico del vino de la capital de Mendoza presenta, por 2do. a\u00f1o consecutivo,&hellip;<\/p>\n","protected":false},"author":3,"featured_media":75209,"comment_status":"open","ping_status":"open","sticky":false,"template":"","format":"standard","meta":{"footnotes":""},"categories":[47],"tags":[],"class_list":["post-75088","post","type-post","status-publish","format-standard","has-post-thumbnail","hentry","category-agenda"],"_links":{"self":[{"href":"https:\/\/enolife.com.ar\/es\/wp-json\/wp\/v2\/posts\/75088","targetHints":{"allow":["GET"]}}],"collection":[{"href":"https:\/\/enolife.com.ar\/es\/wp-json\/wp\/v2\/posts"}],"about":[{"href":"https:\/\/enolife.com.ar\/es\/wp-json\/wp\/v2\/types\/post"}],"author":[{"embeddable":true,"href":"https:\/\/enolife.com.ar\/es\/wp-json\/wp\/v2\/users\/3"}],"replies":[{"embeddable":true,"href":"https:\/\/enolife.com.ar\/es\/wp-json\/wp\/v2\/comments?post=75088"}],"version-history":[{"count":0,"href":"https:\/\/enolife.com.ar\/es\/wp-json\/wp\/v2\/posts\/75088\/revisions"}],"wp:featuredmedia":[{"embeddable":true,"href":"https:\/\/enolife.com.ar\/es\/wp-json\/wp\/v2\/media\/75209"}],"wp:attachment":[{"href":"https:\/\/enolife.com.ar\/es\/wp-json\/wp\/v2\/media?parent=75088"}],"wp:term":[{"taxonomy":"category","embeddable":true,"href":"https:\/\/enolife.com.ar\/es\/wp-json\/wp\/v2\/categories?post=75088"},{"taxonomy":"post_tag","embeddable":true,"href":"https:\/\/enolife.com.ar\/es\/wp-json\/wp\/v2\/tags?post=75088"}],"curies":[{"name":"wp","href":"https:\/\/api.w.org\/{rel}","templated":true}]}}