{"id":74796,"date":"2022-09-06T20:39:48","date_gmt":"2022-09-06T20:39:48","guid":{"rendered":"http:\/\/enolife.com.ar\/es\/?p=74796"},"modified":"2022-09-07T18:34:44","modified_gmt":"2022-09-07T18:34:44","slug":"en-fray-luis-beltran-dictaran-una-capacitacion-gratis-sobre-control-de-lobesia-el-8-9","status":"publish","type":"post","link":"https:\/\/enolife.com.ar\/es\/en-fray-luis-beltran-dictaran-una-capacitacion-gratis-sobre-control-de-lobesia-el-8-9\/","title":{"rendered":"En Fray Luis Beltr\u00e1n dictar\u00e1n una capacitaci\u00f3n gratis sobre control de lobesia el 8\/9"},"content":{"rendered":"\n<h4 class=\"wp-block-heading\"><em><strong>La Corporaci\u00f3n Vitivin\u00edcola Argentina (Coviar), el Instituto Nacional de Tecnolog\u00eda Agropecuaria (INTA), junto al Instituto de Sanidad y Calidad Agropecuaria de Mendoza (Iscamen) y la Municipalidad de Maip\u00fa, llevar\u00e1n a cabo una \u00abJornada de capacitaci\u00f3n de control de lobesia\u00bb para productores vitivin\u00edcolas el jueves 8\/9 en Fray Luis Beltr\u00e1n, Mendoza, con entrada libre y gratuita.<\/strong><\/em><\/h4>\n\n\n\n<div style=\"height:20px\" aria-hidden=\"true\" class=\"wp-block-spacer\"><\/div>\n\n\n<a href=\"https:\/\/www.instagram.com\/agroconciencia_\" aria-label=\"BANNER AGROCONCIENCIA 1700X500\"><img loading=\"lazy\" decoding=\"async\" src=\"https:\/\/enolife.com.ar\/es\/wp-content\/uploads\/2019\/07\/BANNER-AGROCONCIENCIA-1700X500-1.jpg\" alt=\"\"  srcset=\"https:\/\/enolife.com.ar\/es\/wp-content\/uploads\/2019\/07\/BANNER-AGROCONCIENCIA-1700X500-1.jpg 1700w, https:\/\/enolife.com.ar\/es\/wp-content\/uploads\/2019\/07\/BANNER-AGROCONCIENCIA-1700X500-1-300x88.jpg 300w, https:\/\/enolife.com.ar\/es\/wp-content\/uploads\/2019\/07\/BANNER-AGROCONCIENCIA-1700X500-1-1024x301.jpg 1024w, https:\/\/enolife.com.ar\/es\/wp-content\/uploads\/2019\/07\/BANNER-AGROCONCIENCIA-1700X500-1-768x226.jpg 768w, https:\/\/enolife.com.ar\/es\/wp-content\/uploads\/2019\/07\/BANNER-AGROCONCIENCIA-1700X500-1-1536x452.jpg 1536w, https:\/\/enolife.com.ar\/es\/wp-content\/uploads\/2019\/07\/BANNER-AGROCONCIENCIA-1700X500-1-1170x344.jpg 1170w, https:\/\/enolife.com.ar\/es\/wp-content\/uploads\/2019\/07\/BANNER-AGROCONCIENCIA-1700X500-1-585x172.jpg 585w\" sizes=\"auto, (max-width: 1700px) 100vw, 1700px\" width=\"1700\" height=\"500\"   \/><\/a>\n\n\n<div style=\"height:56px\" aria-hidden=\"true\" class=\"wp-block-spacer\"><\/div>\n\n\n\n<p>La lobesia botrana es una plaga cuarentenaria que est\u00e1 causando graves da\u00f1os en varias zonas vit\u00edcolas de Argentina. Es un lepid\u00f3ptero, una polilla que afecta principalmente al cultivo de la vid y se detect\u00f3 en Mendoza en el a\u00f1o 2010.<\/p>\n\n\n\n<p>Esta polilla afecta a la flor de la vid, la mariposa adulta coloca los huevos en la flor y cuando nace la larva se alimenta de todas su partes; a su vez va tejiendo una especie de seda formando algo similar a un nido llamado glom\u00e9rulo. Cuando se produce el cuaje y empieza a formarse el fruto lo perfora, come la semilla verde y luego, en maduraci\u00f3n, contin\u00faa atacando todo el grano hasta secarlo por completo. <\/p>\n\n\n\n<p>Tambi\u00e9n existe un da\u00f1o indirecto, ya que act\u00faa como transmisor de la podredumbre de los racimos, que es un conjunto de hongos (el principal es&nbsp;<em>Botrytiscinerea)<\/em>&nbsp;que genera una importante disminuci\u00f3n del rendimiento en el momento cercano a la cosecha.<\/p>\n\n\n\n<div style=\"height:20px\" aria-hidden=\"true\" class=\"wp-block-spacer\"><\/div>\n\n\n\n<div class=\"wp-block-image\"><figure class=\"alignleft size-large is-resized\"><img loading=\"lazy\" decoding=\"async\" src=\"https:\/\/enolife.com.ar\/es\/wp-content\/uploads\/2022\/09\/b2dc2795-bf80-41cc-b355-5deccb77a8e8-2.jpg\" alt=\"\" class=\"wp-image-74831\" width=\"256\" height=\"293\" srcset=\"https:\/\/enolife.com.ar\/es\/wp-content\/uploads\/2022\/09\/b2dc2795-bf80-41cc-b355-5deccb77a8e8-2.jpg 349w, https:\/\/enolife.com.ar\/es\/wp-content\/uploads\/2022\/09\/b2dc2795-bf80-41cc-b355-5deccb77a8e8-2-262x300.jpg 262w\" sizes=\"auto, (max-width: 256px) 100vw, 256px\" \/><\/figure><\/div>\n\n\n\n<p>Al respecto, la Coviar, el INTA, el Iscamen, la Municipalidad de Maip\u00fa y el CFI invitan el <strong>jueves 18\/9 a las 15 hs a la \u00abJornada de capacitaci\u00f3n de control de lobesia\u00bb<\/strong>.<\/p>\n\n\n\n<p><strong>Lugar<\/strong>: CIC Fray Luis Beltr\u00e1n, Los \u00c1lamos, Mendoza.<\/p>\n\n\n\n<p><strong>Los temas a tratar ser\u00e1n:<\/strong><br>&#8211; Control de lobesia<br>&#8211; Estrategia para campa\u00f1a 2022-2023<br>&#8211; Pulverizaci\u00f3n en vi\u00f1edos con drones, a cargo de la empresa AgroVants<\/p>\n\n\n\n<p class=\"has-background has-very-light-gray-background-color\"><strong>La entrada es libre y gratuita y para mayor informaci\u00f3n consultar al m\u00f3vil +54 9  261 631 7934<\/strong><\/p>\n\n\n\n<div style=\"height:37px\" aria-hidden=\"true\" class=\"wp-block-spacer\"><\/div>\n","protected":false},"excerpt":{"rendered":"<p>La Corporaci\u00f3n Vitivin\u00edcola Argentina (Coviar), el Instituto Nacional de Tecnolog\u00eda Agropecuaria (INTA), junto al Instituto&hellip;<\/p>\n","protected":false},"author":3,"featured_media":74838,"comment_status":"open","ping_status":"open","sticky":false,"template":"","format":"standard","meta":{"footnotes":""},"categories":[47],"tags":[],"class_list":["post-74796","post","type-post","status-publish","format-standard","has-post-thumbnail","hentry","category-agenda"],"_links":{"self":[{"href":"https:\/\/enolife.com.ar\/es\/wp-json\/wp\/v2\/posts\/74796","targetHints":{"allow":["GET"]}}],"collection":[{"href":"https:\/\/enolife.com.ar\/es\/wp-json\/wp\/v2\/posts"}],"about":[{"href":"https:\/\/enolife.com.ar\/es\/wp-json\/wp\/v2\/types\/post"}],"author":[{"embeddable":true,"href":"https:\/\/enolife.com.ar\/es\/wp-json\/wp\/v2\/users\/3"}],"replies":[{"embeddable":true,"href":"https:\/\/enolife.com.ar\/es\/wp-json\/wp\/v2\/comments?post=74796"}],"version-history":[{"count":0,"href":"https:\/\/enolife.com.ar\/es\/wp-json\/wp\/v2\/posts\/74796\/revisions"}],"wp:featuredmedia":[{"embeddable":true,"href":"https:\/\/enolife.com.ar\/es\/wp-json\/wp\/v2\/media\/74838"}],"wp:attachment":[{"href":"https:\/\/enolife.com.ar\/es\/wp-json\/wp\/v2\/media?parent=74796"}],"wp:term":[{"taxonomy":"category","embeddable":true,"href":"https:\/\/enolife.com.ar\/es\/wp-json\/wp\/v2\/categories?post=74796"},{"taxonomy":"post_tag","embeddable":true,"href":"https:\/\/enolife.com.ar\/es\/wp-json\/wp\/v2\/tags?post=74796"}],"curies":[{"name":"wp","href":"https:\/\/api.w.org\/{rel}","templated":true}]}}