{"id":7468,"date":"2020-02-07T22:03:13","date_gmt":"2020-02-07T22:03:13","guid":{"rendered":"http:\/\/enolife.com.ar\/es\/?p=7468"},"modified":"2020-02-11T18:40:37","modified_gmt":"2020-02-11T18:40:37","slug":"coninagro-relanza-su-proyecto-para-generar-arraigo-en-el-campo-el-procrear-rural","status":"publish","type":"post","link":"https:\/\/enolife.com.ar\/es\/coninagro-relanza-su-proyecto-para-generar-arraigo-en-el-campo-el-procrear-rural\/","title":{"rendered":"Coninagro relanza su proyecto para generar arraigo en el campo: el \u00abProCrear Rural\u00bb"},"content":{"rendered":"\n<h4 class=\"wp-block-heading\"><strong><em>En 2018, la Confederaci\u00f3n Intercooperativa Agropecuaria (Coninagro) present\u00f3 en el Congreso de la Naci\u00f3n un proyecto de ley destinado al desarrollo de las econom\u00edas regionales. La idea se fundamenta en la necesidad de crear condiciones para que los productores y trabajadores se afinquen en las zonas rurales de nuestro pa\u00eds. Con ello se busca activar la econom\u00eda y el desarrollo del campo. &nbsp;<\/em> <\/strong><\/h4>\n\n\n\n<div style=\"height:27px\" aria-hidden=\"true\" class=\"wp-block-spacer\"><\/div>\n\n\n\n<p>Al respecto, el titular de Coninagro, el mendocino Carlos Iannizzotto, sostuvo que \u201cen la actualidad no hay planes de vivienda rural, no hubo en el gobierno anterior y podr\u00eda ser una nueva modalidad para el gobierno que comenz\u00f3 en diciembre pasado su gesti\u00f3n\u201d.<\/p>\n\n\n\n<p>\u201cEs importante que exista una pol\u00edtica habitacional para mucha gente que se desarrolla en el campo. La dignidad del trabajo tiene que estar acompa\u00f1ada de una vivienda familiar acorde al esfuerzo y al compromiso; estamos seguros de que se puede destinar cr\u00e9dito para la vivienda rural\u201d, dijo Iannizzotto.<\/p>\n\n\n\n<p>\u201cEl problema de la  vivienda urbana es el valor de la construcci\u00f3n y la limitaci\u00f3n en ubicaci\u00f3n y costo de los terrenos. Mientras que en los sectores rurales la extensi\u00f3n y posibilidades de tierra se multiplican\u201d, agreg\u00f3.<\/p>\n\n\n\n<p>\u201cEs importante destacar que la vivienda rural favorece la equitad territorial promoviendo la ocupaci\u00f3n del suelo provincial e impulsando el arraigo rural y desarrollo local. El arraigo, hoy es equivalente a vivienda, conectividad y educaci\u00f3n rural\u201d, redonde\u00f3.<\/p>\n\n\n\n<div style=\"height:20px\" aria-hidden=\"true\" class=\"wp-block-spacer\"><\/div>\n\n\n\n<figure class=\"wp-block-embed-twitter wp-block-embed is-type-rich is-provider-twitter\"><div class=\"wp-block-embed__wrapper\">\n<blockquote class=\"twitter-tweet\" data-width=\"550\" data-dnt=\"true\"><p lang=\"es\" dir=\"ltr\">Coninagro propone la creaci\u00f3n del ProCreAr Rural. El titular de la entidad <a href=\"https:\/\/twitter.com\/Iannizzotto_C?ref_src=twsrc%5Etfw\">@Iannizzotto_C<\/a> explic\u00f3 que: &quot;uno de los inconvenientes en la pol\u00edtica habitacional es el acceso al terreno, y en el sector rural contamos con extensiones para construir viviendas&quot; <a href=\"https:\/\/t.co\/3l9DsDeerC\">https:\/\/t.co\/3l9DsDeerC<\/a> <a href=\"https:\/\/t.co\/iDBGsNnlaM\">pic.twitter.com\/iDBGsNnlaM<\/a><\/p>&mdash; CONINAGRO (@CONINAGRO) <a href=\"https:\/\/twitter.com\/CONINAGRO\/status\/1225773733907968002?ref_src=twsrc%5Etfw\">February 7, 2020<\/a><\/blockquote><script async src=\"https:\/\/platform.twitter.com\/widgets.js\" charset=\"utf-8\"><\/script>\n<\/div><\/figure>\n\n\n\n<div style=\"height:20px\" aria-hidden=\"true\" class=\"wp-block-spacer\"><\/div>\n\n\n\n<p class=\"has-medium-font-size\"><strong>Qu\u00e9 dice la Ley de Econom\u00edas Regionales promovida por Coninagro<\/strong><\/p>\n\n\n\n<div style=\"height:20px\" aria-hidden=\"true\" class=\"wp-block-spacer\"><\/div>\n\n\n\n<ul class=\"wp-block-list\"><li>Art\u00edculo 7\u00b0 \u2013 El arraigo, como acci\u00f3n de afincarse en algunas de las \u00e1reas rurales de las Econom\u00edas Regionales a lo largo de todo el pa\u00eds, se establece como un eje estrat\u00e9gico para su desarrollo vital y sostenido. Asimismo, se establece la prioridad de promoci\u00f3n y financiaci\u00f3n, de todos los Planes y Programas que incentiven vivienda, conectividad y educaci\u00f3n rural, tanto de la presente Ley como de otras que aborden el desarrollo local y las Econom\u00edas Regionales.<\/li><\/ul>\n\n\n\n<p>Coninagro propone la creaci\u00f3n del ProCreAr Rural con las necesarias adaptaciones a las caracter\u00edsticas de los empleos propios de la ruralidad.<\/p>\n\n\n\n<ul class=\"wp-block-list\"><li>Art\u00edculo 27\u00b0 \u2013 Cr\u00e9ase el ProCreAr Rural, un Programa de Cr\u00e9dito Argentino destinado a cubrir el d\u00e9ficit habitacional fuera de los centros urbanos y con regulaciones espec\u00edficas y adaptadas al empleo en la ruralidad que ser\u00e1n determinadas por la autoridad de aplicaci\u00f3n, en este caso, el Ministerio del Interior, Obras P\u00fablicas y Vivienda. Para ello, modificase el Decreto 902\/12 incorporando la ruralidad como beneficiaria de las operatorias previstas. (propuesta de la Ley de EERR).<\/li><\/ul>\n\n\n\n<div style=\"height:25px\" aria-hidden=\"true\" class=\"wp-block-spacer\"><\/div>\n\n\n\n<p class=\"has-small-font-size\"><em><strong>Fuente: Coninagro<\/strong><\/em><\/p>\n","protected":false},"excerpt":{"rendered":"<p>En 2018, la Confederaci\u00f3n Intercooperativa Agropecuaria (Coninagro) present\u00f3 en el Congreso de la Naci\u00f3n un&hellip;<\/p>\n","protected":false},"author":3,"featured_media":7484,"comment_status":"open","ping_status":"open","sticky":false,"template":"","format":"standard","meta":{"footnotes":""},"categories":[5],"tags":[],"class_list":["post-7468","post","type-post","status-publish","format-standard","has-post-thumbnail","hentry","category-fincas"],"_links":{"self":[{"href":"https:\/\/enolife.com.ar\/es\/wp-json\/wp\/v2\/posts\/7468","targetHints":{"allow":["GET"]}}],"collection":[{"href":"https:\/\/enolife.com.ar\/es\/wp-json\/wp\/v2\/posts"}],"about":[{"href":"https:\/\/enolife.com.ar\/es\/wp-json\/wp\/v2\/types\/post"}],"author":[{"embeddable":true,"href":"https:\/\/enolife.com.ar\/es\/wp-json\/wp\/v2\/users\/3"}],"replies":[{"embeddable":true,"href":"https:\/\/enolife.com.ar\/es\/wp-json\/wp\/v2\/comments?post=7468"}],"version-history":[{"count":0,"href":"https:\/\/enolife.com.ar\/es\/wp-json\/wp\/v2\/posts\/7468\/revisions"}],"wp:featuredmedia":[{"embeddable":true,"href":"https:\/\/enolife.com.ar\/es\/wp-json\/wp\/v2\/media\/7484"}],"wp:attachment":[{"href":"https:\/\/enolife.com.ar\/es\/wp-json\/wp\/v2\/media?parent=7468"}],"wp:term":[{"taxonomy":"category","embeddable":true,"href":"https:\/\/enolife.com.ar\/es\/wp-json\/wp\/v2\/categories?post=7468"},{"taxonomy":"post_tag","embeddable":true,"href":"https:\/\/enolife.com.ar\/es\/wp-json\/wp\/v2\/tags?post=7468"}],"curies":[{"name":"wp","href":"https:\/\/api.w.org\/{rel}","templated":true}]}}