{"id":74251,"date":"2022-09-06T21:41:23","date_gmt":"2022-09-06T21:41:23","guid":{"rendered":"http:\/\/enolife.com.ar\/es\/?p=74251"},"modified":"2022-09-08T17:30:49","modified_gmt":"2022-09-08T17:30:49","slug":"con-300-etiquetas-de-50-bodegas-llega-la-8va-feria-de-vinos-de-alta-gama-del-sheraton","status":"publish","type":"post","link":"https:\/\/enolife.com.ar\/es\/con-300-etiquetas-de-50-bodegas-llega-la-8va-feria-de-vinos-de-alta-gama-del-sheraton\/","title":{"rendered":"Con 300 etiquetas de 50 bodegas, llega la 8va. Feria de Vinos de Alta Gama del Sheraton"},"content":{"rendered":"\n<h4 class=\"wp-block-heading\"><em><strong>Del 8 al 10 de setiembre pr\u00f3ximo, en el sal\u00f3n Fader del tradicional hotel 5 estrellas del centro mendocino, vuelve un encuentro que re\u00fane a las principales bodegas del pa\u00eds. En esta edici\u00f3n estar\u00e1n presentes la mayor\u00eda de los en\u00f3logos creadores de los vinos, por lo que el p\u00fablico, adem\u00e1s de catar su calidad, podr\u00e1 conocer  c\u00f3mo se hacen y las historias que los envuelven. Las entradas tienen un costo de $5.400. Tambi\u00e9n se ofrecer\u00e1 gastronom\u00eda del reconocido chef del hotel, Mart\u00edn Chac\u00f3n.  <\/strong><\/em><\/h4>\n\n\n\n<div style=\"height:20px\" aria-hidden=\"true\" class=\"wp-block-spacer\"><\/div>\n\n\n\n\n\n<div style=\"height:39px\" aria-hidden=\"true\" class=\"wp-block-spacer\"><\/div>\n\n\n\n<p><strong>Alta Gama by Sheraton<\/strong> es una feria de vinos premium que naci\u00f3 hace 10 a\u00f1os y re\u00fane a bodegas de todo el pa\u00eds. Luego de dos a\u00f1os de pausa debido a la pandemia, vuelve a realizarse, ahora los d\u00edas  <strong>8, 9 y 10 de setiembre <\/strong>pr\u00f3ximo, de <strong>20 a 23 hs en el sal\u00f3n Fernando Fader<\/strong> del hotel Sheraton de Mendoza.<\/p>\n\n\n\n<div class=\"wp-block-image\"><figure class=\"alignleft is-resized\"><img loading=\"lazy\" decoding=\"async\" src=\"https:\/\/www.guarda14.com\/resizer\/GeGgrXHKlWKGCKJTcsmhTJYJ2-U=\/300x0\/arc-anglerfish-arc2-prod-grupoclarin\/public\/3GDTINPCGRCHTBSDO7NJTL4KLU.jpg\" alt=\"La 8va edici\u00f3n de Alta Gama by Sheraton se vivir\u00e1 este jueves, viernes y  s\u00e1bado | Experiencias\" width=\"254\" height=\"254\"\/><\/figure><\/div>\n\n\n\n<p>Su organizador, el <strong>periodista especializado en vinos, Enrique Chrabolowsky <\/strong>se\u00f1al\u00f3: <em>\u00abAlta Gama ofrece la oportunidad de dialogar con los principales hacedores del vino, aventurarse en el conocimiento del mundo vitivin\u00edcola y enterarse de todas las novedades de la industria\u00bb.<\/em><\/p>\n\n\n\n<p>Se presentar\u00e1n unas <strong>300 etiquetas de casi 50 bodegas<\/strong>, y los asistentes podr\u00e1n degustar a su elecci\u00f3n de forma libre y conversar con el en\u00f3logo creador de cada vino, quien brindar\u00e1 personalmente los detalles de su trabajo y de la marca.<\/p>\n\n\n\n<p>Aquellos que quieran podr\u00e1n acompa\u00f1ar los vinos con la <strong>gastronom\u00eda <\/strong>del chef del hotel, el reconocido <strong>Mart\u00edn Chac\u00f3n<\/strong>.<\/p>\n\n\n\n<div style=\"height:20px\" aria-hidden=\"true\" class=\"wp-block-spacer\"><\/div>\n\n\n\n<p class=\"has-background has-very-light-gray-background-color\"><strong>Bodegas participantes:<\/strong> Alwasi Wine, Antigal, Argento, Belasco de Baquedano, Bodega Bianchi, Bressia, Carinae y Kalos Wines, Catena Zapata, Chandon, Coraz\u00f3n del Sol, Do\u00f1a Paula, Domaine Busquet, Edelmira, El Enemigo, LoSance, Vinorum, Flores de Fuego, Familia Blanco, Familia Falasco, Familia Morcos, Familia Salas, Finca Bandini, Finca Forconesi, Finca La Celia, Flecha de los Andes, Huentala Wines, Jean Bousquet, Los Helechos, Luigi Bosca, Marchiori Barraud, Matervini, Monteviejo, Nieto Senetiner, Piatelli Vineyards, Riccitelli, Rutini, Staiti, Santa Julia, Sur de los Andes, Sottano, Tapiz, Terraza de los Andes, Trapiche, Trivento, Tizio, Vi\u00f1a Las Perdices, Xumek<\/p>\n\n\n\n<div style=\"height:20px\" aria-hidden=\"true\" class=\"wp-block-spacer\"><\/div>\n\n\n\n<p>Las entradas tienen un valor de $5.400 y <strong>se pueden adquirir<\/strong> <a href=\"https:\/\/www.entradaweb.com.ar\/index.php?r=site\/detalles&amp;d=b4a85bc5\"><strong>AQU\u00cd <\/strong><\/a><strong>o bien en la recepci\u00f3n del Sheraton Hotel Mendoza<\/strong> (Primitivo de la Reta 989, ciudad).<\/p>\n\n\n\n<p class=\"has-background has-very-light-gray-background-color\"><strong>Informes al tel\u00e9fono (0261) 4415500, o por WhatsApp al +54 9 2616 62-4856<\/strong><\/p>\n\n\n\n<div style=\"height:42px\" aria-hidden=\"true\" class=\"wp-block-spacer\"><\/div>\n\n\n\n<div style=\"height:37px\" aria-hidden=\"true\" class=\"wp-block-spacer\"><\/div>\n\n\n\n<p><br><br><\/p>\n","protected":false},"excerpt":{"rendered":"<p>Del 8 al 10 de setiembre pr\u00f3ximo, en el sal\u00f3n Fader del tradicional hotel 5&hellip;<\/p>\n","protected":false},"author":3,"featured_media":74277,"comment_status":"open","ping_status":"open","sticky":false,"template":"","format":"standard","meta":{"footnotes":""},"categories":[47],"tags":[],"class_list":["post-74251","post","type-post","status-publish","format-standard","has-post-thumbnail","hentry","category-agenda"],"_links":{"self":[{"href":"https:\/\/enolife.com.ar\/es\/wp-json\/wp\/v2\/posts\/74251","targetHints":{"allow":["GET"]}}],"collection":[{"href":"https:\/\/enolife.com.ar\/es\/wp-json\/wp\/v2\/posts"}],"about":[{"href":"https:\/\/enolife.com.ar\/es\/wp-json\/wp\/v2\/types\/post"}],"author":[{"embeddable":true,"href":"https:\/\/enolife.com.ar\/es\/wp-json\/wp\/v2\/users\/3"}],"replies":[{"embeddable":true,"href":"https:\/\/enolife.com.ar\/es\/wp-json\/wp\/v2\/comments?post=74251"}],"version-history":[{"count":0,"href":"https:\/\/enolife.com.ar\/es\/wp-json\/wp\/v2\/posts\/74251\/revisions"}],"wp:featuredmedia":[{"embeddable":true,"href":"https:\/\/enolife.com.ar\/es\/wp-json\/wp\/v2\/media\/74277"}],"wp:attachment":[{"href":"https:\/\/enolife.com.ar\/es\/wp-json\/wp\/v2\/media?parent=74251"}],"wp:term":[{"taxonomy":"category","embeddable":true,"href":"https:\/\/enolife.com.ar\/es\/wp-json\/wp\/v2\/categories?post=74251"},{"taxonomy":"post_tag","embeddable":true,"href":"https:\/\/enolife.com.ar\/es\/wp-json\/wp\/v2\/tags?post=74251"}],"curies":[{"name":"wp","href":"https:\/\/api.w.org\/{rel}","templated":true}]}}