{"id":73932,"date":"2022-09-05T00:40:04","date_gmt":"2022-09-05T00:40:04","guid":{"rendered":"http:\/\/enolife.com.ar\/es\/?p=73932"},"modified":"2022-09-07T03:10:50","modified_gmt":"2022-09-07T03:10:50","slug":"la-viticultura-del-futuro-eje-de-la-feria-de-insumos-y-maquinarias-vinitech-sifel-de-burdeos","status":"publish","type":"post","link":"https:\/\/enolife.com.ar\/es\/la-viticultura-del-futuro-eje-de-la-feria-de-insumos-y-maquinarias-vinitech-sifel-de-burdeos\/","title":{"rendered":"La viticultura del futuro, eje de la feria de insumos y maquinarias Vinitech-Sifel de Burdeos"},"content":{"rendered":"\n<h4 class=\"wp-block-heading\"><em><strong>Del 29\/11 al 1\/12\/22, en esta emblem\u00e1tica ciudad vitivin\u00edcola de Francia, se realizar\u00e1 una nueva edici\u00f3n de la feria internacional de insumos y maquinaria para la industria del vino, cervecera y oliv\u00edcola. Se presentar\u00e1n innovaciones de 900 empresas provenientes de 20 pa\u00edses y se impartir\u00e1n conferencias cient\u00edfico-t\u00e9cnicas, cuyos ejes ser\u00e1n la transici\u00f3n agroecol\u00f3gica, la viticultura del futuro, la adaptaci\u00f3n clim\u00e1tica de la vid, reducci\u00f3n de emisiones de carbono, diversificaci\u00f3n y policultivo. Durante la exposici\u00f3n tendr\u00e1 lugar tambi\u00e9n el concurso Trofeos de Innovaci\u00f3n, que premia con 5.000 euros la originalidad, beneficios t\u00e9cnicos y econ\u00f3micos, cuidado del ambiente, seguridad y ergonom\u00eda de los equipos presentados.<\/strong><\/em><\/h4>\n\n\n\n<div style=\"height:20px\" aria-hidden=\"true\" class=\"wp-block-spacer\"><\/div>\n\n\n<a href=\"https:\/\/www.instagram.com\/vinventions.sudamerica\/\" aria-label=\"Banner_Subr_1700x500\"><img loading=\"lazy\" decoding=\"async\" src=\"https:\/\/enolife.com.ar\/es\/wp-content\/uploads\/2019\/07\/Banner_Subr_1700x500.gif\" alt=\"\"  width=\"1700\" height=\"501\"   \/><\/a>\n\n\n<div style=\"height:51px\" aria-hidden=\"true\" class=\"wp-block-spacer\"><\/div>\n\n\n\n<p>En el coraz\u00f3n de <strong>Burdeos<\/strong>, una de las principales regiones vitivin\u00edcolas del mundo, se realizar\u00e1 la feria de insumos y maquinarias para la industria del vino, el olivo y la cerveza,&nbsp;<strong>Vinitech-Sifel<\/strong>.<\/p>\n\n\n\n<p>La exposici\u00f3n tendr\u00e1 lugar del 29\/11 al 1\/12 en el <strong>Parc des Expositions<\/strong> <strong>de Bordeaux<\/strong>, donde se presentar\u00e1n las innovaciones de 900 empresas para las tareas de finca, bodega, embotellado, etiquetado y servicios, permitiendo a empresarios vitivin\u00edcolas conocer la oferta de nuevos proveedores&nbsp;o descubrir&nbsp;las novedades de sus proveedores de siempre, encontrar insumos y servicios que necesita para su producci\u00f3n o simplemente mantenerse al d\u00eda con los precios del mercado.<\/p>\n\n\n\n<p>La feria estar\u00e1 dividida en 4 pabellones: T\u00e9cnicas de cultivo, Embotelladoy, acondicionamiento, Equipamiento para bodegas y Servicios.<\/p>\n\n\n\n<p class=\"has-background has-very-light-gray-background-color\"><strong>Lista completa de expositores: <a href=\"https:\/\/www.vinitech-sifel.com\/en\/exhibitors\">AQU\u00cd<\/a><\/strong><\/p>\n\n\n\n<div style=\"height:20px\" aria-hidden=\"true\" class=\"wp-block-spacer\"><\/div>\n\n\n\n<p class=\"has-medium-font-size\"><strong>Conferencias<\/strong><\/p>\n\n\n\n<p>Se dictar\u00e1n 60 conferencias organizadas por el comit\u00e9 cient\u00edfico y t\u00e9cnico de la feria,&nbsp;cuyos temas est\u00e1n en l\u00ednea con las preocupaciones actuales de la industria,&nbsp;tales como transici\u00f3n agroecol\u00f3gica, viticultura del ma\u00f1ana, adaptaci\u00f3n clim\u00e1tica de la vid, reducci\u00f3n de emisiones de carbono, diversificaci\u00f3n o policultivo, todos abordados con una perspectiva t\u00e9cnica y operativa y un agudo an\u00e1lisis.<\/p>\n\n\n\n<p class=\"has-background has-very-light-gray-background-color\"><strong>El programa completo de las conferencias estar\u00e1 disponible a partir del 19\/9: <a href=\"https:\/\/myvinitechsifel.com\/Site\/program\/ProgrammeJ1-en-US\">AQU\u00cd<\/a><\/strong><\/p>\n\n\n\n<div style=\"height:20px\" aria-hidden=\"true\" class=\"wp-block-spacer\"><\/div>\n\n\n\n<p class=\"has-medium-font-size\"><strong>Trofeos<\/strong><\/p>\n\n\n\n<p>Desde 1981, Vinitech Sifel premia a los expositores que est\u00e1n dise\u00f1ando las soluciones del futuro a trav\u00e9s de sus <strong>Trofeos a la Innovaci\u00f3n<\/strong> que constituyen un aut\u00e9ntico reconocimiento del sector y un fuerte impulso comercial y de m\u00e1rketing.<\/p>\n\n\n\n<p>Para llegar a un veredicto, el jurado se basa en la originalidad, los beneficios para el usuario, t\u00e9cnicos y econ\u00f3micos, el impacto ambiental, la seguridad y la ergonom\u00eda.&nbsp;Cada solicitud se somete a la evaluaci\u00f3n de tres expertos, bajo la supervisi\u00f3n de un experto principal.&nbsp;<\/p>\n\n\n\n<p>El panel dispone de un plazo de dos meses y medio para emitir su veredicto, durante el cual cada miembro realiza varias comprobaciones: visitas a las instalaciones de la empresa solicitante, pruebas de los equipos, reuniones con expertos consultores, etc\u00e9tera.<\/p>\n\n\n\n<p>Los ganadores ser\u00e1n exhibidos durante la feria y tendr\u00e1n publicidad a trav\u00e9s de las herramientas de comunicaci\u00f3n de la misma. Adem\u00e1s,&nbsp;el ganador del <strong>Premio Especial del Jurado<\/strong> ser\u00e1 recompensado con una dotaci\u00f3n de 5.000 euros.<\/p>\n\n\n\n<div style=\"height:41px\" aria-hidden=\"true\" class=\"wp-block-spacer\"><\/div>\n\n\n\n<p><strong><a href=\"https:\/\/translate.google.com\/website?sl=en&amp;tl=es&amp;hl=es-419&amp;prev=search&amp;u=https:\/\/myvinitechsifel.com\/Site\/welcome\" target=\"_blank\" rel=\"noreferrer noopener\"><\/a><\/strong><\/p>\n","protected":false},"excerpt":{"rendered":"<p>Del 29\/11 al 1\/12\/22, en esta emblem\u00e1tica ciudad vitivin\u00edcola de Francia, se realizar\u00e1 una nueva&hellip;<\/p>\n","protected":false},"author":3,"featured_media":74312,"comment_status":"open","ping_status":"open","sticky":false,"template":"","format":"standard","meta":{"footnotes":""},"categories":[10],"tags":[],"class_list":["post-73932","post","type-post","status-publish","format-standard","has-post-thumbnail","hentry","category-ferias"],"_links":{"self":[{"href":"https:\/\/enolife.com.ar\/es\/wp-json\/wp\/v2\/posts\/73932","targetHints":{"allow":["GET"]}}],"collection":[{"href":"https:\/\/enolife.com.ar\/es\/wp-json\/wp\/v2\/posts"}],"about":[{"href":"https:\/\/enolife.com.ar\/es\/wp-json\/wp\/v2\/types\/post"}],"author":[{"embeddable":true,"href":"https:\/\/enolife.com.ar\/es\/wp-json\/wp\/v2\/users\/3"}],"replies":[{"embeddable":true,"href":"https:\/\/enolife.com.ar\/es\/wp-json\/wp\/v2\/comments?post=73932"}],"version-history":[{"count":0,"href":"https:\/\/enolife.com.ar\/es\/wp-json\/wp\/v2\/posts\/73932\/revisions"}],"wp:featuredmedia":[{"embeddable":true,"href":"https:\/\/enolife.com.ar\/es\/wp-json\/wp\/v2\/media\/74312"}],"wp:attachment":[{"href":"https:\/\/enolife.com.ar\/es\/wp-json\/wp\/v2\/media?parent=73932"}],"wp:term":[{"taxonomy":"category","embeddable":true,"href":"https:\/\/enolife.com.ar\/es\/wp-json\/wp\/v2\/categories?post=73932"},{"taxonomy":"post_tag","embeddable":true,"href":"https:\/\/enolife.com.ar\/es\/wp-json\/wp\/v2\/tags?post=73932"}],"curies":[{"name":"wp","href":"https:\/\/api.w.org\/{rel}","templated":true}]}}