{"id":73774,"date":"2022-08-31T15:44:41","date_gmt":"2022-08-31T15:44:41","guid":{"rendered":"http:\/\/enolife.com.ar\/es\/?p=73774"},"modified":"2022-09-05T18:15:37","modified_gmt":"2022-09-05T18:15:37","slug":"inseguridad-rural-7-de-cada-10-vinateros-sufrieron-robos-o-asaltos-en-los-ultimos-6-meses","status":"publish","type":"post","link":"https:\/\/enolife.com.ar\/es\/inseguridad-rural-7-de-cada-10-vinateros-sufrieron-robos-o-asaltos-en-los-ultimos-6-meses\/","title":{"rendered":"Inseguridad rural: 7 de cada 10 vi\u00f1ateros sufrieron robos o asaltos en los \u00faltimos 6 meses"},"content":{"rendered":"\n<h4 class=\"wp-block-heading\"><em><strong>Seg\u00fan un relevamiento realizado recientemente por la Asociaci\u00f3n de Cooperativas Vitivin\u00edcolas Argentinas (Acovi) entre 200 productores vitivin\u00edcolas de zonas rurales de Mendoza, el 66% de ellos fueron asaltados o fueron v\u00edctimas de robos y vandalismo en los \u00faltimos 180 d\u00edas. Y de ese porcentaje, el 53% lo sufri\u00f3 2 veces o m\u00e1s en ese lapso. Otro dato preocupante que surge de la encuesta es que el 41,4% del total no realiz\u00f3 la denuncia por falta de esperanza de que la polic\u00eda encuentre a los delincuentes o recupere lo robado.<\/strong><\/em><\/h4>\n\n\n\n<hr class=\"wp-block-separator\"\/>\n\n\n\n<h4 class=\"wp-block-heading\"><em><strong>Para enfrentar esta problem\u00e1tica recurrente, Acovi estableci\u00f3 un calendario de reuniones con funcionarios del Ministerio P\u00fablico Fiscal y el Ministerio de Seguridad. Adem\u00e1s, acordaron con la Justicia y el Gobierno otras medidas, como la creaci\u00f3n de un banco de fotos y datos de sospechosos, grupos de whatsapp para la autoprotecci\u00f3n y establecimiento de m\u00e1s puestos fijos policiales de control.<\/strong><\/em><\/h4>\n\n\n\n<div style=\"height:30px\" aria-hidden=\"true\" class=\"wp-block-spacer\"><\/div>\n\n\n\n\n\n<div style=\"height:45px\" aria-hidden=\"true\" class=\"wp-block-spacer\"><\/div>\n\n\n\n<p>Hace tiempo que desde la <strong>Asociaci\u00f3n de Cooperativas Vitivin\u00edcolas de Argentina (Acovi)<\/strong>, se viene tratando esta t\u00e9matica que tanto aqueja a los productores. Seg\u00fan public\u00f3 la entidad cooperativa en su p\u00e1gina web, \u00abluego de insistir durante un largo tiempo, las autoridades pertinentes del&nbsp;<strong>Ministerio P\u00fablico Fiscal <\/strong>y el<strong> Ministerio de Seguridad&nbsp;<\/strong>de Mendoza, presentaron un calendario de reuniones con productores para darle un tratamiento cercano a la problem\u00e1tica y buscar alternativas para posibles soluciones\u00bb.<\/p>\n\n\n\n<p>Para fundamentar sus petitorios y detallar los motivos de su preocupaci\u00f3n, Acovi hizo p\u00fablica una encuesta realizada recientemente. Para esclarecer la situaci\u00f3n actual de inseguridad en las zonas productivas vitivin\u00edcolas de la provincia de Mendoza, la entidad realiz\u00f3 un relevamiento a 200 productores. El mismo brind\u00f3 estad\u00edsticas concretas y dej\u00f3 algunos n\u00fameros preocupantes como:<\/p>\n\n\n\n<div style=\"height:20px\" aria-hidden=\"true\" class=\"wp-block-spacer\"><\/div>\n\n\n\n<div class=\"wp-block-image\"><figure class=\"aligncenter is-resized\"><img loading=\"lazy\" decoding=\"async\" src=\"https:\/\/acovi.com.ar\/wp-content\/uploads\/2022\/08\/WhatsApp-Image-2022-08-30-at-11.15.29-AM.jpeg\" alt=\"\" width=\"511\" height=\"450\"\/><\/figure><\/div>\n\n\n\n<div class=\"wp-block-image\"><figure class=\"aligncenter is-resized\"><img loading=\"lazy\" decoding=\"async\" src=\"https:\/\/acovi.com.ar\/wp-content\/uploads\/2022\/08\/WhatsApp-Image-2022-08-30-at-11.16.02-AM.jpeg\" alt=\"\" width=\"550\" height=\"454\"\/><\/figure><\/div>\n\n\n\n<div style=\"height:20px\" aria-hidden=\"true\" class=\"wp-block-spacer\"><\/div>\n\n\n\n<p>Se present\u00f3 este relevamiento ante las autoridades de la Justicia y el Gobierno<strong>,<\/strong>\u00a0para abordar la situaci\u00f3n con todos los actores involucrados en darle respuesta. <em>\u00abDada la gravedad del caso<\/em> -expresaron desde Acovi-, <em>logramos coordinar con ambos Ministerios un calendario de reuniones por circunscripciones para tratar la problem\u00e1tica y abordar acciones en busca de soluciones\u00bb.<\/em><\/p>\n\n\n\n<div style=\"height:30px\" aria-hidden=\"true\" class=\"wp-block-spacer\"><\/div>\n\n\n\n<figure class=\"wp-block-embed-youtube aligncenter wp-block-embed is-type-video is-provider-youtube wp-embed-aspect-16-9 wp-has-aspect-ratio\"><div class=\"wp-block-embed__wrapper\">\n<iframe loading=\"lazy\" title=\"En primera persona, los productores asociados a ACOVI, cuentan como viven la inseguridad rural\" width=\"1170\" height=\"658\" src=\"https:\/\/www.youtube.com\/embed\/1VxTiVZDmAM?start=1&#038;feature=oembed\" frameborder=\"0\" allow=\"accelerometer; autoplay; clipboard-write; encrypted-media; gyroscope; picture-in-picture\" allowfullscreen><\/iframe>\n<\/div><\/figure>\n\n\n\n<div style=\"height:48px\" aria-hidden=\"true\" class=\"wp-block-spacer\"><\/div>\n\n\n\n<p>Una vez presentado el calendario de reuniones por parte del\u00a0Ministerio P\u00fablico Fiscal, se coordinaron las reuniones por circunscripciones judiciales con todas las cooperativas nucleadas por la asociaci\u00f3n.<\/p>\n\n\n\n<div style=\"height:20px\" aria-hidden=\"true\" class=\"wp-block-spacer\"><\/div>\n\n\n\n<p class=\"has-medium-font-size\"><strong>Propuestas<\/strong><\/p>\n\n\n\n<p>Finalizadas las reuniones con personal de la\u00a0polic\u00eda, representantes de la Justicia y productores, se lleg\u00f3 a las siguientes conclusiones y propuestas:<\/p>\n\n\n\n<ul class=\"wp-block-list\"><li>Relevamiento de denuncias<\/li><li>Banco de informaci\u00f3n de fotos<\/li><li>Capacitaci\u00f3n para productores y fiscales<\/li><li><strong>Se habilit\u00f3 el registro de la denuncia online especificando delitos rurales, al que se puede acceder clikeando <a href=\"https:\/\/denuncias.jus.mendoza.gov.ar\/denunciasw\/inicio\/delitos_rurales\">AQU\u00cd<\/a><\/strong><\/li><li>Propuesta de remito y marcaci\u00f3n de elementos<\/li><li>Grupo operativo de WhatsApp<\/li><li>Trazar un diagn\u00f3stico claro de la situaci\u00f3n (mapa)<\/li><li>Aumento de puestos intermitente de control policial<\/li><li>Registro informal de cosechadores<\/li><li>Puesto fijo de polic\u00eda en la salida de Tunuy\u00e1n<\/li><li>C\u00e1maras y recursos en fiscal\u00eda, pedido de recursos<\/li><li>Controles policiales en zonas puntuales<\/li><li>Traslado de cuerpos especiales de la Polic\u00eda de San Rafael a un inmueble que puso a disposici\u00f3n una de las cooperativas de la zona asociadas a Acovi.<\/li><\/ul>\n\n\n\n<div style=\"height:45px\" aria-hidden=\"true\" class=\"wp-block-spacer\"><\/div>\n","protected":false},"excerpt":{"rendered":"<p>Seg\u00fan un relevamiento realizado recientemente por la Asociaci\u00f3n de Cooperativas Vitivin\u00edcolas Argentinas (Acovi) entre 200&hellip;<\/p>\n","protected":false},"author":3,"featured_media":73824,"comment_status":"open","ping_status":"open","sticky":false,"template":"","format":"standard","meta":{"footnotes":""},"categories":[14],"tags":[],"class_list":["post-73774","post","type-post","status-publish","format-standard","has-post-thumbnail","hentry","category-news"],"_links":{"self":[{"href":"https:\/\/enolife.com.ar\/es\/wp-json\/wp\/v2\/posts\/73774","targetHints":{"allow":["GET"]}}],"collection":[{"href":"https:\/\/enolife.com.ar\/es\/wp-json\/wp\/v2\/posts"}],"about":[{"href":"https:\/\/enolife.com.ar\/es\/wp-json\/wp\/v2\/types\/post"}],"author":[{"embeddable":true,"href":"https:\/\/enolife.com.ar\/es\/wp-json\/wp\/v2\/users\/3"}],"replies":[{"embeddable":true,"href":"https:\/\/enolife.com.ar\/es\/wp-json\/wp\/v2\/comments?post=73774"}],"version-history":[{"count":0,"href":"https:\/\/enolife.com.ar\/es\/wp-json\/wp\/v2\/posts\/73774\/revisions"}],"wp:featuredmedia":[{"embeddable":true,"href":"https:\/\/enolife.com.ar\/es\/wp-json\/wp\/v2\/media\/73824"}],"wp:attachment":[{"href":"https:\/\/enolife.com.ar\/es\/wp-json\/wp\/v2\/media?parent=73774"}],"wp:term":[{"taxonomy":"category","embeddable":true,"href":"https:\/\/enolife.com.ar\/es\/wp-json\/wp\/v2\/categories?post=73774"},{"taxonomy":"post_tag","embeddable":true,"href":"https:\/\/enolife.com.ar\/es\/wp-json\/wp\/v2\/tags?post=73774"}],"curies":[{"name":"wp","href":"https:\/\/api.w.org\/{rel}","templated":true}]}}