{"id":73772,"date":"2022-08-31T17:15:21","date_gmt":"2022-08-31T17:15:21","guid":{"rendered":"http:\/\/enolife.com.ar\/es\/?p=73772"},"modified":"2022-09-02T16:47:07","modified_gmt":"2022-09-02T16:47:07","slug":"tango-por-los-caminos-del-vino-hasta-el-5-9-musicos-y-bailarines-pueden-presentar-sus-propuestas","status":"publish","type":"post","link":"https:\/\/enolife.com.ar\/es\/tango-por-los-caminos-del-vino-hasta-el-5-9-musicos-y-bailarines-pueden-presentar-sus-propuestas\/","title":{"rendered":"Tango por los Caminos del Vino: hasta el 5\/9 m\u00fasicos y bailarines pueden presentar sus propuestas"},"content":{"rendered":"\n<h4 class=\"wp-block-heading\"><em><strong>Del 16 al 18\/9 se llevar\u00e1 a cabo, en diferentes locaciones de la provincia de Mendoza, la 13ra edici\u00f3n del tradicional festival \u00abTango por los caminos del vino\u00bb. cuyo objetivo es contribuir a la promoci\u00f3n y difusi\u00f3n de  la m\u00fasica y la danza de \u00e9ste g\u00e9nero, bien patrimonial intangible de la humanidad. Los artistas, m\u00fasicos y bailarines, interesados en presentar sus propuestas tendr\u00e1n tiempo hasta el d\u00eda lunes 5 de septiembre.<\/strong><\/em><\/h4>\n\n\n\n<div style=\"height:20px\" aria-hidden=\"true\" class=\"wp-block-spacer\"><\/div>\n\n\n<a href=\"https:\/\/estanciamendoza.com.ar\/es\/\" aria-label=\"Copia de BEM &#8211; Banner adaptaciones diario digital_BEM &#8211; Banner Enolife &#8211; 1700&#215;500\"><img loading=\"lazy\" decoding=\"async\" src=\"https:\/\/enolife.com.ar\/es\/wp-content\/uploads\/2019\/07\/Copia-de-BEM-Banner-adaptaciones-diario-digital_BEM-Banner-Enolife-1700x500-1.jpg\" alt=\"\"  srcset=\"https:\/\/enolife.com.ar\/es\/wp-content\/uploads\/2019\/07\/Copia-de-BEM-Banner-adaptaciones-diario-digital_BEM-Banner-Enolife-1700x500-1.jpg 1700w, https:\/\/enolife.com.ar\/es\/wp-content\/uploads\/2019\/07\/Copia-de-BEM-Banner-adaptaciones-diario-digital_BEM-Banner-Enolife-1700x500-1-300x88.jpg 300w, https:\/\/enolife.com.ar\/es\/wp-content\/uploads\/2019\/07\/Copia-de-BEM-Banner-adaptaciones-diario-digital_BEM-Banner-Enolife-1700x500-1-1024x301.jpg 1024w, https:\/\/enolife.com.ar\/es\/wp-content\/uploads\/2019\/07\/Copia-de-BEM-Banner-adaptaciones-diario-digital_BEM-Banner-Enolife-1700x500-1-768x226.jpg 768w, https:\/\/enolife.com.ar\/es\/wp-content\/uploads\/2019\/07\/Copia-de-BEM-Banner-adaptaciones-diario-digital_BEM-Banner-Enolife-1700x500-1-1536x452.jpg 1536w, https:\/\/enolife.com.ar\/es\/wp-content\/uploads\/2019\/07\/Copia-de-BEM-Banner-adaptaciones-diario-digital_BEM-Banner-Enolife-1700x500-1-1170x344.jpg 1170w, https:\/\/enolife.com.ar\/es\/wp-content\/uploads\/2019\/07\/Copia-de-BEM-Banner-adaptaciones-diario-digital_BEM-Banner-Enolife-1700x500-1-585x172.jpg 585w\" sizes=\"auto, (max-width: 1700px) 100vw, 1700px\" width=\"1700\" height=\"500\"   \/><\/a>\n\n\n<div style=\"height:59px\" aria-hidden=\"true\" class=\"wp-block-spacer\"><\/div>\n\n\n\n<p>El Ministerio de Cultura y Turismo del Gobierno de Mendoza llama a la presentaci\u00f3n de propuestas art\u00edsticas para la 13ra edici\u00f3n del festival \u00abTango por los Caminos del Vino\u00bb, un encuentro con la m\u00fasica ciudadana, que se realizar\u00e1 los d\u00edas 16, 17 y 18 de septiembre, coincidiendo con las fechas patrias chilenas, garantizando una alta afluencia de turistas del pa\u00eds vecino.<\/p>\n\n\n\n<p>Al respecto, la<strong> ministra de cultura y turismo de Mendoza, Nora Vicario<\/strong> coment\u00f3: <em>\u201cSe acerca una nueva edici\u00f3n de Tango por los Caminos del Vino, uno de los festivales m\u00e1s convocantes de la provincia, elegido por mendocinos y turistas. Invitamos a nuestros artistas a sumarse a la convocatoria con sus propuestas, que sabemos son de gran calidad. Este festival combina el vino, la danza, la m\u00fasica en vivo y los impactantes paisajes de nuestra provincia. Sin dudas, una propuesta inolvidable\u201d.<\/em><\/p>\n\n\n\n<p>Los interesados que presenten propuestas para la selecci\u00f3n de n\u00fameros musicales, tendr\u00e1n que ser grupos u orquestas, en todos los casos para m\u00fasica en vivo. Las propuestas, que se recibir\u00e1n hasta el 5\/9 deben ser integradas por: tr\u00edos, cuartetos, quintetos, sextetos, septetos y octetos.\u00a0La convocatoria\u00a0tambi\u00e9n\u00a0est\u00e1 abierta para bailarines,\u00a0en el formato parejas de tango solistas.<\/p>\n\n\n\n<p class=\"has-background has-very-light-gray-background-color\"><strong>Bases e inscripciones en\u00a0<a href=\"http:\/\/www.mendoza.gov.ar\/turismo\" target=\"_blank\" rel=\"noreferrer noopener\">www.mendoza.gov.ar\/turismo<\/a><\/strong><\/p>\n\n\n\n<div style=\"height:20px\" aria-hidden=\"true\" class=\"wp-block-spacer\"><\/div>\n\n\n\n<p class=\"has-medium-font-size\"><strong>Cachet para artistas<\/strong><\/p>\n\n\n\n<ul class=\"wp-block-list\"><li>Tr\u00edos: $33.000, <\/li><li>Cuartetos: $44.000 <\/li><li>Quintetos: $55.000<\/li><li>Sextetos: $66.000 <\/li><li>Septetos: $77.000  <\/li><li>Octeto: $88.000<\/li><li>Parejas de danza solistas: $18.000<\/li><\/ul>\n\n\n\n<div style=\"height:20px\" aria-hidden=\"true\" class=\"wp-block-spacer\"><\/div>\n\n\n\n<p class=\"has-medium-font-size\"><strong>Requisitos<\/strong><\/p>\n\n\n\n<p><strong>M\u00fasicos<\/strong>: Las propuestas musicales deber\u00e1n tener una duraci\u00f3n m\u00ednima de 45 y m\u00e1xima de 60 minutos. Para su evaluaci\u00f3n se debe presentar un link de YouTube de un video o grabaci\u00f3n en vivo, hasta dos temas y el enlace debe ser acceso p\u00fablico.<\/p>\n\n\n\n<p class=\"has-background has-very-light-gray-background-color\"><strong>Inscripci\u00f3n m\u00fasicos: <a href=\"https:\/\/ticketsform.mendoza.gov.ar\/ticketsform\/servlet\/responderformulario?TANGO_MUSICOS_2022\">AQU\u00cd<\/a><\/strong><\/p>\n\n\n\n<p><br><strong>Bailarines<\/strong>: Las propuestas de danza tendr\u00e1n una participaci\u00f3n dentro del repertorio del grupo musical en vivo de 5 (cinco) temas a convenir con el representante de la banda al momento de la programaci\u00f3n. Para su evaluaci\u00f3n  se debe presentar un link YouTube de una coreograf\u00eda, el enlace debe ser de acceso p\u00fablico.<\/p>\n\n\n\n<p class=\"has-background has-very-light-gray-background-color\"><strong>Inscripci\u00f3n bailarines: <a href=\"https:\/\/ticketsform.mendoza.gov.ar\/ticketsform\/servlet\/responderformulario?TANGO_BAILARINES_2022\">AQU\u00cd<\/a><\/strong><\/p>\n\n\n\n<p><br><\/p>\n","protected":false},"excerpt":{"rendered":"<p>Del 16 al 18\/9 se llevar\u00e1 a cabo, en diferentes locaciones de la provincia de&hellip;<\/p>\n","protected":false},"author":3,"featured_media":73852,"comment_status":"open","ping_status":"open","sticky":false,"template":"","format":"standard","meta":{"footnotes":""},"categories":[14],"tags":[],"class_list":["post-73772","post","type-post","status-publish","format-standard","has-post-thumbnail","hentry","category-news"],"_links":{"self":[{"href":"https:\/\/enolife.com.ar\/es\/wp-json\/wp\/v2\/posts\/73772","targetHints":{"allow":["GET"]}}],"collection":[{"href":"https:\/\/enolife.com.ar\/es\/wp-json\/wp\/v2\/posts"}],"about":[{"href":"https:\/\/enolife.com.ar\/es\/wp-json\/wp\/v2\/types\/post"}],"author":[{"embeddable":true,"href":"https:\/\/enolife.com.ar\/es\/wp-json\/wp\/v2\/users\/3"}],"replies":[{"embeddable":true,"href":"https:\/\/enolife.com.ar\/es\/wp-json\/wp\/v2\/comments?post=73772"}],"version-history":[{"count":0,"href":"https:\/\/enolife.com.ar\/es\/wp-json\/wp\/v2\/posts\/73772\/revisions"}],"wp:featuredmedia":[{"embeddable":true,"href":"https:\/\/enolife.com.ar\/es\/wp-json\/wp\/v2\/media\/73852"}],"wp:attachment":[{"href":"https:\/\/enolife.com.ar\/es\/wp-json\/wp\/v2\/media?parent=73772"}],"wp:term":[{"taxonomy":"category","embeddable":true,"href":"https:\/\/enolife.com.ar\/es\/wp-json\/wp\/v2\/categories?post=73772"},{"taxonomy":"post_tag","embeddable":true,"href":"https:\/\/enolife.com.ar\/es\/wp-json\/wp\/v2\/tags?post=73772"}],"curies":[{"name":"wp","href":"https:\/\/api.w.org\/{rel}","templated":true}]}}