{"id":7343,"date":"2020-02-06T00:26:09","date_gmt":"2020-02-06T00:26:09","guid":{"rendered":"http:\/\/enolife.com.ar\/es\/?p=7343"},"modified":"2020-02-07T22:03:48","modified_gmt":"2020-02-07T22:03:48","slug":"capacitaran-a-desempleados-para-trabajar-en-turismo-y-gastronomia","status":"publish","type":"post","link":"https:\/\/enolife.com.ar\/es\/capacitaran-a-desempleados-para-trabajar-en-turismo-y-gastronomia\/","title":{"rendered":"Capacitar\u00e1n a desempleados para trabajar en turismo y gastronom\u00eda"},"content":{"rendered":"\n<h4 class=\"wp-block-heading\"><em><strong>El Ministerio de Turismo y Cultura de Mendoza y los municipios de Ciudad, Godoy Cruz y Luj\u00e1n, firmaron en conjunto un convenio con la Uni\u00f3n de Trabajadores del Turismo, Hoteleros y Gastron\u00f3micos de la Rep\u00fablica Argentina, (Uthgra), para dictar talleres gratuitos a desempleados mayores de 18 a\u00f1os. Las tem\u00e1ticas espec\u00edficas son concientizaci\u00f3n tur\u00edstica, atenci\u00f3n al cliente y <\/strong><\/em><strong>bartender<\/strong><em><strong>. Los cursos se dictar\u00e1n a partir del mi\u00e9rcoles 12 de enero pr\u00f3ximo en la Capital mendocina, Godoy Cruz y Luj\u00e1n. <\/strong><\/em><\/h4>\n\n\n\n<div style=\"height:31px\" aria-hidden=\"true\" class=\"wp-block-spacer\"><\/div>\n\n\n\n<p>En el marco del inicio de la temporada vendimial se firm\u00f3 un convenio de colaboraci\u00f3n para trabajar en acciones conjuntas con el fin de mejorar la empleabilidad en el rubro hotelero y gastron\u00f3mico. <\/p>\n\n\n\n<p>Los protagonistas  de la reuni\u00f3n fueron el ministro de Econom\u00eda y Energ\u00eda, Enrique Vaqui\u00e9; la ministra deCultura y Turismo, Mariana Juri; los intendentes de la Ciudad de Mendoza, Ulpiano Suarez; de Godoy Cruz, Tadeo Garc\u00eda Zalazar y de  Luj\u00e1n, Sebasti\u00e1n Bragagnolo, junto al secretario general del gremio Uthgra, Humberto Montivero.<\/p>\n\n\n\n<p>\u201cCelebramos esta iniciativa, que se ve reflejada en la firma de un convenio con el gremio de los gastron\u00f3micos y hoteleros, en pos de capacitar a quienes hoy no tienen trabajo para que puedan acceder al mercado laboral en una actividad que es pujante, fundamentalmente por el impacto del turismo en la provincia y el Gran Mendoza. Esto ratifica nuestra preocupaci\u00f3n para generar desde los municipios herramientas que permitan a nuestros vecinos acceder a trabajo, una preocupaci\u00f3n que tambi\u00e9n tiene el gobernador y por eso con este tipo de iniciativas se busca generar empleo en ese camino para diversificar la matriz productiva\u201d, sostuvo Ulpiano Suarez. <\/p>\n\n\n\n<blockquote class=\"wp-block-quote is-layout-flow wp-block-quote-is-layout-flow\"><p>\u201cCon un 2019 con 4 millones de turistas recibidos, vemos un impacto importante en el sector gastron\u00f3mico. Por eso surge tambi\u00e9n este nuevo rol de los municipios, orientando e involucrados con el desarrollo econ\u00f3mico en brindar capacitaciones que den herramientas para acceder a un empleo. En eso vamos a trabajar mucho\u201d.<\/p><cite>Ulpiano Su\u00e1rez, intendente de la Capital mendocina.<\/cite><\/blockquote>\n\n\n\n<div style=\"height:20px\" aria-hidden=\"true\" class=\"wp-block-spacer\"><\/div>\n\n\n\n<p>Entre sus objetivos principales, el convenio establece: \u201cElaborar un plan de capacitaciones espec\u00edficas donde sus destinatarios podr\u00e1n tener la posibilidad de ampliar y profesionalizar a escalas internacionales el mejoramiento de empleabilidad, en todos los \u00e1mbitos de referencia de las respectivas Instituciones firmantes\u201d.<\/p>\n\n\n\n<div style=\"height:20px\" aria-hidden=\"true\" class=\"wp-block-spacer\"><\/div>\n\n\n\n<p class=\"has-background has-very-light-gray-background-color\">Las inscripciones ya est\u00e1n abiertas en las Oficinas de Empleo de Ciudad y de Luj\u00e1n, y en la Casa del Futuro de Godoy Cruz, seg\u00fan inform\u00f3 la directora de Empleo y Capacitaci\u00f3n de Mendoza.<\/p>\n\n\n\n<div style=\"height:20px\" aria-hidden=\"true\" class=\"wp-block-spacer\"><\/div>\n\n\n\n<p>La directora territorial de Empleo y Capacitaci\u00f3n del Ministerio de Econom\u00eda y Energ\u00eda de la provincia de Mendoza, Emilce Vega Espinoza, explic\u00f3 que el objeto del acuerdo es&nbsp;planificar, desarrollar y ejecutar acciones conjuntas y coordinadas en materia de Empleo y Formaci\u00f3n Profesional. Comenzar\u00e1 este 12 de febrero con capacitaciones gratuitas sobre los siguientes temas:&nbsp;atenci\u00f3n al p\u00fablico, concientizaci\u00f3n tur\u00edstica y <em>bartender<\/em>.<\/p>\n\n\n\n<p>\u201cLas capacitaciones est\u00e1n destinadas a personas desocupadas de cada departamento. Se tomaron municipios del Gran Mendoza de cara a la temporada de vendimia ya que son los m\u00e1s cercanos a la fiesta nacional y donde se registra mayor concentraci\u00f3n tur\u00edstica. Los materiales de insumo los brindar\u00e1n los municipios, el gobierno dar\u00e1 herramientas como lapiceras y cuadernos, y Uthgra (Uni\u00f3n de Trabajadores del Turismo, Hoteleros y Gastron\u00f3micos de la Rep\u00fablica Argentina) brindar\u00e1 los capacitadores id\u00f3neos en cada tema\u201d, detall\u00f3 Vega Espinoza.<\/p>\n\n\n\n<div style=\"height:20px\" aria-hidden=\"true\" class=\"wp-block-spacer\"><\/div>\n\n\n\n<figure class=\"wp-block-embed-youtube wp-block-embed is-type-video is-provider-youtube wp-embed-aspect-16-9 wp-has-aspect-ratio\"><div class=\"wp-block-embed__wrapper\">\n<iframe loading=\"lazy\" title=\"De cara a la Vendimia, brindar\u00e1n capacitaciones laborales gratuitas\" width=\"1170\" height=\"658\" src=\"https:\/\/www.youtube.com\/embed\/hxkDYY2rRbs?feature=oembed\" frameborder=\"0\" allow=\"accelerometer; autoplay; encrypted-media; gyroscope; picture-in-picture\" allowfullscreen><\/iframe>\n<\/div><\/figure>\n\n\n\n<div style=\"height:20px\" aria-hidden=\"true\" class=\"wp-block-spacer\"><\/div>\n\n\n\n<p>Estos talleres conforman la primera acci\u00f3n dentro del convenio, el cual se desarrollar\u00e1 durante 10 meses. A su vez, se buscar\u00e1 hacerlo extensivo a otros municipios y abarcar otras tem\u00e1ticas relacionadas al mundo empresarial que sean pr\u00e1cticas para conseguir trabajo.<\/p>\n\n\n\n<p>Por su parte, la ministra de Cultura y Turismo de la provincia, Mariana Juri, celebr\u00f3 el convenio que tambi\u00e9n apunta a&nbsp;mejorar servicios en un mundo donde los turistas son cada vez m\u00e1s exigentes.<\/p>\n\n\n\n<div style=\"height:20px\" aria-hidden=\"true\" class=\"wp-block-spacer\"><\/div>\n\n\n\n<blockquote class=\"wp-block-quote is-layout-flow wp-block-quote-is-layout-flow\"><p>\u201cUno de cada diez empleos en el mundo est\u00e1n directa o indirectamente vinculados al turismo. Mendoza todav\u00eda est\u00e1 lejos de esos n\u00fameros, por lo cual estamos convencidos de que tenemos una gran oportunidad de generar m\u00e1s empleo, porque destinos parecidos a los nuestros lo han podido hacer\u201d, afirm\u00f3 Juri, quien augur\u00f3 que Mendoza ser\u00e1&nbsp;probablemente el destino argentino m\u00e1s exitoso en febrero y marzo.<\/p><cite>Mariana Juri<\/cite><\/blockquote>\n\n\n\n<p class=\"has-small-font-size\"><em><strong>Fuentes: Municipalidad de la Ciudad de Mendoza y Unidiversidad<\/strong><\/em><\/p>\n","protected":false},"excerpt":{"rendered":"<p>El Ministerio de Turismo y Cultura de Mendoza y los municipios de Ciudad, Godoy Cruz&hellip;<\/p>\n","protected":false},"author":3,"featured_media":7380,"comment_status":"open","ping_status":"open","sticky":false,"template":"","format":"standard","meta":{"footnotes":""},"categories":[11],"tags":[],"class_list":["post-7343","post","type-post","status-publish","format-standard","has-post-thumbnail","hentry","category-enoturismo"],"_links":{"self":[{"href":"https:\/\/enolife.com.ar\/es\/wp-json\/wp\/v2\/posts\/7343","targetHints":{"allow":["GET"]}}],"collection":[{"href":"https:\/\/enolife.com.ar\/es\/wp-json\/wp\/v2\/posts"}],"about":[{"href":"https:\/\/enolife.com.ar\/es\/wp-json\/wp\/v2\/types\/post"}],"author":[{"embeddable":true,"href":"https:\/\/enolife.com.ar\/es\/wp-json\/wp\/v2\/users\/3"}],"replies":[{"embeddable":true,"href":"https:\/\/enolife.com.ar\/es\/wp-json\/wp\/v2\/comments?post=7343"}],"version-history":[{"count":0,"href":"https:\/\/enolife.com.ar\/es\/wp-json\/wp\/v2\/posts\/7343\/revisions"}],"wp:featuredmedia":[{"embeddable":true,"href":"https:\/\/enolife.com.ar\/es\/wp-json\/wp\/v2\/media\/7380"}],"wp:attachment":[{"href":"https:\/\/enolife.com.ar\/es\/wp-json\/wp\/v2\/media?parent=7343"}],"wp:term":[{"taxonomy":"category","embeddable":true,"href":"https:\/\/enolife.com.ar\/es\/wp-json\/wp\/v2\/categories?post=7343"},{"taxonomy":"post_tag","embeddable":true,"href":"https:\/\/enolife.com.ar\/es\/wp-json\/wp\/v2\/tags?post=7343"}],"curies":[{"name":"wp","href":"https:\/\/api.w.org\/{rel}","templated":true}]}}