{"id":73308,"date":"2022-08-30T18:07:32","date_gmt":"2022-08-30T18:07:32","guid":{"rendered":"http:\/\/enolife.com.ar\/es\/?p=73308"},"modified":"2022-09-01T14:52:52","modified_gmt":"2022-09-01T14:52:52","slug":"oscar-paez-se-llevo-la-tijera-dorada-en-la-fiesta-latinoamericana-de-los-podadores-de-bahco","status":"publish","type":"post","link":"https:\/\/enolife.com.ar\/es\/oscar-paez-se-llevo-la-tijera-dorada-en-la-fiesta-latinoamericana-de-los-podadores-de-bahco\/","title":{"rendered":"Oscar P\u00e1ez se llev\u00f3 la Tijera Dorada en la fiesta latinoamericana de los podadores de Bahco"},"content":{"rendered":"\n<h4 class=\"wp-block-heading\"><em><strong>El especialista de la bodega mendocina Luigi Bosca gan\u00f3 el 10mo. Concurso Sudamericano de Poda Profesional en Vid, organizado por la empresa fabricante de herramientas Bahco -de origen sueco y con oficinas y ventas en Argentina. Esta nueva edici\u00f3n del certamen -que se realiza desde 2012-, cont\u00f3 con la participaci\u00f3n de 80 podadores de Argentina, Chile, Uruguay y Per\u00fa. El evento tuvo como escenario la Bodega Piedra Infinita de Familia Zuccardi, en el Paraje Altamira, San Carlos, Mendoza. All\u00ed, el pasado s\u00e1bado 27 de agosto, ante un nutrido p\u00fablico de turistas, invitados, periodistas y trabajadores de la casa, los concursantes compitieron ante expertos jurados que valoraron la calidad, rapidez y prolijidad de sus cortes en las vides. El mendocino P\u00e1ez obtuvo la codiciada Tijera Dorada y, de yapa, se gan\u00f3 un Smart TV Led 40&#8243; y un kit de valiosas herramientas Bahco. Segundo termin\u00f3 Cristian Ag\u00fcero, de Finca Altamira Esperanza, y tercero Juan Villafa\u00f1e, de Luigi Bosca, ambos tambi\u00e9n ganadores del kit de herramientas.<\/strong><\/em><\/h4>\n\n\n\n<div style=\"height:20px\" aria-hidden=\"true\" class=\"wp-block-spacer\"><\/div>\n\n\n<a href=\"https:\/\/www.linkedin.com\/company\/agrinet-sa\/?originalSubdomain=ar\" aria-label=\"1700X500\"><img loading=\"lazy\" decoding=\"async\" src=\"https:\/\/enolife.com.ar\/es\/wp-content\/uploads\/2021\/11\/1700X500.gif\" alt=\"\"  width=\"1700\" height=\"500\"   \/><\/a>\n\n\n<div style=\"height:57px\" aria-hidden=\"true\" class=\"wp-block-spacer\"><\/div>\n\n\n\n<p>El d\u00eda arranc\u00f3 nublado y fresquito, pero durante la media hora que tuvieron los 80 participantes para podar sus hileras de vi\u00f1a, el sol sorprendi\u00f3 entre las nubes dejando lugar al impresionante paisaje cordillerano del <strong>Paraje Altamira, en San Carlos, Valle de Uco, Mendoza.<\/strong><\/p>\n\n\n\n<div style=\"height:43px\" aria-hidden=\"true\" class=\"wp-block-spacer\"><\/div>\n\n\n\n<figure class=\"wp-block-embed-youtube wp-block-embed is-type-video is-provider-youtube wp-embed-aspect-16-9 wp-has-aspect-ratio\"><div class=\"wp-block-embed__wrapper\">\n<iframe loading=\"lazy\" title=\"10\u00b0 CONCURSO LATINOAMERICANO DE PODA DE VID BAHCO\" width=\"1170\" height=\"658\" src=\"https:\/\/www.youtube.com\/embed\/5wKC8AU0LAI?feature=oembed\" frameborder=\"0\" allow=\"accelerometer; autoplay; clipboard-write; encrypted-media; gyroscope; picture-in-picture\" allowfullscreen><\/iframe>\n<\/div><\/figure>\n\n\n\n<div style=\"height:34px\" aria-hidden=\"true\" class=\"wp-block-spacer\"><\/div>\n\n\n\n<p>Hablamos de la gran final del<strong> Concurso Sudamericano de Poda Profesional en Vid<\/strong>, organizado por la empresa sueca de herramientas <strong>Bahco<\/strong>, cuyos participantes fueron los ganadores de las semifinales en las provincias argentinas de <strong>Neuqu\u00e9n, Salta, La Rioja, San Juan y Mendoza<\/strong> y en diferentes localidades de los vecinos pa\u00edses <strong>Uruguay, Chile y Per\u00fa<\/strong>.<\/p>\n\n\n\n<div style=\"height:20px\" aria-hidden=\"true\" class=\"wp-block-spacer\"><\/div>\n\n\n\n<div class=\"wp-block-image\"><figure class=\"aligncenter size-large is-resized\"><img loading=\"lazy\" decoding=\"async\" src=\"https:\/\/enolife.com.ar\/es\/wp-content\/uploads\/2022\/08\/301389792_5491109514309481_4352598633992095419_n.jpg\" alt=\"\" class=\"wp-image-73342\" width=\"533\" height=\"355\" srcset=\"https:\/\/enolife.com.ar\/es\/wp-content\/uploads\/2022\/08\/301389792_5491109514309481_4352598633992095419_n.jpg 600w, https:\/\/enolife.com.ar\/es\/wp-content\/uploads\/2022\/08\/301389792_5491109514309481_4352598633992095419_n-300x200.jpg 300w, https:\/\/enolife.com.ar\/es\/wp-content\/uploads\/2022\/08\/301389792_5491109514309481_4352598633992095419_n-585x390.jpg 585w\" sizes=\"auto, (max-width: 533px) 100vw, 533px\" \/><figcaption><em><strong>Los concursantes, con la remera de Bahco, rumbo a sus hileras en la Finca de Zuccardi en Paraje Altamira.<\/strong><\/em><\/figcaption><\/figure><\/div>\n\n\n\n<div style=\"height:20px\" aria-hidden=\"true\" class=\"wp-block-spacer\"><\/div>\n\n\n\n<div class=\"wp-block-image\"><figure class=\"aligncenter size-large is-resized\"><img loading=\"lazy\" decoding=\"async\" src=\"https:\/\/enolife.com.ar\/es\/wp-content\/uploads\/2022\/08\/3b272669-5047-4fae-b268-68e041445508.jpg\" alt=\"\" class=\"wp-image-73349\" width=\"540\" height=\"405\" srcset=\"https:\/\/enolife.com.ar\/es\/wp-content\/uploads\/2022\/08\/3b272669-5047-4fae-b268-68e041445508.jpg 666w, https:\/\/enolife.com.ar\/es\/wp-content\/uploads\/2022\/08\/3b272669-5047-4fae-b268-68e041445508-300x225.jpg 300w, https:\/\/enolife.com.ar\/es\/wp-content\/uploads\/2022\/08\/3b272669-5047-4fae-b268-68e041445508-585x439.jpg 585w\" sizes=\"auto, (max-width: 540px) 100vw, 540px\" \/><figcaption><em><strong>Susy Gala y Julio Sotelo, de Bodega Sotelo, de Ica Per\u00fa -anfitriona de la edici\u00f3n peruana de la competencia-, junto a su compatriota Te\u00f3filo Ram\u00edrez A\u00f1ahuari, representante de Bodega Tres Generaciones.<\/strong><\/em><\/figcaption><\/figure><\/div>\n\n\n\n<div style=\"height:20px\" aria-hidden=\"true\" class=\"wp-block-spacer\"><\/div>\n\n\n\n<p>Turistas, familiares de los competidores, invitados, periodistas, t\u00e9cnicos y empresarios vitivin\u00edcolas de las diferentes regiones de origen de los concursantes presenciaron la habilidad con la que esas manos curtidas manejaban las tijeras, dejando las hileras de malbec prolijamente podadas. El puntaje que los llevar\u00eda al podio depend\u00eda del criterio de un jurado compuesto por tres profesionales mendocinos. <\/p>\n\n\n\n<div style=\"height:20px\" aria-hidden=\"true\" class=\"wp-block-spacer\"><\/div>\n\n\n\n<div class=\"wp-block-image\"><figure class=\"alignleft size-large is-resized\"><img loading=\"lazy\" decoding=\"async\" src=\"https:\/\/enolife.com.ar\/es\/wp-content\/uploads\/2022\/08\/b6630208-b0ef-4d82-a7b3-34d9387c6f4c.jpg\" alt=\"\" class=\"wp-image-73333\" width=\"285\" height=\"214\" srcset=\"https:\/\/enolife.com.ar\/es\/wp-content\/uploads\/2022\/08\/b6630208-b0ef-4d82-a7b3-34d9387c6f4c.jpg 666w, https:\/\/enolife.com.ar\/es\/wp-content\/uploads\/2022\/08\/b6630208-b0ef-4d82-a7b3-34d9387c6f4c-300x225.jpg 300w, https:\/\/enolife.com.ar\/es\/wp-content\/uploads\/2022\/08\/b6630208-b0ef-4d82-a7b3-34d9387c6f4c-585x439.jpg 585w\" sizes=\"auto, (max-width: 285px) 100vw, 285px\" \/><figcaption><em><strong>Gustavo Aliquo<\/strong><\/em><\/figcaption><\/figure><\/div>\n\n\n\n<p>Para conocer en qu\u00e9 se basaron para la calificaci\u00f3n, el jurado <strong>Gustavo Aliquo, ingeniero agr\u00f3nomo de la EEA INTA Mendoza,<\/strong> explic\u00f3 a <strong>Enolife<\/strong>:<br> <br><em>\u00abSomos tres jurados que evaluamos treinta hileras cada uno. En esta ocasi\u00f3n no hubo prepoda, estaban los sarmientos enteros que han quedado del ciclo productivo, entonces una de las primeras cosas que evaluamos es la altura, hacer todo lo que es tironeo sin que quede nada, los tres alambres tienen que estar libres, ese es el primer punto que evaluamos, es decir la limpieza de toda la hilera. Despu\u00e9s, evaluamos la calidad del corte a la \u00faltima yema, que tienen que ser de unos dos cent\u00edmetros como m\u00ednimo, porque si se corta muy al ras esa yema puede morir. Otra cosa es la altura del pit\u00f3n: hay que dejar dos yemas, ya que tres puede ser muy alto. Tambi\u00e9n evaluamos la inclinaci\u00f3n del corte, porque cuando se produce el lloro de la vid, si la inclinaci\u00f3n est\u00e1 a favor de la yema, puede mojarla y afectarla con las heladas, as\u00ed que tiene que estar inclinada hacia el otro lado de la yema o, a lo sumo, recta. Por \u00faltimo, consideramos la limpieza, es decir que no queden chupones que no sean \u00fatiles para la planta, es decir que no sea un brote que d\u00e9 fruta, sino empieza a envejecer la planta\u00bb.<\/em> <\/p>\n\n\n\n<div style=\"height:20px\" aria-hidden=\"true\" class=\"wp-block-spacer\"><\/div>\n\n\n\n<div class=\"wp-block-image\"><figure class=\"aligncenter size-large is-resized\"><img loading=\"lazy\" decoding=\"async\" src=\"https:\/\/enolife.com.ar\/es\/wp-content\/uploads\/2022\/08\/89805d78-92e7-4a82-b5c7-8dec96d97c11.jpg\" alt=\"\" class=\"wp-image-73337\" width=\"522\" height=\"391\" srcset=\"https:\/\/enolife.com.ar\/es\/wp-content\/uploads\/2022\/08\/89805d78-92e7-4a82-b5c7-8dec96d97c11.jpg 666w, https:\/\/enolife.com.ar\/es\/wp-content\/uploads\/2022\/08\/89805d78-92e7-4a82-b5c7-8dec96d97c11-300x225.jpg 300w, https:\/\/enolife.com.ar\/es\/wp-content\/uploads\/2022\/08\/89805d78-92e7-4a82-b5c7-8dec96d97c11-585x439.jpg 585w\" sizes=\"auto, (max-width: 522px) 100vw, 522px\" \/><figcaption><em><strong>Rosa C\u00e1ceres (izq.), podadora de Tupungato, junto a Mar\u00eda Laura Amaia, de Agrelo (centro) y el pap\u00e1 de esta \u00faltima, Jos\u00e9 Amaia (81), de Ugarteche, Luj\u00e1n, Mendoza.<\/strong><\/em><\/figcaption><\/figure><\/div>\n\n\n\n<div style=\"height:20px\" aria-hidden=\"true\" class=\"wp-block-spacer\"><\/div>\n\n\n\n<p>Los podadores finalistas dispusieron de 30 minutos para demostrar sus habilidades, en la finca ante un jurado compuesto por destacados profesionales del sector, entre ellos el ingeniero <strong>Ignacio Gallarraga<\/strong>, profesor de la Facultad de Ciencias Agrarias de la Universidad Nacional de Cuyo; <strong>Marcos Montoya<\/strong> y <strong>Gustavo Aliquo<\/strong>, ambos del INTA. Los tres fueron los encargados de evaluar la destreza y velocidad de los podadores al realizar los cortes.<\/p>\n\n\n\n<div style=\"height:20px\" aria-hidden=\"true\" class=\"wp-block-spacer\"><\/div>\n\n\n\n<h4 class=\"has-vivid-red-color has-text-color wp-block-heading\">La mayor\u00eda de los invitados especiales, entre ellos profesionales de la vitivinicultura, periodistas, bodegueros y funcionarios de gobierno, fueron trasladados desde Mendoza a San Carlos en el Bus Vitivin\u00edcola, en una iniciativa conjunta de Bahco, la empresa Cata Turismo, la bodega de Familia Zuccardi y el Gobierno de Mendoza.<\/h4>\n\n\n\n<div style=\"height:20px\" aria-hidden=\"true\" class=\"wp-block-spacer\"><\/div>\n\n\n\n<p>Una vez finalizado el trabajo, podadores y p\u00fablico disfrutaron de una jornada a pleno sol en los jardines de la <strong>Bodega Piedra Infinita de Familia Zuccardi<\/strong> y, entre vinos, empanadas, choripanes y otros manjares, la empresa Bahco ofreci\u00f3 una clase magistral de poda y present\u00f3 la nueva tijera de poda el\u00e9ctrica.<\/p>\n\n\n\n<div style=\"height:20px\" aria-hidden=\"true\" class=\"wp-block-spacer\"><\/div>\n\n\n\n<div class=\"wp-block-image\"><figure class=\"aligncenter size-large is-resized\"><img loading=\"lazy\" decoding=\"async\" src=\"https:\/\/enolife.com.ar\/es\/wp-content\/uploads\/2022\/08\/300233240_5491110620976037_108052583514844988_n-1024x683.jpg\" alt=\"\" class=\"wp-image-73338\" width=\"532\" height=\"354\" srcset=\"https:\/\/enolife.com.ar\/es\/wp-content\/uploads\/2022\/08\/300233240_5491110620976037_108052583514844988_n-1024x683.jpg 1024w, https:\/\/enolife.com.ar\/es\/wp-content\/uploads\/2022\/08\/300233240_5491110620976037_108052583514844988_n-300x200.jpg 300w, https:\/\/enolife.com.ar\/es\/wp-content\/uploads\/2022\/08\/300233240_5491110620976037_108052583514844988_n-768x512.jpg 768w, https:\/\/enolife.com.ar\/es\/wp-content\/uploads\/2022\/08\/300233240_5491110620976037_108052583514844988_n-1536x1025.jpg 1536w, https:\/\/enolife.com.ar\/es\/wp-content\/uploads\/2022\/08\/300233240_5491110620976037_108052583514844988_n-1170x780.jpg 1170w, https:\/\/enolife.com.ar\/es\/wp-content\/uploads\/2022\/08\/300233240_5491110620976037_108052583514844988_n-585x390.jpg 585w, https:\/\/enolife.com.ar\/es\/wp-content\/uploads\/2022\/08\/300233240_5491110620976037_108052583514844988_n.jpg 2048w\" sizes=\"auto, (max-width: 532px) 100vw, 532px\" \/><figcaption><em><strong>Los participantes disfrutando de la propuesta gastron\u00f3mica.<\/strong><\/em><\/figcaption><\/figure><\/div>\n\n\n\n<div style=\"height:20px\" aria-hidden=\"true\" class=\"wp-block-spacer\"><\/div>\n\n\n\n<p>La cl\u00ednica de poda fue dictada por <strong>Fabricio Pe\u00f1aloza<\/strong>, \u00a0ingeniero agr\u00f3nomo de Bahco,\u00a0y tres podadores del concurso, quienes brindaron sus conocimiento y permitieron a los interesados en practicar con la tradicional tijera de podar de Bahco y con las nuevas <strong>tijeras de poda el\u00e9ctrica modelo BCL23 y BCL24<\/strong>, las cuales fueron \u00a0presentadas en el evento.<\/p>\n\n\n\n<p>Antes de revelar los ganadores del concurso, la m\u00fasica en vivo se apoder\u00f3 del lugar y con tonadas, tangos y violines que entretuvieron y dieron ritmo a la la tarde. <\/p>\n\n\n\n<div style=\"height:20px\" aria-hidden=\"true\" class=\"wp-block-spacer\"><\/div>\n\n\n\n<div class=\"wp-block-image\"><figure class=\"aligncenter size-large is-resized\"><img loading=\"lazy\" decoding=\"async\" src=\"https:\/\/enolife.com.ar\/es\/wp-content\/uploads\/2022\/08\/ef6b6b3e-2e83-4232-8669-0a2e20c40889.jpg\" alt=\"\" class=\"wp-image-73339\" width=\"556\" height=\"417\" srcset=\"https:\/\/enolife.com.ar\/es\/wp-content\/uploads\/2022\/08\/ef6b6b3e-2e83-4232-8669-0a2e20c40889.jpg 666w, https:\/\/enolife.com.ar\/es\/wp-content\/uploads\/2022\/08\/ef6b6b3e-2e83-4232-8669-0a2e20c40889-300x225.jpg 300w, https:\/\/enolife.com.ar\/es\/wp-content\/uploads\/2022\/08\/ef6b6b3e-2e83-4232-8669-0a2e20c40889-585x439.jpg 585w\" sizes=\"auto, (max-width: 556px) 100vw, 556px\" \/><figcaption><em><strong>Folclore a cargo de un grupo invitado, dedicado a los podadores.<\/strong><\/em><\/figcaption><\/figure><\/div>\n\n\n\n<div style=\"height:20px\" aria-hidden=\"true\" class=\"wp-block-spacer\"><\/div>\n\n\n\n<p>Y lleg\u00f3 el momento de la definici\u00f3n y el suspenso, el jurado dio su veredicto y quedaron en el podio:<\/p>\n\n\n\n<ul class=\"wp-block-list\"><li><strong>1er puesto:  Oscar P\u00e1ez <\/strong>de la Bodega Luigi Bosca, Mendoza, que se llev\u00f3 un Smart TV Led 40&#8243;, la tijera dorada y un kit de herramientas Bahco y un vino de Zuccardi.<\/li><li><strong>2do puesto: Cristian Ag\u00fcero <\/strong>de Altamira Esperanza, Mendoza, un kit de herramientas Bahco y un vino de Zuccardi.<\/li><li><strong>3er puesto: Juan Villafa\u00f1e<\/strong> tambi\u00e9n de Luigi Bosca, Mendoza. Tambi\u00e9n ganador de un kit de herramientas Bahco y un vino de Zuccardi.<\/li><\/ul>\n\n\n\n<div style=\"height:20px\" aria-hidden=\"true\" class=\"wp-block-spacer\"><\/div>\n\n\n\n<div class=\"wp-block-image\"><figure class=\"aligncenter size-large is-resized\"><img loading=\"lazy\" decoding=\"async\" src=\"https:\/\/enolife.com.ar\/es\/wp-content\/uploads\/2022\/08\/253c98e1-54f8-4a23-80ec-2217c5a52383.jpg\" alt=\"\" class=\"wp-image-73335\" width=\"499\" height=\"374\" srcset=\"https:\/\/enolife.com.ar\/es\/wp-content\/uploads\/2022\/08\/253c98e1-54f8-4a23-80ec-2217c5a52383.jpg 533w, https:\/\/enolife.com.ar\/es\/wp-content\/uploads\/2022\/08\/253c98e1-54f8-4a23-80ec-2217c5a52383-300x225.jpg 300w\" sizes=\"auto, (max-width: 499px) 100vw, 499px\" \/><figcaption><em><strong>El ganador Oscar P\u00e1ez, recibiendo los obsequios de Bahco y Zuccardi<\/strong><\/em>.<\/figcaption><\/figure><\/div>\n\n\n\n<div style=\"height:20px\" aria-hidden=\"true\" class=\"wp-block-spacer\"><\/div>\n\n\n\n<div class=\"wp-block-image\"><figure class=\"aligncenter size-large is-resized\"><img loading=\"lazy\" decoding=\"async\" src=\"https:\/\/enolife.com.ar\/es\/wp-content\/uploads\/2022\/08\/300575589_5491112227642543_4032511001511571072_n.jpg\" alt=\"\" class=\"wp-image-73336\" width=\"493\" height=\"329\" srcset=\"https:\/\/enolife.com.ar\/es\/wp-content\/uploads\/2022\/08\/300575589_5491112227642543_4032511001511571072_n.jpg 749w, https:\/\/enolife.com.ar\/es\/wp-content\/uploads\/2022\/08\/300575589_5491112227642543_4032511001511571072_n-300x200.jpg 300w, https:\/\/enolife.com.ar\/es\/wp-content\/uploads\/2022\/08\/300575589_5491112227642543_4032511001511571072_n-585x391.jpg 585w\" sizes=\"auto, (max-width: 493px) 100vw, 493px\" \/><figcaption><em><strong>Juan Villafa\u00f1e (3er. puesto), Cristian Ag\u00fcero (2do. puesto) y Oscar P\u00e1ez (1er. puesto).<\/strong><\/em><\/figcaption><\/figure><\/div>\n\n\n\n<div style=\"height:20px\" aria-hidden=\"true\" class=\"wp-block-spacer\"><\/div>\n\n\n\n<p>Luego de la entrega de los premios, <strong>Claudia Yanz\u00f3n, <\/strong>directora de Promoci\u00f3n Tur\u00edstica del gobierno de Mendoza, junto a <strong>Fernanda Rivarola, <\/strong>directora de Comunicaci\u00f3n y M\u00e1rketing del Ministerio de Cultura y&nbsp;Turismo&nbsp;del gobierno de Mendoza, entregaron a directivos de Bahco un <strong>Certificado de Inter\u00e9s Tur\u00edstico<\/strong> al Concurso Sudamericano de Poda Profesional en Vid, otorgado por el gobierno mendocino seg\u00fan Resoluciones 134 y 156\/2022. <\/p>\n\n\n\n<p>La distinci\u00f3n fue recibida por <strong>Fernando Montenegro<\/strong>, director general de Bahco Argentina,<strong> Suzy Lochtenberg<\/strong>, <em>product manager<\/em> de poda de <strong>Bahco Europe<\/strong>, y Mar\u00eda Laura Sosnowicz, responsable de Prensa y Comunicaci\u00f3n de Bahco.<\/p>\n\n\n\n<div style=\"height:20px\" aria-hidden=\"true\" class=\"wp-block-spacer\"><\/div>\n\n\n\n<div class=\"wp-block-image\"><figure class=\"aligncenter size-large is-resized\"><img loading=\"lazy\" decoding=\"async\" src=\"https:\/\/enolife.com.ar\/es\/wp-content\/uploads\/2022\/08\/94a5913a-1840-4251-b942-31a11fdda51b.jpg\" alt=\"\" class=\"wp-image-73331\" width=\"478\" height=\"377\" srcset=\"https:\/\/enolife.com.ar\/es\/wp-content\/uploads\/2022\/08\/94a5913a-1840-4251-b942-31a11fdda51b.jpg 561w, https:\/\/enolife.com.ar\/es\/wp-content\/uploads\/2022\/08\/94a5913a-1840-4251-b942-31a11fdda51b-300x237.jpg 300w\" sizes=\"auto, (max-width: 478px) 100vw, 478px\" \/><figcaption><em><strong>Mar\u00eda Laura Sosnowicz,  Fernando Montenegro, Claudia Yanz\u00f3n, Fernanda Rivarola y Suzy Lochtenberg <\/strong><\/em><\/figcaption><\/figure><\/div>\n\n\n\n<div style=\"height:35px\" aria-hidden=\"true\" class=\"wp-block-spacer\"><\/div>\n\n\n\n<p class=\"has-background has-very-light-gray-background-color\">En la lista de an\u00e9cdotas durante el certamen qued\u00f3 grabado un encuentro inesperado:<\/p>\n\n\n\n<div class=\"wp-block-image\"><figure class=\"alignleft size-large is-resized\"><img loading=\"lazy\" decoding=\"async\" src=\"https:\/\/enolife.com.ar\/es\/wp-content\/uploads\/2022\/08\/a3aeea0b-f8e5-4bb7-8468-26f2b7b26713-1.jpg\" alt=\"\" class=\"wp-image-73634\" width=\"235\" height=\"222\"\/><\/figure><\/div>\n\n\n\n<p class=\"has-background has-very-light-gray-background-color\"><br>Un periodista local, titular de radio El Faro de Valle de Uco, fue a cubrir la actividad, y entre sus entrevistados encontr\u00f3 \u00a1a su hermano!, al que no conoc\u00eda por haberse separado cuando eran ni\u00f1os peque\u00f1os. <br><br>Se trataba del podador ganador del concurso de poda en Neuqu\u00e9n. As\u00ed, el destino quiso que el periodista, a sus 40 a\u00f1os, encontrara al hermano. La vida los llev\u00f3 a ambos, de origen juje\u00f1o, por caminos diferentes, pero finalmente, como dice el slogan, \u00abEl Vino los Une\u00bb.<\/p>\n\n\n\n<div style=\"height:36px\" aria-hidden=\"true\" class=\"wp-block-spacer\"><\/div>\n","protected":false},"excerpt":{"rendered":"<p>El especialista de la bodega mendocina Luigi Bosca gan\u00f3 el 10mo. Concurso Sudamericano de Poda&hellip;<\/p>\n","protected":false},"author":3,"featured_media":73345,"comment_status":"open","ping_status":"open","sticky":false,"template":"","format":"standard","meta":{"footnotes":""},"categories":[11],"tags":[],"class_list":["post-73308","post","type-post","status-publish","format-standard","has-post-thumbnail","hentry","category-enoturismo"],"_links":{"self":[{"href":"https:\/\/enolife.com.ar\/es\/wp-json\/wp\/v2\/posts\/73308","targetHints":{"allow":["GET"]}}],"collection":[{"href":"https:\/\/enolife.com.ar\/es\/wp-json\/wp\/v2\/posts"}],"about":[{"href":"https:\/\/enolife.com.ar\/es\/wp-json\/wp\/v2\/types\/post"}],"author":[{"embeddable":true,"href":"https:\/\/enolife.com.ar\/es\/wp-json\/wp\/v2\/users\/3"}],"replies":[{"embeddable":true,"href":"https:\/\/enolife.com.ar\/es\/wp-json\/wp\/v2\/comments?post=73308"}],"version-history":[{"count":0,"href":"https:\/\/enolife.com.ar\/es\/wp-json\/wp\/v2\/posts\/73308\/revisions"}],"wp:featuredmedia":[{"embeddable":true,"href":"https:\/\/enolife.com.ar\/es\/wp-json\/wp\/v2\/media\/73345"}],"wp:attachment":[{"href":"https:\/\/enolife.com.ar\/es\/wp-json\/wp\/v2\/media?parent=73308"}],"wp:term":[{"taxonomy":"category","embeddable":true,"href":"https:\/\/enolife.com.ar\/es\/wp-json\/wp\/v2\/categories?post=73308"},{"taxonomy":"post_tag","embeddable":true,"href":"https:\/\/enolife.com.ar\/es\/wp-json\/wp\/v2\/tags?post=73308"}],"curies":[{"name":"wp","href":"https:\/\/api.w.org\/{rel}","templated":true}]}}