{"id":7322,"date":"2020-02-05T01:12:28","date_gmt":"2020-02-05T01:12:28","guid":{"rendered":"http:\/\/enolife.com.ar\/es\/?p=7322"},"modified":"2020-02-06T23:45:07","modified_gmt":"2020-02-06T23:45:07","slug":"imagino-los-colores-la-musica-y-un-abrazo-y-gano-el-concurso-para-la-imagen-de-la-vendimia","status":"publish","type":"post","link":"https:\/\/enolife.com.ar\/es\/imagino-los-colores-la-musica-y-un-abrazo-y-gano-el-concurso-para-la-imagen-de-la-vendimia\/","title":{"rendered":"Imagin\u00f3 los colores, la m\u00fasica y un abrazo y gan\u00f3 el concurso para la imagen de la Vendimia"},"content":{"rendered":"\n<h4 class=\"wp-block-heading\"><em><strong>Elena Visciglio fue ganadora, en decisi\u00f3n un\u00e1nime del jurado, entre las 43 propuestas del concurso para el dise\u00f1o de la identidad visual de&nbsp;\u00abSinfon\u00eda azul para el vino nuevo\u00bb,&nbsp;la pr\u00f3xima fiesta m\u00e1xima de los mendocinos. <\/strong><\/em><\/h4>\n\n\n\n<div style=\"height:20px\" aria-hidden=\"true\" class=\"wp-block-spacer\"><\/div>\n\n\n\n<p>El trabajo seleccionado se present\u00f3 bajo el seud\u00f3nimo&nbsp;<em>Ofelia Mirta<\/em>, correspondiente a la dise\u00f1adora Elena Visciglio, cuya propuesta se evalu\u00f3 en relaci\u00f3n a la pertenencia con el esp\u00edritu de la Fiesta Nacional de la Vendimia y en particular con el gui\u00f3n de&nbsp;<strong><em>Sinfon\u00eda azul para el vino nuevo<\/em><\/strong>.<\/p>\n\n\n\n<p>De acuerdo a la valoraci\u00f3n del jurado, la propuesta se destac\u00f3 por la intenci\u00f3n innovadora y la buena calidad de gr\u00e1fica y de presentaci\u00f3n de los trabajos, en general. Se consider\u00f3 que hubo un salto de calidad respecto a los concursos de a\u00f1os anteriores. <\/p>\n\n\n\n<p>Se presentaron muchas propuestas con ilustraciones originales y coherentes con la s\u00edntesis argumental. Se destaca del sistema ganador la calidad tipogr\u00e1fica bien resuelta y la composici\u00f3n general, en relaci\u00f3n con la imagen. La elecci\u00f3n fue un\u00e1nime, teniendo en cuenta, en primer lugar, que se realiz\u00f3 \u00abun sistema gr\u00e1fico con gran pertinencia con lo que desea transmitir la Fiesta Nacional de la Vendimia 2020\u00bb, seg\u00fan reza el acta del jurado.<\/p>\n\n\n\n<div style=\"height:20px\" aria-hidden=\"true\" class=\"wp-block-spacer\"><\/div>\n\n\n\n<figure class=\"wp-block-gallery columns-3 is-cropped wp-block-gallery-1 is-layout-flex wp-block-gallery-is-layout-flex\"><ul class=\"blocks-gallery-grid\"><li class=\"blocks-gallery-item\"><figure><img loading=\"lazy\" decoding=\"async\" width=\"250\" height=\"350\" src=\"https:\/\/enolife.com.ar\/es\/wp-content\/uploads\/2020\/02\/Afiches-FIESTA-NACIONAL-DE-LA-VENDIMIA-03-250x350-1.jpg\" alt=\"\" data-id=\"7324\" data-link=\"https:\/\/enolife.com.ar\/es\/?attachment_id=7324\" class=\"wp-image-7324\" srcset=\"https:\/\/enolife.com.ar\/es\/wp-content\/uploads\/2020\/02\/Afiches-FIESTA-NACIONAL-DE-LA-VENDIMIA-03-250x350-1.jpg 250w, https:\/\/enolife.com.ar\/es\/wp-content\/uploads\/2020\/02\/Afiches-FIESTA-NACIONAL-DE-LA-VENDIMIA-03-250x350-1-214x300.jpg 214w\" sizes=\"auto, (max-width: 250px) 100vw, 250px\" \/><\/figure><\/li><li class=\"blocks-gallery-item\"><figure><img loading=\"lazy\" decoding=\"async\" width=\"250\" height=\"350\" src=\"https:\/\/enolife.com.ar\/es\/wp-content\/uploads\/2020\/02\/Afiches-FIESTA-NACIONAL-DE-LA-VENDIMIA-02-250x350-1.jpg\" alt=\"\" data-id=\"7325\" data-link=\"https:\/\/enolife.com.ar\/es\/?attachment_id=7325\" class=\"wp-image-7325\" srcset=\"https:\/\/enolife.com.ar\/es\/wp-content\/uploads\/2020\/02\/Afiches-FIESTA-NACIONAL-DE-LA-VENDIMIA-02-250x350-1.jpg 250w, https:\/\/enolife.com.ar\/es\/wp-content\/uploads\/2020\/02\/Afiches-FIESTA-NACIONAL-DE-LA-VENDIMIA-02-250x350-1-214x300.jpg 214w\" sizes=\"auto, (max-width: 250px) 100vw, 250px\" \/><\/figure><\/li><li class=\"blocks-gallery-item\"><figure><img loading=\"lazy\" decoding=\"async\" width=\"250\" height=\"350\" src=\"https:\/\/enolife.com.ar\/es\/wp-content\/uploads\/2020\/02\/Afiches-FIESTA-NACIONAL-DE-LA-VENDIMIA-01-250x350-1.jpg\" alt=\"\" data-id=\"7326\" data-full-url=\"https:\/\/enolife.com.ar\/es\/wp-content\/uploads\/2020\/02\/Afiches-FIESTA-NACIONAL-DE-LA-VENDIMIA-01-250x350-1.jpg\" data-link=\"https:\/\/enolife.com.ar\/es\/?attachment_id=7326\" class=\"wp-image-7326\" srcset=\"https:\/\/enolife.com.ar\/es\/wp-content\/uploads\/2020\/02\/Afiches-FIESTA-NACIONAL-DE-LA-VENDIMIA-01-250x350-1.jpg 250w, https:\/\/enolife.com.ar\/es\/wp-content\/uploads\/2020\/02\/Afiches-FIESTA-NACIONAL-DE-LA-VENDIMIA-01-250x350-1-214x300.jpg 214w\" sizes=\"auto, (max-width: 250px) 100vw, 250px\" \/><\/figure><\/li><\/ul><figcaption class=\"blocks-gallery-caption\"><strong><em>Tres distintos motivos y personajes para el afiche de la Fiesta Nacional de la Vendimia<\/em><\/strong>.<\/figcaption><\/figure>\n\n\n\n<div style=\"height:20px\" aria-hidden=\"true\" class=\"wp-block-spacer\"><\/div>\n\n\n\n<p>La decisi\u00f3n tomada por el jurado, compuesto por referentes del dise\u00f1o gr\u00e1fico, cont\u00f3 con el visto bueno del director de&nbsp;<strong><em>Sinfon\u00eda azul para el vino nuevo<\/em><\/strong>, Golondrina Ruiz. <\/p>\n\n\n\n<p>Tambi\u00e9n se otorgaron tres menciones a la calidad gr\u00e1fica de los participantes y con el objetivo de reconocer el trabajo de los dise\u00f1adores: <\/p>\n\n\n\n<p><strong>Primera menci\u00f3n<\/strong>: Seud\u00f3nimo&nbsp;<em>Pini,<\/em>&nbsp;correspondiente a Mar\u00eda Cecilia Cepeda y Emmanuel Nicol\u00e1s Pantaleo. <\/p>\n\n\n\n<p><strong>Segunda menci\u00f3n<\/strong>:Seud\u00f3nimo&nbsp;<em>Murano<\/em>,&nbsp;correspondiente a Fabricio Oscar de la Vega Atencio y Ana Carolina Chiconi.  <\/p>\n\n\n\n<p><strong>Tercera menci\u00f3n<\/strong>: Seud\u00f3nimo&nbsp;<em>Ludwing<\/em>,&nbsp;correspondiente a Eduardo Garc\u00eda.<\/p>\n\n\n\n<div style=\"height:20px\" aria-hidden=\"true\" class=\"wp-block-spacer\"><\/div>\n\n\n\n<p>El jurado a cargo de la selecci\u00f3n del sistema gr\u00e1fico estuvo integrado por Alejandra G\u00f3mez, representante del gobierno de Mendoza; por la Facultad de Artes y Dise\u00f1o de la UNCuyo, Celia Iannizotto; por el Instituto Tupungato, Alejandra Porc\u00f3; por el Instituto Gutenberg, Susana Simmons, por la Universidad Champagnat, Marta Ver\u00f3nica Miguez; representante de Adimza (Asociaci\u00f3n de Dise\u00f1adores de Mendoza), Ramiro Candia y un representante del equipo art\u00edstico ganador de la Fiesta Nacional de la Vendimia 2020, Rafael Ricardo \u00abGolondrina\u00bb Ruiz.<\/p>\n\n\n\n<div style=\"height:20px\" aria-hidden=\"true\" class=\"wp-block-spacer\"><\/div>\n\n\n\n<div class=\"wp-block-image\"><figure class=\"alignleft is-resized\"><img loading=\"lazy\" decoding=\"async\" src=\"https:\/\/media-exp1.licdn.com\/dms\/image\/C5603AQHsbHSjCn-kLw\/profile-displayphoto-shrink_800_800\/0?e=1586390400&amp;v=beta&amp;t=vkvU1VBTx0a1n8PAt6Z9hsBrEEfyscYGymsR0Ebbftk\" alt=\"Elena Visciglio\" width=\"257\" height=\"257\"\/><figcaption><em><strong>Elena Visciglio<\/strong><\/em><\/figcaption><\/figure><\/div>\n\n\n\n<p>La ganadora, Elena Visciglio, coment\u00f3: \u201cLo primero que vi es el nombre de la vendimia, lo vi antes de que se lanzara el concurso y ya&nbsp;<strong><em>Sinfon\u00eda azul para el vino nuevo<\/em><\/strong>&nbsp;me trajo muchos colores a la mente. Principalmente, quise plasmar el regalo desde la m\u00fasica, desde la sinfon\u00eda al vino, a la fiesta, mostrar, a trav\u00e9s de la armon\u00eda de las figuras, de la composici\u00f3n\u00bb.<\/p>\n\n\n\n<p>Elena tiene 35 a\u00f1os<strong>, <\/strong>trabaja en el departamento de M\u00e1rketing de la UNCuyo y para la Asamblea de los Trabajadores.  En su tiempo libre hace ilustraciones feministas bajo el seud\u00f3nimo&nbsp;Ofelia Mirta, el nombre de su madre.<\/p>\n\n\n\n<blockquote class=\"wp-block-quote is-layout-flow wp-block-quote-is-layout-flow\"><p>\u00abEste festejo ten\u00eda que estar todo entrelazado, que se pueda observar el abrazo entre todos los mendocinos y mendocinas, a trav\u00e9s de siluetas, formas, contraformas\u00bb.&nbsp;<\/p><cite>Elena Visciglio<\/cite><\/blockquote>\n\n\n\n<div style=\"height:20px\" aria-hidden=\"true\" class=\"wp-block-spacer\"><\/div>\n\n\n\n<p>\u00abSiempre me gust\u00f3 Vendimia, esta es la segunda vez que me presento, siempre dije &#8216;me voy a presentar cuando tenga una idea&#8217;. En el a\u00f1o 2017, tuve mi primera idea y obtuve la primera menci\u00f3n y este a\u00f1o, el nombre me moviliz\u00f3 a trav\u00e9s de composiciones, colores, los vestuarios. La Vendimia es una obra de arte\u00bb.<\/p>\n\n\n\n<p>\u201cMi mam\u00e1 fue mi gran apoyo en mi carrera, en este momento debe estar muy contenta. Quer\u00eda homenajearla, regal\u00e1ndole parte de este trabajo, porque s\u00e9 que ella me impuls\u00f3 como dise\u00f1adora y est\u00e1 presente en m\u00ed. En estas l\u00edneas y dibujos est\u00e1 presente. Por eso el seud\u00f3nimo es su nombre\u201d.<\/p>\n\n\n\n<p class=\"has-small-font-size\"><strong><em>Fuente: Gobierno de Mendoza<\/em><\/strong><\/p>\n","protected":false},"excerpt":{"rendered":"<p>Elena Visciglio fue ganadora, en decisi\u00f3n un\u00e1nime del jurado, entre las 43 propuestas del concurso&hellip;<\/p>\n","protected":false},"author":3,"featured_media":7323,"comment_status":"open","ping_status":"open","sticky":false,"template":"","format":"standard","meta":{"footnotes":""},"categories":[34],"tags":[],"class_list":["post-7322","post","type-post","status-publish","format-standard","has-post-thumbnail","hentry","category-cultura1"],"_links":{"self":[{"href":"https:\/\/enolife.com.ar\/es\/wp-json\/wp\/v2\/posts\/7322","targetHints":{"allow":["GET"]}}],"collection":[{"href":"https:\/\/enolife.com.ar\/es\/wp-json\/wp\/v2\/posts"}],"about":[{"href":"https:\/\/enolife.com.ar\/es\/wp-json\/wp\/v2\/types\/post"}],"author":[{"embeddable":true,"href":"https:\/\/enolife.com.ar\/es\/wp-json\/wp\/v2\/users\/3"}],"replies":[{"embeddable":true,"href":"https:\/\/enolife.com.ar\/es\/wp-json\/wp\/v2\/comments?post=7322"}],"version-history":[{"count":0,"href":"https:\/\/enolife.com.ar\/es\/wp-json\/wp\/v2\/posts\/7322\/revisions"}],"wp:featuredmedia":[{"embeddable":true,"href":"https:\/\/enolife.com.ar\/es\/wp-json\/wp\/v2\/media\/7323"}],"wp:attachment":[{"href":"https:\/\/enolife.com.ar\/es\/wp-json\/wp\/v2\/media?parent=7322"}],"wp:term":[{"taxonomy":"category","embeddable":true,"href":"https:\/\/enolife.com.ar\/es\/wp-json\/wp\/v2\/categories?post=7322"},{"taxonomy":"post_tag","embeddable":true,"href":"https:\/\/enolife.com.ar\/es\/wp-json\/wp\/v2\/tags?post=7322"}],"curies":[{"name":"wp","href":"https:\/\/api.w.org\/{rel}","templated":true}]}}