{"id":7311,"date":"2020-02-05T14:03:37","date_gmt":"2020-02-05T14:03:37","guid":{"rendered":"http:\/\/enolife.com.ar\/es\/?p=7311"},"modified":"2020-02-06T15:39:46","modified_gmt":"2020-02-06T15:39:46","slug":"coviar-acordo-con-nacion-promover-el-enoturismo-y-la-cultura-del-vino","status":"publish","type":"post","link":"https:\/\/enolife.com.ar\/es\/coviar-acordo-con-nacion-promover-el-enoturismo-y-la-cultura-del-vino\/","title":{"rendered":"Coviar acord\u00f3 con Naci\u00f3n promover el enoturismo y la cultura del vino"},"content":{"rendered":"\n<h4 class=\"wp-block-heading\"><em><strong>Directivos de la Corporaci\u00f3n Vitivin\u00edcola Argentina se reunieron con la secretaria de Promoci\u00f3n Tur\u00edstica de la Naci\u00f3n, Yanina Mart\u00ednez. En el encuentro se estableci\u00f3 crear un Foro de Turismo del Vino, actualizar el Plan de Promoci\u00f3n de Turismo del Vino y fundar un Observatorio que monitoree esos espacios. Estas acciones conjuntas forman parte de los objetivos del Plan Estrat\u00e9gico Vitivin\u00edcola (PEVI) 2020 y apuntan al dise\u00f1o del nuevo PEVI 2030.  <\/strong><\/em><\/h4>\n\n\n\n<div style=\"height:20px\" aria-hidden=\"true\" class=\"wp-block-spacer\"><\/div>\n\n\n\n<p>A la reuni\u00f3n con la flamante secretaria de Promoci\u00f3n Tur\u00edstica de la Naci\u00f3n asistieron Pablo Asens, miembro del directorio de Coviar; Javier Espina, titular de la unidad Turismo del Vino de Coviar; Sergio Villanueva y Carmen P\u00e9rez, del Fondo Vitivin\u00edcola.<\/p>\n\n\n\n<p>Tras el encuentro, desde su cuenta de Instagram, la joven funcionaria Yanina Mart\u00ednez difundi\u00f3 la siguiente s\u00edntesis: <\/p>\n\n\n\n<blockquote class=\"wp-block-quote is-layout-flow wp-block-quote-is-layout-flow\"><p>\u201cHoy nos reunimos con COVIAR a los fines de trabajar conjuntamente en la aplicaci\u00f3n del plan estrat\u00e9gico que se realiz\u00f3 hasta el 2020. Tambi\u00e9n hablamos de ver la factibilidad de actualizarlo de manera articulada. Una reuni\u00f3n muy productiva para potenciar el enoturismo y darle a la actividad vitivin\u00edcola impronta cultural y\/o experimental\u201d.<\/p><p>\u201cCon planificaci\u00f3n, coordinaci\u00f3n y acci\u00f3n colectiva vamos a trabajar desde <a href=\"https:\/\/www.instagram.com\/turdepar\/\">@turdepar<\/a>&nbsp; (Ministerio de Turismo) en la b\u00fasqueda de optimizar la acciones entre el sector p\u00fablico y privado. El Vino, es bebida nacional, es Argentino !!!&#x1f1e6;&#x1f1f7;&nbsp;<a href=\"https:\/\/www.instagram.com\/explore\/tags\/%F0%9F%8D%B7\/\">#&#x1f377;<\/a>&nbsp;<a href=\"https:\/\/www.instagram.com\/explore\/tags\/wine\/\">#wine<\/a>&nbsp;<a href=\"https:\/\/www.instagram.com\/explore\/tags\/vino\/\">#vino<\/a>&nbsp;<a href=\"https:\/\/www.instagram.com\/explore\/tags\/bebidanacional\/\">#bebidanacional<\/a>\u00ab<\/p><cite>INSTAGRAM DE YANINA MARTINEZ<\/cite><\/blockquote>\n\n\n\n<p>Fruto del encuentro, se acord\u00f3 una agenda com\u00fan de trabajo\nque incluye los siguientes puntos:<\/p>\n\n\n\n<p><strong>La creaci\u00f3n de un \u201cEspacio Institucional de Consenso &#8211; Foro Turismo del Vino\u201d <\/strong>con el objetivo de recuperar un \u00e1mbito institucional liderado por el Ministerio de Deportes y Turismo de la Naci\u00f3n y la Coviar, con la participaci\u00f3n de todas las provincias para dise\u00f1ar y ejecutar pol\u00edticas p\u00fablicas con consenso y de largo plazo. <\/p>\n\n\n\n<p><strong>Avanzar en un \u201cPlan de Promoci\u00f3n del Turismo del Vino\u201d<\/strong> con el objetivo de recuperar y dinamizar las acciones previstas y establecer un cronograma de promoci\u00f3n para recuperar la iniciativa. En primer lugar, se propuso volver al uso de la marca paraguas \u201cArgentina, Tierra de Vinos\u201d y acordar un calendario de acciones de promoci\u00f3n en los principales eventos tur\u00edsticos del pa\u00eds y activarlas durante el a\u00f1o en curso. En paralelo, se propuso realizar acciones en el mercado internacional en conjunto con el Instituto Nacional de Promoci\u00f3n Tur\u00edstica (Improtur). <\/p>\n\n\n\n<p><strong>Plan de difusi\u00f3n del Vino Argentino, Bebida Nacional<\/strong>. El principal objetivo es consolidar el reconocimiento del vino como la Bebida Nacional y realizar acciones para promoverlo todos los 24 de noviembre en una celebraci\u00f3n que se fortalece cada a\u00f1o en todas las provincias vitivin\u00edcolas y que se apoya en eventos locales de relevancia nacional. <\/p>\n\n\n\n<p><strong>Crear un Observatorio del Turismo del Vino<\/strong> dentro del  Observatorio Vitivin\u00edcola para realizar mediciones entre el Ministerio y Coviar con una metodolog\u00eda nueva, utilizando Big Data u otros recursos similares como fuente para el relevamiento de informaci\u00f3n, para certificar que los datos son precisos.<\/p>\n\n\n\n<p>Todo este plan de trabajo se encuentra alineado al proceso de redefinici\u00f3n de la estrat\u00e9gica vitivin\u00edcola 2030: \u201cSurge una clara demanda por parte de los diversos actores de desarrollar una l\u00ednea estrat\u00e9gica especifica de turismo del vino.&nbsp; El desarrollo implica un compromiso institucional de sumarse a la construcci\u00f3n colectiva del plan, donde los participantes aportan sus ideas y propuestas\u201d, explic\u00f3 Pablo Asens al t\u00e9rmino de la reuni\u00f3n.<\/p>\n\n\n\n<p class=\"has-small-font-size\"><strong><em>Fuente: Coviar<\/em><\/strong><\/p>\n","protected":false},"excerpt":{"rendered":"<p>Directivos de la Corporaci\u00f3n Vitivin\u00edcola Argentina se reunieron con la secretaria de Promoci\u00f3n Tur\u00edstica de&hellip;<\/p>\n","protected":false},"author":3,"featured_media":7314,"comment_status":"open","ping_status":"open","sticky":false,"template":"","format":"standard","meta":{"footnotes":""},"categories":[14],"tags":[],"class_list":["post-7311","post","type-post","status-publish","format-standard","has-post-thumbnail","hentry","category-news"],"_links":{"self":[{"href":"https:\/\/enolife.com.ar\/es\/wp-json\/wp\/v2\/posts\/7311","targetHints":{"allow":["GET"]}}],"collection":[{"href":"https:\/\/enolife.com.ar\/es\/wp-json\/wp\/v2\/posts"}],"about":[{"href":"https:\/\/enolife.com.ar\/es\/wp-json\/wp\/v2\/types\/post"}],"author":[{"embeddable":true,"href":"https:\/\/enolife.com.ar\/es\/wp-json\/wp\/v2\/users\/3"}],"replies":[{"embeddable":true,"href":"https:\/\/enolife.com.ar\/es\/wp-json\/wp\/v2\/comments?post=7311"}],"version-history":[{"count":0,"href":"https:\/\/enolife.com.ar\/es\/wp-json\/wp\/v2\/posts\/7311\/revisions"}],"wp:featuredmedia":[{"embeddable":true,"href":"https:\/\/enolife.com.ar\/es\/wp-json\/wp\/v2\/media\/7314"}],"wp:attachment":[{"href":"https:\/\/enolife.com.ar\/es\/wp-json\/wp\/v2\/media?parent=7311"}],"wp:term":[{"taxonomy":"category","embeddable":true,"href":"https:\/\/enolife.com.ar\/es\/wp-json\/wp\/v2\/categories?post=7311"},{"taxonomy":"post_tag","embeddable":true,"href":"https:\/\/enolife.com.ar\/es\/wp-json\/wp\/v2\/tags?post=7311"}],"curies":[{"name":"wp","href":"https:\/\/api.w.org\/{rel}","templated":true}]}}