{"id":7285,"date":"2020-02-04T17:28:00","date_gmt":"2020-02-04T17:28:00","guid":{"rendered":"http:\/\/enolife.com.ar\/es\/?p=7285"},"modified":"2020-02-06T00:35:14","modified_gmt":"2020-02-06T00:35:14","slug":"la-oiv-promueve-el-enoturismo-como-herramienta-para-el-desarrollo-social","status":"publish","type":"post","link":"https:\/\/enolife.com.ar\/es\/la-oiv-promueve-el-enoturismo-como-herramienta-para-el-desarrollo-social\/","title":{"rendered":"La OIV promueve el enoturismo como herramienta para el desarrollo social"},"content":{"rendered":"\n<h4 class=\"wp-block-heading\"><em><strong>La&nbsp;Organizaci\u00f3n Internacional de la Vi\u00f1a y el Vino&nbsp;(OIV) y la&nbsp;Organizaci\u00f3n Mundial del Turismo&nbsp;(OMT) han firmado un convenio para impulsar el  turismo del vino para la creaci\u00f3n de empleo.<\/strong><\/em><\/h4>\n\n\n\n<div style=\"height:20px\" aria-hidden=\"true\" class=\"wp-block-spacer\"><\/div>\n\n\n\n<p>En coherencia con el nuevo plan estrat\u00e9gico 2020-2024, el director general de la OIV, Pau Roca, firm\u00f3 este acuerdo con el secretario general de la OMT, Zurab Pololikashvili, cuyo principal objetivo es la promoci\u00f3n del enoturismo a nivel mundial. La firma se llev\u00f3 a cabo el 24 de enero en la sede de la OMT, en Madrid, en el marco de la celebraci\u00f3n de la Feria Internacional del Turismo (FITUR), donde el enoturismo se ha destacado, desde diferentes organismos como herramienta de desarrollo rural.<\/p>\n\n\n\n<div style=\"height:20px\" aria-hidden=\"true\" class=\"wp-block-spacer\"><\/div>\n\n\n\n<blockquote class=\"wp-block-quote is-layout-flow wp-block-quote-is-layout-flow\"><p> \u201cEste trabajo conjunto permitir\u00e1 cumplir con los ejes del plan estrat\u00e9gico de la OIV y sus metas, y a su vez con 13 de los 17 Objetivos de desarrollo sostenible (ODS) de las Naciones Unidas\u201d.<\/p><cite>Pau Roca, presidente de la OIV.<\/cite><\/blockquote>\n\n\n\n<div style=\"height:20px\" aria-hidden=\"true\" class=\"wp-block-spacer\"><\/div>\n\n\n\n<p>En el mencionado plan estrat\u00e9gico de la OIV se se\u00f1alaba, como uno de los objetivos \u201cFomentar el desarrollo del enoturismo, los paisajes y los terru\u00f1os vitivin\u00edcolas poniendo de relieve su importancia y participar en dicho desarrollo\u201d.<\/p>\n\n\n\n<div style=\"height:20px\" aria-hidden=\"true\" class=\"wp-block-spacer\"><\/div>\n\n\n\n<div class=\"wp-block-image\"><figure class=\"aligncenter\"><img decoding=\"async\" src=\"https:\/\/www.tecnohotelnews.com\/wp-content\/uploads\/2017\/11\/fiesta_vino_yecla.jpg\" alt=\"Resultado de imagen para enoturismo desarrollo rural\"\/><\/figure><\/div>\n\n\n\n<div style=\"height:20px\" aria-hidden=\"true\" class=\"wp-block-spacer\"><\/div>\n\n\n\n<p>El director general de la OIV destaca, adem\u00e1s, que con el enoturismo aporta un conocimiento y una experiencia que legitima el vino como producto, \u201clo cual lo sit\u00faa como un bien cultural\u201d. En definitiva, un tipo de turismo que \u201cpermite valorar el v\u00ednculo con la tierra, conocer las dificultades y condiciones clim\u00e1ticas para su producci\u00f3n, y generar un respeto hacia el producto final\u201d, una experiencia que, seg\u00fan afirma Roca, ser\u00e1 \u201cla base para un consumo moderado e inteligente\u201d.<\/p>\n\n\n\n<p>La OMT ha centrado sus esfuerzos, durante la celebraci\u00f3n de FITUR, en lograr un turismo donde la sostenibilidad, la innovaci\u00f3n y la accesibilidad sean los ejes centrales. Tal y como expresaba Pololikashvili, en los d\u00edas previos a la feria del turismo: \u201cno me cabe duda de que Fitur volver\u00e1 a generar ideas y planes concretos, necesarios para garantizar que el turismo pueda convertirse en un componente cada vez m\u00e1s importante de la agenda del desarrollo sostenible\u201d.<\/p>\n\n\n\n<p class=\"has-small-font-size\"><strong><em>Fuente: lagacetadelvino.com<\/em><\/strong><\/p>\n","protected":false},"excerpt":{"rendered":"<p>La&nbsp;Organizaci\u00f3n Internacional de la Vi\u00f1a y el Vino&nbsp;(OIV) y la&nbsp;Organizaci\u00f3n Mundial del Turismo&nbsp;(OMT) han firmado&hellip;<\/p>\n","protected":false},"author":3,"featured_media":7288,"comment_status":"open","ping_status":"open","sticky":false,"template":"","format":"standard","meta":{"footnotes":""},"categories":[11],"tags":[],"class_list":["post-7285","post","type-post","status-publish","format-standard","has-post-thumbnail","hentry","category-enoturismo"],"_links":{"self":[{"href":"https:\/\/enolife.com.ar\/es\/wp-json\/wp\/v2\/posts\/7285","targetHints":{"allow":["GET"]}}],"collection":[{"href":"https:\/\/enolife.com.ar\/es\/wp-json\/wp\/v2\/posts"}],"about":[{"href":"https:\/\/enolife.com.ar\/es\/wp-json\/wp\/v2\/types\/post"}],"author":[{"embeddable":true,"href":"https:\/\/enolife.com.ar\/es\/wp-json\/wp\/v2\/users\/3"}],"replies":[{"embeddable":true,"href":"https:\/\/enolife.com.ar\/es\/wp-json\/wp\/v2\/comments?post=7285"}],"version-history":[{"count":0,"href":"https:\/\/enolife.com.ar\/es\/wp-json\/wp\/v2\/posts\/7285\/revisions"}],"wp:featuredmedia":[{"embeddable":true,"href":"https:\/\/enolife.com.ar\/es\/wp-json\/wp\/v2\/media\/7288"}],"wp:attachment":[{"href":"https:\/\/enolife.com.ar\/es\/wp-json\/wp\/v2\/media?parent=7285"}],"wp:term":[{"taxonomy":"category","embeddable":true,"href":"https:\/\/enolife.com.ar\/es\/wp-json\/wp\/v2\/categories?post=7285"},{"taxonomy":"post_tag","embeddable":true,"href":"https:\/\/enolife.com.ar\/es\/wp-json\/wp\/v2\/tags?post=7285"}],"curies":[{"name":"wp","href":"https:\/\/api.w.org\/{rel}","templated":true}]}}