{"id":72832,"date":"2022-08-25T02:56:31","date_gmt":"2022-08-25T02:56:31","guid":{"rendered":"http:\/\/enolife.com.ar\/es\/?p=72832"},"modified":"2022-08-27T02:09:29","modified_gmt":"2022-08-27T02:09:29","slug":"el-fondo-vitivinicola-informara-sobre-ventas-de-vino-y-tendencias-de-consumo-en-el-ultimo-ano","status":"publish","type":"post","link":"https:\/\/enolife.com.ar\/es\/el-fondo-vitivinicola-informara-sobre-ventas-de-vino-y-tendencias-de-consumo-en-el-ultimo-ano\/","title":{"rendered":"El Fondo Vitivin\u00edcola informar\u00e1 sobre ventas de vino y tendencias de consumo en el \u00faltimo a\u00f1o"},"content":{"rendered":"\n<h4 class=\"wp-block-heading\"><em><strong>El pr\u00f3ximo 31\/8, desde las 15 hs, el Fondo Vitivin\u00edcola Mendoza invita a representantes de bodegas a participar del \u00abForo del mercado interno\u00bb, una reuni\u00f3n en la cual t\u00e9cnicos del Observatorio Vitivin\u00edcola Argentino (OVA) expondr\u00e1n la informaci\u00f3n sobre el mercado interno vitivin\u00edcola argentino, compartiendo los datos cuantitativos y tendencias que puedan servir a los bodegueros para tomar sus decisiones estrat\u00e9gicas. La presentaci\u00f3n tendr\u00e1 lugar en el centro tem\u00e1tico del vino de Mendoza, La Enoteca. Hay que inscribirse previamente, y quienes no puedan asistir podr\u00e1n participar a trav\u00e9s de internet.<\/strong><\/em><\/h4>\n\n\n\n<div style=\"height:20px\" aria-hidden=\"true\" class=\"wp-block-spacer\"><\/div>\n\n\n<a href=\"https:\/\/www.parsecsrl.net\/es\/extraccion-selectiva-tintos\/\" aria-label=\"banner1700x500-rev-9\"><img loading=\"lazy\" decoding=\"async\" src=\"https:\/\/enolife.com.ar\/es\/wp-content\/uploads\/2022\/04\/banner1700x500-rev-9.gif\" alt=\"\"  width=\"1700\" height=\"500\"   \/><\/a>\n\n\n<div style=\"height:42px\" aria-hidden=\"true\" class=\"wp-block-spacer\"><\/div>\n\n\n\n<p>Como parte de la informaci\u00f3n que procesa y difunde la campa\u00f1a gen\u00e9rica <strong>Vino Argentino<\/strong>, coordinada por el <strong>Fondo Vitivin\u00edcola<\/strong> y financiada por la C<strong>orporaci\u00f3n Vitivin\u00edcola Argentina<\/strong>, estas entidades convocan a representantes de bodegas el <strong>pr\u00f3ximo mi\u00e9rcoles 31 de agosto a las 15<\/strong> <strong>hs <\/strong>a La Enoteca, donde los t\u00e9cnicos del <strong>Observatorio Vitivin\u00edcola Argentino (OVA)<\/strong> presentar\u00e1n un an\u00e1lisis con datos relevados por las consultoras <strong>Euromonitor<\/strong> y <strong>Scentia.<\/strong><\/p>\n\n\n\n<div class=\"wp-block-image\"><figure class=\"alignleft size-large is-resized\"><img loading=\"lazy\" decoding=\"async\" src=\"https:\/\/enolife.com.ar\/es\/wp-content\/uploads\/2022\/08\/foro-723x1024.jpg\" alt=\"\" class=\"wp-image-72833\" width=\"261\" height=\"369\" srcset=\"https:\/\/enolife.com.ar\/es\/wp-content\/uploads\/2022\/08\/foro-723x1024.jpg 723w, https:\/\/enolife.com.ar\/es\/wp-content\/uploads\/2022\/08\/foro-212x300.jpg 212w, https:\/\/enolife.com.ar\/es\/wp-content\/uploads\/2022\/08\/foro-768x1087.jpg 768w, https:\/\/enolife.com.ar\/es\/wp-content\/uploads\/2022\/08\/foro-585x828.jpg 585w, https:\/\/enolife.com.ar\/es\/wp-content\/uploads\/2022\/08\/foro.jpg 904w\" sizes=\"auto, (max-width: 261px) 100vw, 261px\" \/><\/figure><\/div>\n\n\n\n<p>El objetivo es mostrar la evoluci\u00f3n del mercado interno argentino en t\u00e9rminos de <strong>ventas, volumen, facturaci\u00f3n y canales<\/strong> -actualizados a julio de 2022-, entre otras variables. Adem\u00e1s, <strong>Guillermo Oliveto,<\/strong> presidente de la <strong>Consultora W,<\/strong> expondr\u00e1 sobre la <strong>evoluci\u00f3n y tendencias del consumo <\/strong>y del negocio dom\u00e9stico del vino y c\u00f3mo y cu\u00e1nto influye el humor social en la din\u00e1mica del mercado. Finalmente, miembros del Fondo Vitivin\u00edcola comentar\u00e1n las acciones previstas para la comunicaci\u00f3n gen\u00e9rica del vino, siempre bajo el paraguas conceptual <strong>\u00abEl Vino Nos Une\u00bb<\/strong>.<\/p>\n\n\n\n<p><strong>Modalidad<\/strong>: presencial en <strong>La Enoteca <\/strong>(<strong>Peltier 611, Ciudad, Mendoza<\/strong>) y virtual, a trav\u00e9s de <strong>Zoom<\/strong>. <\/p>\n\n\n\n<p class=\"has-background has-very-light-gray-background-color\"><strong>Las bodegas que deseen participar deber\u00e1n inscribirse previamente v\u00eda mail a <a href=\"mailto:comunicacion@fondovitivinicola.com.ar\">comunicacion@fondovitivinicola.com.ar<\/a><\/strong><\/p>\n\n\n\n<div style=\"height:25px\" aria-hidden=\"true\" class=\"wp-block-spacer\"><\/div>\n","protected":false},"excerpt":{"rendered":"<p>El pr\u00f3ximo 31\/8, desde las 15 hs, el Fondo Vitivin\u00edcola Mendoza invita a representantes de&hellip;<\/p>\n","protected":false},"author":3,"featured_media":72851,"comment_status":"open","ping_status":"open","sticky":false,"template":"","format":"standard","meta":{"footnotes":""},"categories":[47],"tags":[],"class_list":["post-72832","post","type-post","status-publish","format-standard","has-post-thumbnail","hentry","category-agenda"],"_links":{"self":[{"href":"https:\/\/enolife.com.ar\/es\/wp-json\/wp\/v2\/posts\/72832","targetHints":{"allow":["GET"]}}],"collection":[{"href":"https:\/\/enolife.com.ar\/es\/wp-json\/wp\/v2\/posts"}],"about":[{"href":"https:\/\/enolife.com.ar\/es\/wp-json\/wp\/v2\/types\/post"}],"author":[{"embeddable":true,"href":"https:\/\/enolife.com.ar\/es\/wp-json\/wp\/v2\/users\/3"}],"replies":[{"embeddable":true,"href":"https:\/\/enolife.com.ar\/es\/wp-json\/wp\/v2\/comments?post=72832"}],"version-history":[{"count":0,"href":"https:\/\/enolife.com.ar\/es\/wp-json\/wp\/v2\/posts\/72832\/revisions"}],"wp:featuredmedia":[{"embeddable":true,"href":"https:\/\/enolife.com.ar\/es\/wp-json\/wp\/v2\/media\/72851"}],"wp:attachment":[{"href":"https:\/\/enolife.com.ar\/es\/wp-json\/wp\/v2\/media?parent=72832"}],"wp:term":[{"taxonomy":"category","embeddable":true,"href":"https:\/\/enolife.com.ar\/es\/wp-json\/wp\/v2\/categories?post=72832"},{"taxonomy":"post_tag","embeddable":true,"href":"https:\/\/enolife.com.ar\/es\/wp-json\/wp\/v2\/tags?post=72832"}],"curies":[{"name":"wp","href":"https:\/\/api.w.org\/{rel}","templated":true}]}}