{"id":72793,"date":"2022-08-24T02:36:15","date_gmt":"2022-08-24T02:36:15","guid":{"rendered":"http:\/\/enolife.com.ar\/es\/?p=72793"},"modified":"2022-08-30T00:55:47","modified_gmt":"2022-08-30T00:55:47","slug":"enodiplomacia-empleo-del-vino-y-su-cultura-para-proyectar-el-prestigio-y-la-imagen-pais","status":"publish","type":"post","link":"https:\/\/enolife.com.ar\/es\/enodiplomacia-empleo-del-vino-y-su-cultura-para-proyectar-el-prestigio-y-la-imagen-pais\/","title":{"rendered":"Enodiplomacia: empleo del vino y su cultura para  proyectar el prestigio y la imagen pa\u00eds"},"content":{"rendered":"\n<h4 class=\"wp-block-heading\"><em><strong>El t\u00e9rmino \u00abenodiplomacia\u00bb, recientemente acu\u00f1ado, forma parte de un proceso mayor, como parte de la \u00abgastrodiplomacia\u00bb, que ya ha tenido reconocimiento te\u00f3rico. En la nota que a continuaci\u00f3n replicamos parcialmente -agregando en recuadro el PDF del art\u00edculo completo- los historiadores, investigadores y escritores Pablo Lacoste -mendocino afincado en Chile, acad\u00e9mico de la Universidad de Santiago de Chile- y Jos\u00e9 Antonio Negr\u00edn -espa\u00f1ol, doctor en Econom\u00eda y docente de Historia Econ\u00f3mica en la Universidad de Castilla-La Mancha- analizan el novedoso concepto y sus alcances como herramienta de utilidad en los estudios internacionales. Los fragmentos seleccionados y los textos destacados son nuestros.<\/strong><\/em><\/h4>\n\n\n\n<div style=\"height:31px\" aria-hidden=\"true\" class=\"wp-block-spacer\"><\/div>\n\n\n\n\n\n<div style=\"height:48px\" aria-hidden=\"true\" class=\"wp-block-spacer\"><\/div>\n\n\n\n<p>Se indaga en este art\u00edculo el concepto enodiplomacia y su eventual aporte y aplicaci\u00f3n en los <strong>Estudios Internacionales.<\/strong> Tambi\u00e9n se ubica el concepto dentro de las estrategias de poder blando (<em><strong>soft power<\/strong><\/em>), en el sentido del empleo del vino y la cultura del vino como medio para proyectar el prestigio y la imagen pa\u00eds. Asimismo, se detecta un patr\u00f3n en el sentido de la centralidad que algunos pa\u00edses productores han dedicado al vino en sus estrategias de pol\u00edtica exterior econ\u00f3mica.<\/p>\n\n\n\n<p>Al tratarse de un t\u00e9rmino nuevo, que todav\u00eda no ha sido asimilado en la corriente principal de la teor\u00eda de los estudios internacionales, conviene realizar un estudio exploratorio para identificar sus alcances y proyecciones. <\/p>\n\n\n\n<div style=\"height:20px\" aria-hidden=\"true\" class=\"wp-block-spacer\"><\/div>\n\n\n\n<div class=\"wp-block-image\"><figure class=\"aligncenter size-large is-resized\"><img loading=\"lazy\" decoding=\"async\" src=\"https:\/\/enolife.com.ar\/es\/wp-content\/uploads\/2022\/08\/vino-elegido-como-obsequio-para-los-presidentes-en-la-Cumbre-Mercosur-2017.jpg\" alt=\"\" class=\"wp-image-72803\" width=\"303\" height=\"489\" srcset=\"https:\/\/enolife.com.ar\/es\/wp-content\/uploads\/2022\/08\/vino-elegido-como-obsequio-para-los-presidentes-en-la-Cumbre-Mercosur-2017.jpg 400w, https:\/\/enolife.com.ar\/es\/wp-content\/uploads\/2022\/08\/vino-elegido-como-obsequio-para-los-presidentes-en-la-Cumbre-Mercosur-2017-186x300.jpg 186w\" sizes=\"auto, (max-width: 303px) 100vw, 303px\" \/><figcaption><em><strong>Obsequio a  presidentes en la Cumbre Mercosur 2017<\/strong><\/em><\/figcaption><\/figure><\/div>\n\n\n\n<div class=\"wp-block-image\"><figure class=\"aligncenter size-large is-resized\"><img loading=\"lazy\" decoding=\"async\" src=\"https:\/\/enolife.com.ar\/es\/wp-content\/uploads\/2022\/08\/Vino-Todos-Papa-Francisco-El-Portal-del-Chacinado_yik06b-1024x663.jpg\" alt=\"\" class=\"wp-image-72806\" width=\"449\" height=\"290\" srcset=\"https:\/\/enolife.com.ar\/es\/wp-content\/uploads\/2022\/08\/Vino-Todos-Papa-Francisco-El-Portal-del-Chacinado_yik06b-1024x663.jpg 1024w, https:\/\/enolife.com.ar\/es\/wp-content\/uploads\/2022\/08\/Vino-Todos-Papa-Francisco-El-Portal-del-Chacinado_yik06b-300x194.jpg 300w, https:\/\/enolife.com.ar\/es\/wp-content\/uploads\/2022\/08\/Vino-Todos-Papa-Francisco-El-Portal-del-Chacinado_yik06b-768x497.jpg 768w, https:\/\/enolife.com.ar\/es\/wp-content\/uploads\/2022\/08\/Vino-Todos-Papa-Francisco-El-Portal-del-Chacinado_yik06b-585x379.jpg 585w, https:\/\/enolife.com.ar\/es\/wp-content\/uploads\/2022\/08\/Vino-Todos-Papa-Francisco-El-Portal-del-Chacinado_yik06b.jpg 1037w\" sizes=\"auto, (max-width: 449px) 100vw, 449px\" \/><figcaption><em><strong>Vino para el Papa Francisco<\/strong><\/em><\/figcaption><\/figure><\/div>\n\n\n\n<div class=\"wp-block-image\"><figure class=\"aligncenter size-large is-resized\"><img loading=\"lazy\" decoding=\"async\" src=\"https:\/\/enolife.com.ar\/es\/wp-content\/uploads\/2022\/08\/Obama-vino-081017-portada.jpg\" alt=\"\" class=\"wp-image-72814\" width=\"246\" height=\"360\" srcset=\"https:\/\/enolife.com.ar\/es\/wp-content\/uploads\/2022\/08\/Obama-vino-081017-portada.jpg 341w, https:\/\/enolife.com.ar\/es\/wp-content\/uploads\/2022\/08\/Obama-vino-081017-portada-205x300.jpg 205w\" sizes=\"auto, (max-width: 246px) 100vw, 246px\" \/><figcaption><em><strong>Vino personalizado obsequio  a Barak Obama<\/strong><\/em><\/figcaption><\/figure><\/div>\n\n\n\n<div style=\"height:20px\" aria-hidden=\"true\" class=\"wp-block-spacer\"><\/div>\n\n\n\n<p>El tema es particularmente relevante en pa\u00edses en los cuales la vitivinicultura tiene un peso significativo en la econom\u00eda nacional, las exportaciones y el turismo, como los casos de <strong>Francia<\/strong>, <strong>Italia<\/strong>, <strong>Espa\u00f1a<\/strong>, <strong>Portugal<\/strong> y <strong>Alemania<\/strong>, en <strong>Europa<\/strong>, as\u00ed como <strong>Australia<\/strong>, <strong>Nueva Zelanda<\/strong>, <strong>Argentina<\/strong> y <strong>Chile<\/strong> en el <strong>hemisferio Sur<\/strong>.<\/p>\n\n\n\n<div style=\"height:20px\" aria-hidden=\"true\" class=\"wp-block-spacer\"><\/div>\n\n\n\n<div class=\"wp-block-image\"><figure class=\"alignleft size-large is-resized\"><img loading=\"lazy\" decoding=\"async\" src=\"https:\/\/enolife.com.ar\/es\/wp-content\/uploads\/2022\/08\/mejor.jpg\" alt=\"\" class=\"wp-image-72798\" width=\"247\" height=\"288\" srcset=\"https:\/\/enolife.com.ar\/es\/wp-content\/uploads\/2022\/08\/mejor.jpg 720w, https:\/\/enolife.com.ar\/es\/wp-content\/uploads\/2022\/08\/mejor-258x300.jpg 258w, https:\/\/enolife.com.ar\/es\/wp-content\/uploads\/2022\/08\/mejor-585x681.jpg 585w\" sizes=\"auto, (max-width: 247px) 100vw, 247px\" \/><figcaption><em><strong>El Papa Francisco con el vino \u00abTodos\u00bb<\/strong><\/em><\/figcaption><\/figure><\/div>\n\n\n\n<p class=\"has-background has-very-light-gray-background-color\"><strong>Un recurso para potenciar la vitivinicultura nacional<\/strong><br><br>De <strong>Jap\u00f3n<\/strong> a <strong>Per\u00fa<\/strong>, pasando por <strong>Francia<\/strong>, los pa\u00edses supieron aprovechar los recursos ofrecidos por sus cocinas. En ciertos pa\u00edses, el vino fue el objeto de una atenci\u00f3n particular. Por ejemplo, en Argentina, tras la elecci\u00f3n de <strong>Jorge Mario Bergoglio<\/strong> como Papa en 2013, se elabor\u00f3 el vino de misa <strong>\u00abTodos\u00bb<\/strong>, a partir del acuerdo entre la <strong>Corporaci\u00f3n Vitivin\u00edcola Argentina (Coviar)<\/strong> y el <strong>Instituto Nacional de Tecnolog\u00eda Agropecuaria (INTA)<\/strong>; tres a\u00f1os m\u00e1s tarde, este vino de misa fue obsequiado al <strong>Santo Padre<\/strong> cuando canoniz\u00f3 el primer santo argentino, con la clara intenci\u00f3n de afirmar antes los ojos del mundo el potencial de la vitivinicultura nacional, y a trav\u00e9s de ella de todo el pa\u00eds.<\/p>\n\n\n\n<div style=\"height:20px\" aria-hidden=\"true\" class=\"wp-block-spacer\"><\/div>\n\n\n\n<p class=\"has-medium-font-size\"><strong>Conclusi\u00f3n<\/strong><\/p>\n\n\n\n<p>La enodiplomacia ya exist\u00eda, antes de ser definida como tal. En ese sentido, guarda un paralelismo con el concepto de desarrollo \u00abindustrial sustitutivo de importaciones\u00bb, acu\u00f1ado formalmente por la <strong>Cepal<\/strong> en 1949, pero que ya estaba afianzado en <strong>Am\u00e9rica Latina<\/strong> desde la d\u00e9cada de 1930, debido a las pol\u00edticas proteccionistas surgidas como respuesta a la Gran Depresi\u00f3n de 1929. <\/p>\n\n\n\n<div style=\"height:20px\" aria-hidden=\"true\" class=\"wp-block-spacer\"><\/div>\n\n\n\n<div class=\"wp-block-image\"><figure class=\"aligncenter size-large is-resized\"><img loading=\"lazy\" decoding=\"async\" src=\"https:\/\/enolife.com.ar\/es\/wp-content\/uploads\/2022\/08\/merkel.jpg\" alt=\"\" class=\"wp-image-72802\" width=\"447\" height=\"596\" srcset=\"https:\/\/enolife.com.ar\/es\/wp-content\/uploads\/2022\/08\/merkel.jpg 405w, https:\/\/enolife.com.ar\/es\/wp-content\/uploads\/2022\/08\/merkel-225x300.jpg 225w\" sizes=\"auto, (max-width: 447px) 100vw, 447px\" \/><figcaption><em><strong>A\u00f1o 2018: Angela Merkel recibiendo del subsecretario de Relaciones Internacionales y de la Legislatura porte\u00f1a, Pablo Garzonio el vino de Messi de Bodegas Bianchi<\/strong><\/em><\/figcaption><\/figure><\/div>\n\n\n\n<div style=\"height:20px\" aria-hidden=\"true\" class=\"wp-block-spacer\"><\/div>\n\n\n\n<p>La Cepal no cre\u00f3 una realidad nueva. Simplemente, se limit\u00f3 a identificar una situaci\u00f3n que ya exist\u00eda. En ese sentido, el reconocimiento de la enodiplomacia contribuye a identificar la tendencia a situar el vino en un lugar central de la pol\u00edtica exterior, ya como herramienta de prestigio, ya como promoci\u00f3n de una rama industrial de la econom\u00eda nacional.<\/p>\n\n\n\n<div style=\"height:20px\" aria-hidden=\"true\" class=\"wp-block-spacer\"><\/div>\n\n\n\n<h4 class=\"has-vivid-red-color has-text-color wp-block-heading\">Desde la perspectiva de los estudios internacionales, el concepto enodiplomacia resulta adecuado como herramienta conceptual para examinar las acciones impulsadas desde el Estado para promover los intereses nacionales a partir de la visibilizaci\u00f3n y puesta en valor de la vid y el vino. <\/h4>\n\n\n\n<div style=\"height:20px\" aria-hidden=\"true\" class=\"wp-block-spacer\"><\/div>\n\n\n\n<p>Estas acciones pueden tener diversas manifestaciones, orientadas tanto al fortalecimiento interno del pa\u00eds, como a su imagen internacional. En todo caso, la enodiplomacia surge como una actividad transversal, que involucra diversas actividades y actores. En una primera acepci\u00f3n, la enodiplomacia representa la voluntad de incluir la vid y el vino dentro de la agenda de la pol\u00edtica exterior econ\u00f3mica, para promover las exportaciones de vino nacional. <\/p>\n\n\n\n<div style=\"height:20px\" aria-hidden=\"true\" class=\"wp-block-spacer\"><\/div>\n\n\n\n<div class=\"wp-block-image\"><figure class=\"aligncenter size-large is-resized\"><img loading=\"lazy\" decoding=\"async\" src=\"https:\/\/enolife.com.ar\/es\/wp-content\/uploads\/2022\/08\/aim3017_653x431.png\" alt=\"\" class=\"wp-image-72808\" width=\"559\" height=\"368\" srcset=\"https:\/\/enolife.com.ar\/es\/wp-content\/uploads\/2022\/08\/aim3017_653x431.png 653w, https:\/\/enolife.com.ar\/es\/wp-content\/uploads\/2022\/08\/aim3017_653x431-300x198.png 300w, https:\/\/enolife.com.ar\/es\/wp-content\/uploads\/2022\/08\/aim3017_653x431-585x386.png 585w\" sizes=\"auto, (max-width: 559px) 100vw, 559px\" \/><figcaption><em><strong>La presidenta Michele Bachelet de Chile inaugur\u00f3 una muestra itinerante de vinos chilenos en China en 2016<\/strong><\/em><\/figcaption><\/figure><\/div>\n\n\n\n<div style=\"height:20px\" aria-hidden=\"true\" class=\"wp-block-spacer\"><\/div>\n\n\n\n<p>El caso m\u00e1s emblem\u00e1tico de los \u00faltimos a\u00f1os ser\u00eda el de Chile, y su agresiva pol\u00edtica de est\u00edmulo a las exportaciones de vino mediante <strong>Tratados de Libre Comercio<\/strong>, en los cuales el vino chileno es el producto privilegiado en la negociaci\u00f3n diplom\u00e1tica. <\/p>\n\n\n\n<div style=\"height:20px\" aria-hidden=\"true\" class=\"wp-block-spacer\"><\/div>\n\n\n\n<div class=\"wp-block-image\"><figure class=\"aligncenter size-large\"><img loading=\"lazy\" decoding=\"async\" width=\"500\" height=\"351\" src=\"https:\/\/enolife.com.ar\/es\/wp-content\/uploads\/2022\/08\/El-Pr\u00edncipe-de-Asturias-recibe-un-obsequio-de-parte-del-presidente-electo-de-Uruguay.jpg\" alt=\"\" class=\"wp-image-72800\" srcset=\"https:\/\/enolife.com.ar\/es\/wp-content\/uploads\/2022\/08\/El-Pr\u00edncipe-de-Asturias-recibe-un-obsequio-de-parte-del-presidente-electo-de-Uruguay.jpg 500w, https:\/\/enolife.com.ar\/es\/wp-content\/uploads\/2022\/08\/El-Pr\u00edncipe-de-Asturias-recibe-un-obsequio-de-parte-del-presidente-electo-de-Uruguay-300x211.jpg 300w\" sizes=\"auto, (max-width: 500px) 100vw, 500px\" \/><figcaption><em><strong>A\u00f1o 2010: El Pr\u00edncipe de Asturias, Felipe,  recibe un obsequio de parte del expresidente de Uruguay Jos\u00e9 \u00abPepe\u00bb Mujica<\/strong><\/em><\/figcaption><\/figure><\/div>\n\n\n\n<div style=\"height:20px\" aria-hidden=\"true\" class=\"wp-block-spacer\"><\/div>\n\n\n\n<p>En un segundo nivel, la enodiplomacia estar\u00eda asociada al uso del vino como vector de prestigio y construcci\u00f3n de poder. Ello comprende el vino como obsequio y homenaje, recogiendo el papel central del vino en las ce-remonias francesas del Antiguo R\u00e9gimen y en los parlamentos mapuches del Reino de Chile.<\/p>\n\n\n\n<div style=\"height:20px\" aria-hidden=\"true\" class=\"wp-block-spacer\"><\/div>\n\n\n\n<blockquote class=\"wp-block-quote is-layout-flow wp-block-quote-is-layout-flow\"><p>Invitar a visitar un pa\u00eds vitivin\u00edcola, es una nueva forma de convocar a un banquete de la antig\u00fcedad: la oportunidad de vivir una experiencia placentera y emocionante\u00bb.<\/p><cite>Pablo Lacoste &#8211; Jos\u00e9 Antonio Negr\u00edn<\/cite><\/blockquote>\n\n\n\n<div style=\"height:20px\" aria-hidden=\"true\" class=\"wp-block-spacer\"><\/div>\n\n\n\n<p>Derivado de lo anterior, es decir, el vino como bandera y s\u00edmbolo de prestigio, tendr\u00edamos una nueva actividad econ\u00f3mica y pol\u00edtica, signada por el enoturismo: el turismo como elemento de seducci\u00f3n y atracci\u00f3n para promover el turismo receptivo de una naci\u00f3n. Invitar a visitar un pa\u00eds vitivin\u00edcola, es una nueva forma de convocar a un banquete de la antig\u00fcedad: la oportunidad de vivir una experiencia placentera y emocionante.<\/p>\n\n\n\n<div style=\"height:20px\" aria-hidden=\"true\" class=\"wp-block-spacer\"><\/div>\n\n\n\n<div class=\"wp-block-image\"><figure class=\"aligncenter size-large is-resized\"><img loading=\"lazy\" decoding=\"async\" src=\"https:\/\/enolife.com.ar\/es\/wp-content\/uploads\/2022\/08\/Vino-de-Emek-Haella-para-el-presidente-Trump.jpg\" alt=\"\" class=\"wp-image-72799\" width=\"467\" height=\"312\" srcset=\"https:\/\/enolife.com.ar\/es\/wp-content\/uploads\/2022\/08\/Vino-de-Emek-Haella-para-el-presidente-Trump.jpg 749w, https:\/\/enolife.com.ar\/es\/wp-content\/uploads\/2022\/08\/Vino-de-Emek-Haella-para-el-presidente-Trump-300x200.jpg 300w, https:\/\/enolife.com.ar\/es\/wp-content\/uploads\/2022\/08\/Vino-de-Emek-Haella-para-el-presidente-Trump-585x391.jpg 585w\" sizes=\"auto, (max-width: 467px) 100vw, 467px\" \/><figcaption><em><strong>Vino de \u00abEmek Haella\u00bb del Valle de Ella, para el presidente Trump &#8211; Israel, a\u00f1o 2018<\/strong><\/em><\/figcaption><\/figure><\/div>\n\n\n\n<p>Si la enodiplomacia no se puede tampoco confundir con la promoci\u00f3n internacional de destinos enotur\u00edsticos, estas dos actividades se pueden combinar en la pr\u00e1ctica. Fortalecer una imagen territorial usando el poder de seducci\u00f3n de unos vinos puede despertar curiosidades y intereses para unos paisajes vitivin\u00edcolas y alentar un intento de desarrollo econ\u00f3mico a trav\u00e9s del turismo receptivo.<\/p>\n\n\n\n<p class=\"has-background has-very-light-gray-background-color\"><strong>Ver el documento completo: <a href=\"https:\/\/enolife.com.ar\/es\/wp-content\/uploads\/2022\/08\/Lacoste-enodiplomacia.pdf\">AQU\u00cd<\/a><\/strong><\/p>\n\n\n\n<div style=\"height:20px\" aria-hidden=\"true\" class=\"wp-block-spacer\"><\/div>\n\n\n\n<p class=\"has-small-font-size\"><em><strong>Fuente: Estudios Internacionales 202 (2022) &#8211; ISSN 0719-3769 (pags. 107-125). Instituto de Estudios Internacionales, Universidad de Chile. Autores: Pablo Lacoste y Jos\u00e9 Antonio Negr\u00edn.<\/strong><\/em><\/p>\n\n\n\n<div style=\"height:35px\" aria-hidden=\"true\" class=\"wp-block-spacer\"><\/div>\n","protected":false},"excerpt":{"rendered":"<p>El t\u00e9rmino \u00abenodiplomacia\u00bb, recientemente acu\u00f1ado, forma parte de un proceso mayor, como parte de la&hellip;<\/p>\n","protected":false},"author":3,"featured_media":72810,"comment_status":"open","ping_status":"open","sticky":false,"template":"","format":"standard","meta":{"footnotes":""},"categories":[11],"tags":[],"class_list":["post-72793","post","type-post","status-publish","format-standard","has-post-thumbnail","hentry","category-enoturismo"],"_links":{"self":[{"href":"https:\/\/enolife.com.ar\/es\/wp-json\/wp\/v2\/posts\/72793","targetHints":{"allow":["GET"]}}],"collection":[{"href":"https:\/\/enolife.com.ar\/es\/wp-json\/wp\/v2\/posts"}],"about":[{"href":"https:\/\/enolife.com.ar\/es\/wp-json\/wp\/v2\/types\/post"}],"author":[{"embeddable":true,"href":"https:\/\/enolife.com.ar\/es\/wp-json\/wp\/v2\/users\/3"}],"replies":[{"embeddable":true,"href":"https:\/\/enolife.com.ar\/es\/wp-json\/wp\/v2\/comments?post=72793"}],"version-history":[{"count":0,"href":"https:\/\/enolife.com.ar\/es\/wp-json\/wp\/v2\/posts\/72793\/revisions"}],"wp:featuredmedia":[{"embeddable":true,"href":"https:\/\/enolife.com.ar\/es\/wp-json\/wp\/v2\/media\/72810"}],"wp:attachment":[{"href":"https:\/\/enolife.com.ar\/es\/wp-json\/wp\/v2\/media?parent=72793"}],"wp:term":[{"taxonomy":"category","embeddable":true,"href":"https:\/\/enolife.com.ar\/es\/wp-json\/wp\/v2\/categories?post=72793"},{"taxonomy":"post_tag","embeddable":true,"href":"https:\/\/enolife.com.ar\/es\/wp-json\/wp\/v2\/tags?post=72793"}],"curies":[{"name":"wp","href":"https:\/\/api.w.org\/{rel}","templated":true}]}}