{"id":72770,"date":"2022-08-24T14:22:17","date_gmt":"2022-08-24T14:22:17","guid":{"rendered":"http:\/\/enolife.com.ar\/es\/?p=72770"},"modified":"2022-08-25T17:41:13","modified_gmt":"2022-08-25T17:41:13","slug":"avm-capacitara-a-productores-del-sur-mendocino-y-valle-de-uco-en-calibracion-de-pulverizadoras","status":"publish","type":"post","link":"https:\/\/enolife.com.ar\/es\/avm-capacitara-a-productores-del-sur-mendocino-y-valle-de-uco-en-calibracion-de-pulverizadoras\/","title":{"rendered":"AVM capacitar\u00e1 a productores del Sur mendocino y Valle de Uco en calibraci\u00f3n de pulverizadoras"},"content":{"rendered":"\n<h4 class=\"wp-block-heading\"><em><strong>Continuando con el ciclo de jornadas t\u00e9cnicas sobre calibraci\u00f3n de maquinarias de pulverizaci\u00f3n, que comenz\u00f3 en el mes de junio pasado, la Asociaci\u00f3n de Vi\u00f1ateros de Mendoza (AVM), junto a la Corporaci\u00f3n Vitivin\u00edcola Argentina (Coviar) y el Instituto Nacional de Tecnolog\u00eda Agropecuaria (INTA), convocan a productores y tractoristas de la zona Sur y del Valle de Uco de Mendoza a participar de las pr\u00f3ximas capacitaciones, a realizarse los d\u00edas jueves 25\/8 en San Rafael y viernes 26\/8 en Tunuy\u00e1n. La participaci\u00f3n es libre y gratuita.<\/strong><\/em><\/h4>\n\n\n\n<div style=\"height:20px\" aria-hidden=\"true\" class=\"wp-block-spacer\"><\/div>\n\n\n\n\n\n<div style=\"height:50px\" aria-hidden=\"true\" class=\"wp-block-spacer\"><\/div>\n\n\n\n<p>A fines de junio y principios de julio, la Asociaci\u00f3n de Vi\u00f1ateros de Mendoza (AVM) comenz\u00f3 un ciclo de capacitaciones gratuitas sobre calibraci\u00f3n de maquinarias de pulverizaci\u00f3n, con el plan de llegar a productores y tractoristas de todos los oasis mendocinos. De este modo, el primer trabajo de campo fue para la zona Este, en Jun\u00edn, y el segundo, para la zona Norte, en Lavalle.<\/p>\n\n\n\n<p>Dando continuidad a estas jornadas, Dsta semana ser\u00e1 el turno de la zona Sur y del Valle de Uco, donde t\u00e9cnicos de las empresas <strong>SPRAYtec<\/strong> y <strong>Magnojet<\/strong>, convocados por su  distribuidor en Mendoza, <strong>S+D<\/strong> de <strong>Horacio Stacchiola<\/strong>, mostrar\u00e1n detalles sobre el uso de filtros, presi\u00f3n adecuada de la bomba, chequeo de pulverizaci\u00f3n y adaptaci\u00f3n de tractores para realizar un trabajo eficiente en el uso de productos, para ahorrar dinero y mano de obra, y por sobre para cuidar el medio ambiente. Tambi\u00e9n se brindar\u00e1n consejos sobre el manejo y composici\u00f3n de caldos para su posterior pulverizaci\u00f3n. <\/p>\n\n\n\n<p><strong>El taller incluye:<\/strong><\/p>\n\n\n\n<ul class=\"wp-block-list\"><li>Desglose de una m\u00e1quina pulverizadora.<\/li><li>Pastillas para aplicaci\u00f3n de herbicidas sist\u00e9micos y de contacto.<\/li><li>Pastillas para la aplicaci\u00f3n de insecticidas y funguicidas en m\u00e1quinas atomizadoras, herbicidas y de barra.<\/li><\/ul>\n\n\n\n<p>Los interesados en participar podr\u00e1n asistir de forma gratuita y sin necesidad de inscribirse, s\u00f3lo yendo a la jornada de su conveniencia:<\/p>\n\n\n\n<p class=\"has-background has-very-light-gray-background-color\"><strong>San Rafael: <\/strong> Jueves 25\/8 a las 14.30 hs en la Finca Adolfo del productor Adolfo Morici, en la calle El Palomar a 1.100 mts de la calle Luis Tirasso. <strong>Ubicaci\u00f3n Google: <a href=\"https:\/\/www.google.com\/maps\/place\/finca+adolfo\/@-34.5673046,-68.2773233,17z\/data=!3m1!4b1!4m5!3m4!1s0x967906fdaa865683:0xb2a55dc648e37d0a!8m2!3d-34.5673046!4d-68.2773233?hl=es-AR\">AQU\u00cd<\/a> <\/strong>&#8211; <strong>Contacto e informes al 260 430 0243<\/strong> Agust\u00edn Lattandi<\/p>\n\n\n\n<p class=\"has-background has-very-light-gray-background-color\"><strong>Tunuy\u00e1n<\/strong>: Viernes 26\/8 a las 10 hs en Finca Jos\u00e9 Manzano, calle Santa Rosa a 700 mts del Distrito Las Pintadas. <strong>Ubicaci\u00f3n Google: <a href=\"https:\/\/www.google.com\/maps\/place\/33%C2%B034'07.4%22S+69%C2%B007'05.6%22W\/@-33.5687222,-69.1182222,17z\/data=!3m1!4b1!4m5!3m4!1s0x0:0xf63c2b281f4ac39b!8m2!3d-33.5687294!4d-69.1182251?hl=es\">AQU\u00cd<\/a><\/strong> &#8211; <strong>Contacto e informes al 263 4585029<\/strong><\/p>\n\n\n\n<div style=\"height:61px\" aria-hidden=\"true\" class=\"wp-block-spacer\"><\/div>\n","protected":false},"excerpt":{"rendered":"<p>Continuando con el ciclo de jornadas t\u00e9cnicas sobre calibraci\u00f3n de maquinarias de pulverizaci\u00f3n, que comenz\u00f3&hellip;<\/p>\n","protected":false},"author":3,"featured_media":72791,"comment_status":"open","ping_status":"open","sticky":false,"template":"","format":"standard","meta":{"footnotes":""},"categories":[47],"tags":[],"class_list":["post-72770","post","type-post","status-publish","format-standard","has-post-thumbnail","hentry","category-agenda"],"_links":{"self":[{"href":"https:\/\/enolife.com.ar\/es\/wp-json\/wp\/v2\/posts\/72770","targetHints":{"allow":["GET"]}}],"collection":[{"href":"https:\/\/enolife.com.ar\/es\/wp-json\/wp\/v2\/posts"}],"about":[{"href":"https:\/\/enolife.com.ar\/es\/wp-json\/wp\/v2\/types\/post"}],"author":[{"embeddable":true,"href":"https:\/\/enolife.com.ar\/es\/wp-json\/wp\/v2\/users\/3"}],"replies":[{"embeddable":true,"href":"https:\/\/enolife.com.ar\/es\/wp-json\/wp\/v2\/comments?post=72770"}],"version-history":[{"count":0,"href":"https:\/\/enolife.com.ar\/es\/wp-json\/wp\/v2\/posts\/72770\/revisions"}],"wp:featuredmedia":[{"embeddable":true,"href":"https:\/\/enolife.com.ar\/es\/wp-json\/wp\/v2\/media\/72791"}],"wp:attachment":[{"href":"https:\/\/enolife.com.ar\/es\/wp-json\/wp\/v2\/media?parent=72770"}],"wp:term":[{"taxonomy":"category","embeddable":true,"href":"https:\/\/enolife.com.ar\/es\/wp-json\/wp\/v2\/categories?post=72770"},{"taxonomy":"post_tag","embeddable":true,"href":"https:\/\/enolife.com.ar\/es\/wp-json\/wp\/v2\/tags?post=72770"}],"curies":[{"name":"wp","href":"https:\/\/api.w.org\/{rel}","templated":true}]}}