{"id":72365,"date":"2022-08-19T16:29:12","date_gmt":"2022-08-19T16:29:12","guid":{"rendered":"http:\/\/enolife.com.ar\/es\/?p=72365"},"modified":"2022-08-24T14:22:35","modified_gmt":"2022-08-24T14:22:35","slug":"el-hospital-central-de-mendoza-tiene-su-propio-vinedo-de-malbec-salud","status":"publish","type":"post","link":"https:\/\/enolife.com.ar\/es\/el-hospital-central-de-mendoza-tiene-su-propio-vinedo-de-malbec-salud\/","title":{"rendered":"El Hospital Central de Mendoza tiene su propio vi\u00f1edo de malbec, \u00a1salud!"},"content":{"rendered":"\n<h4 class=\"wp-block-heading\"><em><strong>Como parte de los festejos del 77\u00b0 aniversario del Hospital Central de Mendoza inauguraron hoy (19\/8) un peque\u00f1o vi\u00f1edo de 2 pa\u00f1os en los jardines del nosocomio. Esta iniciativa se realiz\u00f3 junto al Fondo Vitivin\u00edcola, con el objetivo de representar el arraigo del hospital en la sociedad mendocina y al mismo tiempo poner en valor la cultura vitivin\u00edcola. El trabajo estuvo en manos de Vivero Mercier que don\u00f3 100 plantas certificadas de malbec, clon Mercier 505, injertadas sobre pie americano Paulsen 1103. Es tambi\u00e9n una forma de transmitir la calidad de vida que aporta el consumo moderado de vinos.<\/strong><\/em><\/h4>\n\n\n\n<div style=\"height:35px\" aria-hidden=\"true\" class=\"wp-block-spacer\"><\/div>\n\n\n\n\n\n<div style=\"height:69px\" aria-hidden=\"true\" class=\"wp-block-spacer\"><\/div>\n\n\n\n<p>La vitivinicultura, a trav\u00e9s del <strong>Fondo Vitivin\u00edcola<\/strong>, rinde homenaje a quienes trabajan por la salud implantando un vi\u00f1edo de malbec en los jardines del <strong>Hospital Central<\/strong>, principal centro asistencial de Mendoza, como una forma de representar el arraigo de esta instituci\u00f3n a la vida social y cultural de la regi\u00f3n. De este modo tambi\u00e9n se pone en valor la cultura vitivin\u00edcola del trabajo, el respeto por el paisaje y la calidad de vida que aporta el consumo moderado de vinos. Las vides fueron donadas por <strong>Vivero Mercier.<\/strong><\/p>\n\n\n\n<div style=\"height:20px\" aria-hidden=\"true\" class=\"wp-block-spacer\"><\/div>\n\n\n\n<blockquote class=\"wp-block-quote is-layout-flow wp-block-quote-is-layout-flow\"><p><em>Sabemos y sentimos que implantar un vi\u00f1edo es cultivar vida, apostar a la salud y es tambi\u00e9n ofrecer una postal de nuestra identidad productiva\u201d<\/em><\/p><cite>Bernardo Lanzilotta, presidente del Fondo Vitivin\u00edcola Mendoza<\/cite><\/blockquote>\n\n\n\n<div style=\"height:34px\" aria-hidden=\"true\" class=\"wp-block-spacer\"><\/div>\n\n\n\n<p>La expresi\u00f3n \u00abImplantar un vi\u00f1edo es cultivar vida\u00bb, frase expresada por el presidente del Fondo Vitivin\u00edcola, deja impl\u00edcita la relaci\u00f3n fundamental entre la salud y la vitivinicultura, motor dinamizador de la econom\u00eda y la cultura mendocina.<\/p>\n\n\n\n<div style=\"height:34px\" aria-hidden=\"true\" class=\"wp-block-spacer\"><\/div>\n\n\n\n<figure class=\"wp-block-embed-youtube aligncenter wp-block-embed is-type-video is-provider-youtube wp-embed-aspect-16-9 wp-has-aspect-ratio\"><div class=\"wp-block-embed__wrapper\">\n<iframe loading=\"lazy\" title=\"Vi\u00f1edo en el Hospital Central, Mendoza\" width=\"1170\" height=\"658\" src=\"https:\/\/www.youtube.com\/embed\/EnL9XTJR8gw?feature=oembed\" frameborder=\"0\" allow=\"accelerometer; autoplay; clipboard-write; encrypted-media; gyroscope; picture-in-picture\" allowfullscreen><\/iframe>\n<\/div><\/figure>\n\n\n\n<div style=\"height:33px\" aria-hidden=\"true\" class=\"wp-block-spacer\"><\/div>\n\n\n\n<p>Al respecto, Mariana Pezzutti, directora ejecutiva del hospital, y Bernardo Lanzilotta, presidente del Fondo Vitivin\u00edcola, expresaron la importancia de que estas dos instituciones puedan trabajar en iniciativas comunes que pongan en valor el aporte del Hospital Central a la vida social de la provincia y de la vitivinicultura como expresi\u00f3n cultural del trabajo y la relaci\u00f3n con el paisaje productivo local.<\/p>\n\n\n\n<div style=\"height:20px\" aria-hidden=\"true\" class=\"wp-block-spacer\"><\/div>\n\n\n\n<div class=\"wp-block-image\"><figure class=\"aligncenter size-large is-resized\"><img loading=\"lazy\" decoding=\"async\" src=\"https:\/\/enolife.com.ar\/es\/wp-content\/uploads\/2022\/08\/vi\u00f1edo.jpg\" alt=\"\" class=\"wp-image-72400\" width=\"559\" height=\"392\" srcset=\"https:\/\/enolife.com.ar\/es\/wp-content\/uploads\/2022\/08\/vi\u00f1edo.jpg 712w, https:\/\/enolife.com.ar\/es\/wp-content\/uploads\/2022\/08\/vi\u00f1edo-300x211.jpg 300w, https:\/\/enolife.com.ar\/es\/wp-content\/uploads\/2022\/08\/vi\u00f1edo-585x411.jpg 585w\" sizes=\"auto, (max-width: 559px) 100vw, 559px\" \/><figcaption><em><strong>El vi\u00f1edo del Hospital Central<\/strong><\/em><\/figcaption><\/figure><\/div>\n\n\n\n<div style=\"height:20px\" aria-hidden=\"true\" class=\"wp-block-spacer\"><\/div>\n\n\n\n<p>Se trata de dos pa\u00f1os de malbec, la variedad emblem\u00e1tica argentina, con plantas donadas por el <strong>Vivero Mercie<\/strong>r de Luj\u00e1n de Cuyo, son 100 plantas certificadas de malbec clon Mercier 505, injertadas sobre el pie americano Paulsen 1103. <em>\u201cPara nosotros es siempre un honor integrar estos monumentos vivos que ponen de manifiesto nuestra identidad como provincia vitivin\u00edcola y por eso, hemos donado plantas de la variedad Malbec, cepaje emblem\u00e1tico argentino\u201d<\/em>, expres\u00f3 el ingeniero <strong>Daniel Bergam\u00edn, directivo de Vivero Mercier.<\/strong><\/p>\n\n\n\n<div style=\"height:20px\" aria-hidden=\"true\" class=\"wp-block-spacer\"><\/div>\n\n\n\n<div class=\"wp-block-image\"><figure class=\"aligncenter size-large is-resized\"><img loading=\"lazy\" decoding=\"async\" src=\"https:\/\/enolife.com.ar\/es\/wp-content\/uploads\/2022\/08\/5a2ba9f2-761d-4f99-a78d-dfb50e618e19-1.jpg\" alt=\"\" class=\"wp-image-72401\" width=\"485\" height=\"483\" srcset=\"https:\/\/enolife.com.ar\/es\/wp-content\/uploads\/2022\/08\/5a2ba9f2-761d-4f99-a78d-dfb50e618e19-1.jpg 502w, https:\/\/enolife.com.ar\/es\/wp-content\/uploads\/2022\/08\/5a2ba9f2-761d-4f99-a78d-dfb50e618e19-1-300x300.jpg 300w, https:\/\/enolife.com.ar\/es\/wp-content\/uploads\/2022\/08\/5a2ba9f2-761d-4f99-a78d-dfb50e618e19-1-150x150.jpg 150w\" sizes=\"auto, (max-width: 485px) 100vw, 485px\" \/><figcaption><em><strong>Plantines de Vivero Mercier<\/strong><\/em><\/figcaption><\/figure><\/div>\n\n\n\n<div style=\"height:20px\" aria-hidden=\"true\" class=\"wp-block-spacer\"><\/div>\n\n\n\n<p><em>\u00abPoder decir salud a modo de brindis, de celebraci\u00f3n; de saludo cierra la identidad y la uni\u00f3n de estos vi\u00f1edos que hoy comienzan su firme destino de crecer en tierras del hospital. Gracias al Fondo Vitivin\u00edcola por este significativo regalo de cumplea\u00f1os. Es un gran aporte a nuestra cultura hospitalaria\u00bb,<\/em> reafirm\u00f3 <strong>Mariana Pezzutti, directora ejecutiva del Hospital Central.<\/strong><\/p>\n\n\n\n<div style=\"height:20px\" aria-hidden=\"true\" class=\"wp-block-spacer\"><\/div>\n\n\n\n<div class=\"wp-block-image\"><figure class=\"aligncenter size-large is-resized\"><img loading=\"lazy\" decoding=\"async\" src=\"https:\/\/enolife.com.ar\/es\/wp-content\/uploads\/2022\/08\/3-1.jpg\" alt=\"\" class=\"wp-image-72402\" width=\"565\" height=\"361\" srcset=\"https:\/\/enolife.com.ar\/es\/wp-content\/uploads\/2022\/08\/3-1.jpg 781w, https:\/\/enolife.com.ar\/es\/wp-content\/uploads\/2022\/08\/3-1-300x192.jpg 300w, https:\/\/enolife.com.ar\/es\/wp-content\/uploads\/2022\/08\/3-1-768x492.jpg 768w, https:\/\/enolife.com.ar\/es\/wp-content\/uploads\/2022\/08\/3-1-585x375.jpg 585w\" sizes=\"auto, (max-width: 565px) 100vw, 565px\" \/><figcaption><em><strong>Mariana Pezzutti, Daniel Bergam\u00edn y Bernardo Lanzilotta<\/strong><\/em><\/figcaption><\/figure><\/div>\n\n\n\n<div style=\"height:20px\" aria-hidden=\"true\" class=\"wp-block-spacer\"><\/div>\n\n\n\n<p><em>\u201cPara el Fondo Vitivin\u00edcola es un gran honor contribuir y poner en valor la tarea del Hospital Central. Sabemos y sentimos que implantar un vi\u00f1edo es cultivar vida, apostar a la salud y es tambi\u00e9n ofrecer una postal de nuestra identidad productiva\u201d<\/em>, afirm\u00f3 el<strong> presidente del Fondo Vitivin\u00edcola, Bernardo Lanzilotta.<\/strong><\/p>\n\n\n\n<p>El acto de celebraci\u00f3n del 77\u00b0 Aniversario del Hospital Central fue el marco para el reconocimiento a los trabajadores que se jubilan y tambi\u00e9n para un merecido recordatorio para el personal que falleci\u00f3 en el \u00faltimo a\u00f1o: Ana Mar\u00eda Delch\u00e9rico, David Uset , Mar\u00eda Georgina C\u00e1ceres, Sonia Vargas, Estela Flores y los doctores H\u00e9ctor C\u00e1ceres y Rolando Valent, todos profesionales queridos y admirados por la comunidad del hospital.<\/p>\n\n\n\n<p>Como parte de las celebraciones por el aniversario, la Orquesta Filarm\u00f3nica de Mendoza realizar\u00e1 un concierto homenaje; ser\u00e1 el d\u00eda <strong>26 de agosto en el Teatro Independencia<\/strong> y en la ocasi\u00f3n se ofrecer\u00e1 el programa \u201cFiestas Romanas\u201d.<\/p>\n\n\n\n<div style=\"height:34px\" aria-hidden=\"true\" class=\"wp-block-spacer\"><\/div>\n\n\n\n<p><\/p>\n\n\n\n<p><\/p>\n","protected":false},"excerpt":{"rendered":"<p>Como parte de los festejos del 77\u00b0 aniversario del Hospital Central de Mendoza inauguraron hoy&hellip;<\/p>\n","protected":false},"author":3,"featured_media":72404,"comment_status":"open","ping_status":"open","sticky":false,"template":"","format":"standard","meta":{"footnotes":""},"categories":[14],"tags":[],"class_list":["post-72365","post","type-post","status-publish","format-standard","has-post-thumbnail","hentry","category-news"],"_links":{"self":[{"href":"https:\/\/enolife.com.ar\/es\/wp-json\/wp\/v2\/posts\/72365","targetHints":{"allow":["GET"]}}],"collection":[{"href":"https:\/\/enolife.com.ar\/es\/wp-json\/wp\/v2\/posts"}],"about":[{"href":"https:\/\/enolife.com.ar\/es\/wp-json\/wp\/v2\/types\/post"}],"author":[{"embeddable":true,"href":"https:\/\/enolife.com.ar\/es\/wp-json\/wp\/v2\/users\/3"}],"replies":[{"embeddable":true,"href":"https:\/\/enolife.com.ar\/es\/wp-json\/wp\/v2\/comments?post=72365"}],"version-history":[{"count":0,"href":"https:\/\/enolife.com.ar\/es\/wp-json\/wp\/v2\/posts\/72365\/revisions"}],"wp:featuredmedia":[{"embeddable":true,"href":"https:\/\/enolife.com.ar\/es\/wp-json\/wp\/v2\/media\/72404"}],"wp:attachment":[{"href":"https:\/\/enolife.com.ar\/es\/wp-json\/wp\/v2\/media?parent=72365"}],"wp:term":[{"taxonomy":"category","embeddable":true,"href":"https:\/\/enolife.com.ar\/es\/wp-json\/wp\/v2\/categories?post=72365"},{"taxonomy":"post_tag","embeddable":true,"href":"https:\/\/enolife.com.ar\/es\/wp-json\/wp\/v2\/tags?post=72365"}],"curies":[{"name":"wp","href":"https:\/\/api.w.org\/{rel}","templated":true}]}}