{"id":72213,"date":"2022-08-18T19:53:58","date_gmt":"2022-08-18T19:53:58","guid":{"rendered":"http:\/\/enolife.com.ar\/es\/?p=72213"},"modified":"2022-08-22T00:16:35","modified_gmt":"2022-08-22T00:16:35","slug":"agrarias-festejo-152-anos-desde-su-origen-en-la-quinta-agronomica-con-un-mural-que-narra-la-historia","status":"publish","type":"post","link":"https:\/\/enolife.com.ar\/es\/agrarias-festejo-152-anos-desde-su-origen-en-la-quinta-agronomica-con-un-mural-que-narra-la-historia\/","title":{"rendered":"Agrarias festej\u00f3 152 a\u00f1os desde su origen en la Quinta Agron\u00f3mica con un mural que narra la historia"},"content":{"rendered":"\n<h4 class=\"wp-block-heading\"><em><strong>El 12 de agosto pasado la Facultad de Ciencias Agrarias (FCA) de la Universidad Nacional de Cuyo (UNCuyo) celebr\u00f3 los 152 a\u00f1os desde sus inicios en la Quinta Agron\u00f3mica, instituci\u00f3n fundada en 1870 por el entonces presidente Domingo Faustino Sarmiento en el actual emplazamiento del Parque C\u00edvico de Mendoza. El acto, que congreg\u00f3 a toda la comunidad universitaria, incluy\u00f3 el relato de esa historia hasta nuestros d\u00edas, m\u00fasica en vivo, sentidos discursos y, lo m\u00e1s relevante, la inauguraci\u00f3n del \u00abMural Hist\u00f3rico\u00bb en una amplia pared interior del actual edificio de la FCA en Luj\u00e1n. La realizaci\u00f3n de esa obra de arte fue impulsada por la decana Mar\u00eda Flavia Filippini y llevada a cabo por los artistas y docentes de Artes Visuales de la Facultad de Artes y Dise\u00f1o de la UNCuyo, Evelin Puri y Mariano Ledesma.<\/strong><\/em><\/h4>\n\n\n\n<div style=\"height:27px\" aria-hidden=\"true\" class=\"wp-block-spacer\"><\/div>\n\n\n<a href=\"https:\/\/jmzeballos.com\/\" aria-label=\"PUBLICIDAD ENOLIFE 2023_\u00c1NFORAS 1700 x 500\"><img loading=\"lazy\" decoding=\"async\" src=\"https:\/\/enolife.com.ar\/es\/wp-content\/uploads\/2020\/12\/PUBLICIDAD-ENOLIFE-2023_ANFORAS-1700-x-500.jpg\" alt=\"\"  srcset=\"https:\/\/enolife.com.ar\/es\/wp-content\/uploads\/2020\/12\/PUBLICIDAD-ENOLIFE-2023_ANFORAS-1700-x-500.jpg 1700w, https:\/\/enolife.com.ar\/es\/wp-content\/uploads\/2020\/12\/PUBLICIDAD-ENOLIFE-2023_ANFORAS-1700-x-500-300x88.jpg 300w, https:\/\/enolife.com.ar\/es\/wp-content\/uploads\/2020\/12\/PUBLICIDAD-ENOLIFE-2023_ANFORAS-1700-x-500-1024x301.jpg 1024w, https:\/\/enolife.com.ar\/es\/wp-content\/uploads\/2020\/12\/PUBLICIDAD-ENOLIFE-2023_ANFORAS-1700-x-500-768x226.jpg 768w, https:\/\/enolife.com.ar\/es\/wp-content\/uploads\/2020\/12\/PUBLICIDAD-ENOLIFE-2023_ANFORAS-1700-x-500-1536x452.jpg 1536w, https:\/\/enolife.com.ar\/es\/wp-content\/uploads\/2020\/12\/PUBLICIDAD-ENOLIFE-2023_ANFORAS-1700-x-500-1170x344.jpg 1170w, https:\/\/enolife.com.ar\/es\/wp-content\/uploads\/2020\/12\/PUBLICIDAD-ENOLIFE-2023_ANFORAS-1700-x-500-585x172.jpg 585w\" sizes=\"auto, (max-width: 1700px) 100vw, 1700px\" width=\"1700\" height=\"500\"   \/><\/a>\n\n\n<div style=\"height:54px\" aria-hidden=\"true\" class=\"wp-block-spacer\"><\/div>\n\n\n\n<p>La <strong>Facultad de Ciencias Agrarias (FCA)<\/strong> de la <strong>Universidad Nacional de Cuyo (UNCuyo) <\/strong>realiz\u00f3 un acto de inauguraci\u00f3n de su nuevo <strong>\u00abMural Hist\u00f3rico\u00bb<\/strong> ubicado en sus instalaciones, m\u00e1s precisamente sobre un amplio muro del entrepiso que conduce al Aula Magna. La comunidad universitaria en pleno se dio cita en la ocasi\u00f3n para presenciar m\u00fasica en vivo, sentidos discursos y relatos hist\u00f3ricos sobre el proceso formativo de la instituci\u00f3n y sobre su presente.<\/p>\n\n\n\n<div style=\"height:20px\" aria-hidden=\"true\" class=\"wp-block-spacer\"><\/div>\n\n\n\n<div class=\"wp-block-image\"><figure class=\"aligncenter size-large is-resized\"><img loading=\"lazy\" decoding=\"async\" src=\"https:\/\/enolife.com.ar\/es\/wp-content\/uploads\/2022\/08\/mural1_500_765.jpg\" alt=\"\" class=\"wp-image-72314\" width=\"606\" height=\"376\" srcset=\"https:\/\/enolife.com.ar\/es\/wp-content\/uploads\/2022\/08\/mural1_500_765.jpg 765w, https:\/\/enolife.com.ar\/es\/wp-content\/uploads\/2022\/08\/mural1_500_765-300x187.jpg 300w, https:\/\/enolife.com.ar\/es\/wp-content\/uploads\/2022\/08\/mural1_500_765-585x364.jpg 585w\" sizes=\"auto, (max-width: 606px) 100vw, 606px\" \/><figcaption><em><strong>La decana Mar\u00eda Flavia Filippini y el vicedecano Joaqu\u00edn Llera en compa\u00f1\u00eda de su equipo de gesti\u00f3n y directivos de la universidad.<\/strong><\/em><\/figcaption><\/figure><\/div>\n\n\n\n<div style=\"height:20px\" aria-hidden=\"true\" class=\"wp-block-spacer\"><\/div>\n\n\n\n<p>Desde la legendaria&nbsp;<strong>Quinta Agron\u00f3mica fundada en 1870<\/strong> por el entonces presidente <strong>Domingo Faustino Sarmiento<\/strong>, hasta el&nbsp;actual&nbsp;Campus-Escuela de Agrarias, en constante transformaci\u00f3n, miles de alumnos se han formado en sus aulas, talleres, laboratorios y f\u00e1bricas. Por ese motivo, la FCA celebr\u00f3 sus&nbsp;m\u00e1s <strong>152 a\u00f1os de trayectoria<\/strong> con la inauguraci\u00f3n del mural que cuenta de manera simb\u00f3lica esa historia. La singular celebraci\u00f3n se realiz\u00f3&nbsp;el viernes 12 de agosto, desde las 19 horas, en el Aula Magna de esta casa de estudios.&nbsp;<\/p>\n\n\n\n<p>Participaron del acto el&nbsp;rector de la UNCuyo, <strong>Daniel Pizzi<\/strong>; la&nbsp;rectora electa, <strong>Esther S\u00e1nchez<\/strong>; el&nbsp;vicerrector electo, <strong>Gabriel Fidel<\/strong>; la&nbsp;decana de Ciencias Agrarias,&nbsp;<strong>Mar\u00eda Flavia Filippini<\/strong>; el&nbsp;vicedecano de la FCA, <strong>Joaqu\u00edn Llera<\/strong>; decanos de varias otras Facultades y otros directivos de la UNCuyo, as\u00ed como profesionales, docentes, periodistas y funcionarios del gobierno provincial. <\/p>\n\n\n\n<div style=\"height:20px\" aria-hidden=\"true\" class=\"wp-block-spacer\"><\/div>\n\n\n\n<div class=\"wp-block-image\"><figure class=\"aligncenter size-large is-resized\"><img loading=\"lazy\" decoding=\"async\" src=\"https:\/\/enolife.com.ar\/es\/wp-content\/uploads\/2022\/08\/mural2_500_765.jpg\" alt=\"\" class=\"wp-image-72330\" width=\"642\" height=\"375\" srcset=\"https:\/\/enolife.com.ar\/es\/wp-content\/uploads\/2022\/08\/mural2_500_765.jpg 765w, https:\/\/enolife.com.ar\/es\/wp-content\/uploads\/2022\/08\/mural2_500_765-300x175.jpg 300w, https:\/\/enolife.com.ar\/es\/wp-content\/uploads\/2022\/08\/mural2_500_765-585x342.jpg 585w\" sizes=\"auto, (max-width: 642px) 100vw, 642px\" \/><figcaption><em><strong>Directivos de la UNCuyo posan frente al nuevo Mural Hist\u00f3rico de la FCA.<\/strong><\/em><\/figcaption><\/figure><\/div>\n\n\n\n<div style=\"height:20px\" aria-hidden=\"true\" class=\"wp-block-spacer\"><\/div>\n\n\n\n<p>La reuni\u00f3n cont\u00f3 adem\u00e1s con la&nbsp;presentaci\u00f3n en vivo del <strong>Cuarteto de Cuerdas del \u00abVivero Musical de la UNCuyo\u00bb<\/strong>, un&nbsp;programa de pr\u00e1ctica y entrenamiento orquestal de la <strong>Secretar\u00eda de Extensi\u00f3n y Vinculaci\u00f3n de la UNCuyo<\/strong>,&nbsp;que cumple una importante&nbsp;labor de extensi\u00f3n universitaria llevando m\u00fasica a diferentes sectores de la sociedad. Con la direcci\u00f3n del profesor <strong>H\u00e9ctor Colombo<\/strong>&nbsp;y la coordinaci\u00f3n de la&nbsp;profesora <strong>Denise Telli<\/strong>, el cuarteto musical est\u00e1 integrado por&nbsp;<strong>Roger Campos<\/strong>&nbsp;(viol\u00edn);&nbsp;<strong>Fabricio Constanza<\/strong>&nbsp;(viol\u00edn);&nbsp;<strong>Gonzalo Lesta Sarav\u00ed<\/strong>&nbsp;(viola); y&nbsp;<strong>Giuliano Diblassi<\/strong>&nbsp;(violoncello).<\/p>\n\n\n\n<div style=\"height:20px\" aria-hidden=\"true\" class=\"wp-block-spacer\"><\/div>\n\n\n\n<figure class=\"wp-block-embed-youtube wp-block-embed is-type-video is-provider-youtube wp-embed-aspect-16-9 wp-has-aspect-ratio\"><div class=\"wp-block-embed__wrapper\">\n<iframe loading=\"lazy\" title=\"Cuarteto de Cuerdas del &quot;Vivero Musical de la UNCuyo&quot;\" width=\"1170\" height=\"658\" src=\"https:\/\/www.youtube.com\/embed\/gLDxiykscWg?feature=oembed\" frameborder=\"0\" allow=\"accelerometer; autoplay; clipboard-write; encrypted-media; gyroscope; picture-in-picture\" allowfullscreen title=\"Cuarteto de Cuerdas del \"Vivero Musical de la UNCuyo\"\"><\/iframe>\n<\/div><\/figure>\n\n\n\n<div style=\"height:54px\" aria-hidden=\"true\" class=\"wp-block-spacer\"><\/div>\n\n\n\n<p>Al comienzo del acto de inauguraci\u00f3n realizado en el Aula Magna,\u00a0se leyeron las palabras enviadas por invitados\u00a0que no pudieron asistir al evento, como\u00a0el\u00a0ex rector de la UNCuyo, <strong>Arturo Somoza<\/strong>, y el ex rector <strong>Armando Bertranou<\/strong>. Asimismo, el reconocido\u00a0ingeniero y maestro <strong>Virgilio Roig<\/strong>, a trav\u00e9s de un video, expres\u00f3 un emotivo saludo\u00a0a los presentes.<\/p>\n\n\n\n<div style=\"height:20px\" aria-hidden=\"true\" class=\"wp-block-spacer\"><\/div>\n\n\n\n<div class=\"wp-block-image\"><figure class=\"aligncenter size-large is-resized\"><img loading=\"lazy\" decoding=\"async\" src=\"https:\/\/enolife.com.ar\/es\/wp-content\/uploads\/2022\/08\/mural12_500_765.jpg\" alt=\"\" class=\"wp-image-72315\" width=\"567\" height=\"379\" srcset=\"https:\/\/enolife.com.ar\/es\/wp-content\/uploads\/2022\/08\/mural12_500_765.jpg 749w, https:\/\/enolife.com.ar\/es\/wp-content\/uploads\/2022\/08\/mural12_500_765-300x200.jpg 300w, https:\/\/enolife.com.ar\/es\/wp-content\/uploads\/2022\/08\/mural12_500_765-585x391.jpg 585w\" sizes=\"auto, (max-width: 567px) 100vw, 567px\" \/><figcaption><em><strong>El reconocido profesor. Dr. HC. Ing. Virgilio Roig, expresando unas palabras a los presentes.<\/strong><\/em><\/figcaption><\/figure><\/div>\n\n\n\n<div style=\"height:20px\" aria-hidden=\"true\" class=\"wp-block-spacer\"><\/div>\n\n\n\n<p>En la ocasi\u00f3n, la decana Filippini, expres\u00f3: <em>\u00abPensar en Agrarias como una Facultad que desde sus or\u00edgenes ha aportado profesionales a todo el sistema socioproductivo, econ\u00f3mico y pol\u00edtico de nuestra querida Mendoza nos llena de orgullo; tambi\u00e9n nos llenan de orgullo aquellos profesionales que han atravesado la frontera de Mendoza y que se han destacado a nivel nacional, y que a su vez&nbsp;nos van dejando bien por distintas partes del mundo.&nbsp;Ellos son de nuestra Facultad. Ellos son de nuestra querida Universidad Nacional de Cuyo\u00bb.<\/em><\/p>\n\n\n\n<p>Y agreg\u00f3 la anfitriona: <em>\u00abComprender el pasado nos permite comprender el presente e imaginar el futuro,<strong> <\/strong>ese futuro que tenemos que ir trazando a trav\u00e9s de todos estos peque\u00f1os retazos que vamos escribiendo en nuestras acciones diarias, siempre con pasi\u00f3n, tambi\u00e9n con problemas, pero siempre con las ganas de seguir caminando\u00bb.<\/em><\/p>\n\n\n\n<p> Finalmente, Filippini destac\u00f3:<em>&nbsp;\u00abHoy m\u00e1s que nunca, est\u00e1 vivo nuestro lema insignia, que es &#8216;Orgullosamente Ciencias Agrarias'\u00bb<\/em>.<\/p>\n\n\n\n<p>Por su parte, el&nbsp;ingeniero agr\u00f3nomo <strong>Francisco Alejandro Melis<\/strong>, docente de la&nbsp;c\u00e1tedra de Bot\u00e1nica Agr\u00edcola&nbsp;e&nbsp;historiador, quien durante m\u00e1s de 30 a\u00f1os ha recopilado y registrado hitos de esta casa de estudios,&nbsp;fue reconocido por la instituci\u00f3n por su incansable labor para recuperar y preservar la historia de la Facultad, desde la Quinta Agron\u00f3mica hasta el presente.<\/p>\n\n\n\n<div style=\"height:20px\" aria-hidden=\"true\" class=\"wp-block-spacer\"><\/div>\n\n\n\n<div class=\"wp-block-image\"><figure class=\"aligncenter size-large is-resized\"><img loading=\"lazy\" decoding=\"async\" src=\"https:\/\/enolife.com.ar\/es\/wp-content\/uploads\/2022\/08\/entrega-de-reconocimiento-melis_500_765.jpg\" alt=\"\" class=\"wp-image-72324\" width=\"601\" height=\"363\" srcset=\"https:\/\/enolife.com.ar\/es\/wp-content\/uploads\/2022\/08\/entrega-de-reconocimiento-melis_500_765.jpg 765w, https:\/\/enolife.com.ar\/es\/wp-content\/uploads\/2022\/08\/entrega-de-reconocimiento-melis_500_765-300x181.jpg 300w, https:\/\/enolife.com.ar\/es\/wp-content\/uploads\/2022\/08\/entrega-de-reconocimiento-melis_500_765-585x353.jpg 585w\" sizes=\"auto, (max-width: 601px) 100vw, 601px\" \/><figcaption><em><strong>Mar\u00eda Flavia Filippini y Joaqu\u00edn Llera entregan reconocimiento al destacado docente e investigador de Ciencias Agrarias, Francisco Alejandro Melis<\/strong><\/em><\/figcaption><\/figure><\/div>\n\n\n\n<div style=\"height:20px\" aria-hidden=\"true\" class=\"wp-block-spacer\"><\/div>\n\n\n\n<p>A continuaci\u00f3n, Melis realiz\u00f3 un detallado recorrido por los 152\u00a0a\u00f1os de historia de la instituci\u00f3n, aportando valiosos datos y exhibiendo reliquias como\u00a0el diploma\u00a0recuperado\u00a0de Ramiro Funes, uno de los primeros egresados de la Quinta Agron\u00f3mica.<\/p>\n\n\n\n<div style=\"height:20px\" aria-hidden=\"true\" class=\"wp-block-spacer\"><\/div>\n\n\n\n<p class=\"has-medium-font-size\"><strong>Sobre el Mural Hist\u00f3rico<\/strong><\/p>\n\n\n\n<p>Esta obra de arte&nbsp;surgi\u00f3 a partir de la&nbsp;iniciativa de la decana Filippini, quien ide\u00f3 este&nbsp;proyecto para luego proponerle su creaci\u00f3n a los&nbsp;artistas Evelin Puri y Mariano Ledesma, autores del mural.<\/p>\n\n\n\n<div style=\"height:20px\" aria-hidden=\"true\" class=\"wp-block-spacer\"><\/div>\n\n\n\n<div class=\"wp-block-image\"><figure class=\"aligncenter size-large is-resized\"><img loading=\"lazy\" decoding=\"async\" src=\"https:\/\/enolife.com.ar\/es\/wp-content\/uploads\/2022\/08\/mural3_500_765.jpg\" alt=\"\" class=\"wp-image-72345\" width=\"574\" height=\"315\" srcset=\"https:\/\/enolife.com.ar\/es\/wp-content\/uploads\/2022\/08\/mural3_500_765.jpg 765w, https:\/\/enolife.com.ar\/es\/wp-content\/uploads\/2022\/08\/mural3_500_765-300x165.jpg 300w, https:\/\/enolife.com.ar\/es\/wp-content\/uploads\/2022\/08\/mural3_500_765-585x322.jpg 585w\" sizes=\"auto, (max-width: 574px) 100vw, 574px\" \/><figcaption><em><strong>Corte de cinta inaugural a cargo del entonces Rector Pizzi, la decana Filippini y el vicedecano Llera.<\/strong><\/em><\/figcaption><\/figure><\/div>\n\n\n\n<div style=\"height:20px\" aria-hidden=\"true\" class=\"wp-block-spacer\"><\/div>\n\n\n\n<p>La pintura sobre el muro est\u00e1 organizada en <strong>tres etapas figurativas:<\/strong> en la&nbsp;<strong>primera<\/strong>, para retratar la&nbsp;Escuela Nacional de Agricultura, se encuentra la imagen del&nbsp;Invern\u00e1culo&nbsp;y debajo el&nbsp;edificio principal de la Quinta.&nbsp;En primer plano aparecen dos personas podando un peral. Los autores juegan con las escalas y hacen referencia a esa \u00e9poca (<strong>de 1870 a 1890)<\/strong> con las vestimentas t\u00edpicas de entonces.<br>&nbsp;<br>En la&nbsp;<strong>segunda (de 1890 a 1897)<\/strong>, con la creaci\u00f3n de la&nbsp;Escuela Nacional de Vitivinicultura, aparece en imagen la&nbsp;Bodega. Junto a ella, una barrica de vino y uvas, tambi\u00e9n jugando con las escalas; y en primer plano se observa una persona manipulando un microscopio en memoria de&nbsp;la fundaci\u00f3n del Laboratorio.<\/p>\n\n\n\n<div style=\"height:20px\" aria-hidden=\"true\" class=\"wp-block-spacer\"><\/div>\n\n\n\n<div class=\"wp-block-image\"><figure class=\"aligncenter size-large is-resized\"><img loading=\"lazy\" decoding=\"async\" src=\"https:\/\/enolife.com.ar\/es\/wp-content\/uploads\/2022\/08\/mural13_500_765.jpg\" alt=\"\" class=\"wp-image-72318\" width=\"599\" height=\"400\" srcset=\"https:\/\/enolife.com.ar\/es\/wp-content\/uploads\/2022\/08\/mural13_500_765.jpg 749w, https:\/\/enolife.com.ar\/es\/wp-content\/uploads\/2022\/08\/mural13_500_765-300x200.jpg 300w, https:\/\/enolife.com.ar\/es\/wp-content\/uploads\/2022\/08\/mural13_500_765-585x391.jpg 585w\" sizes=\"auto, (max-width: 599px) 100vw, 599px\" \/><figcaption><em><strong>Mariano Ledesma y Evelin Puri, autores del mural<\/strong><\/em><\/figcaption><\/figure><\/div>\n\n\n\n<div style=\"height:20px\" aria-hidden=\"true\" class=\"wp-block-spacer\"><\/div>\n\n\n\n<p>En la transici\u00f3n de este momento hist\u00f3rico y la actualidad se representa<strong>&nbsp;la importancia del agua en Mendoza<\/strong>, apareciendo el r\u00edo, las monta\u00f1as y una peque\u00f1a selecci\u00f3n de la flora aut\u00f3ctona, con la presencia del algarrobo y una jarilla.&nbsp;<br>&nbsp;<br>Y&nbsp;finalmente, en la <strong>tercera parte<\/strong>, se a\u00f1aden im\u00e1genes del&nbsp;edificio actual de la FCA, recordando el traslado a la&nbsp;UNCuyo. En esta secci\u00f3n se consider\u00f3 importante&nbsp;la presencia de la mujer en la Facultad,&nbsp;haci\u00e9ndola figurar en primer plano. Adem\u00e1s, fueron a\u00f1adidos los s\u00edmbolos de las nuevas carreras.<\/p>\n\n\n\n<div style=\"height:20px\" aria-hidden=\"true\" class=\"wp-block-spacer\"><\/div>\n\n\n\n<p class=\"has-small-font-size\"><em><strong>Fuente: UNCuyo<\/strong><\/em><\/p>\n\n\n\n<div style=\"height:32px\" aria-hidden=\"true\" class=\"wp-block-spacer\"><\/div>\n","protected":false},"excerpt":{"rendered":"<p>El 12 de agosto pasado la Facultad de Ciencias Agrarias (FCA) de la Universidad Nacional&hellip;<\/p>\n","protected":false},"author":3,"featured_media":72332,"comment_status":"open","ping_status":"open","sticky":false,"template":"","format":"standard","meta":{"footnotes":""},"categories":[34,14],"tags":[],"class_list":["post-72213","post","type-post","status-publish","format-standard","has-post-thumbnail","hentry","category-cultura1","category-news"],"_links":{"self":[{"href":"https:\/\/enolife.com.ar\/es\/wp-json\/wp\/v2\/posts\/72213","targetHints":{"allow":["GET"]}}],"collection":[{"href":"https:\/\/enolife.com.ar\/es\/wp-json\/wp\/v2\/posts"}],"about":[{"href":"https:\/\/enolife.com.ar\/es\/wp-json\/wp\/v2\/types\/post"}],"author":[{"embeddable":true,"href":"https:\/\/enolife.com.ar\/es\/wp-json\/wp\/v2\/users\/3"}],"replies":[{"embeddable":true,"href":"https:\/\/enolife.com.ar\/es\/wp-json\/wp\/v2\/comments?post=72213"}],"version-history":[{"count":0,"href":"https:\/\/enolife.com.ar\/es\/wp-json\/wp\/v2\/posts\/72213\/revisions"}],"wp:featuredmedia":[{"embeddable":true,"href":"https:\/\/enolife.com.ar\/es\/wp-json\/wp\/v2\/media\/72332"}],"wp:attachment":[{"href":"https:\/\/enolife.com.ar\/es\/wp-json\/wp\/v2\/media?parent=72213"}],"wp:term":[{"taxonomy":"category","embeddable":true,"href":"https:\/\/enolife.com.ar\/es\/wp-json\/wp\/v2\/categories?post=72213"},{"taxonomy":"post_tag","embeddable":true,"href":"https:\/\/enolife.com.ar\/es\/wp-json\/wp\/v2\/tags?post=72213"}],"curies":[{"name":"wp","href":"https:\/\/api.w.org\/{rel}","templated":true}]}}