{"id":72205,"date":"2022-08-20T03:23:10","date_gmt":"2022-08-20T03:23:10","guid":{"rendered":"http:\/\/enolife.com.ar\/es\/?p=72205"},"modified":"2022-08-24T02:36:54","modified_gmt":"2022-08-24T02:36:54","slug":"wofa-1ra-entidad-vitivinicola-en-la-red-de-polinizadores-mendocinos-contra-el-cambio-climatico","status":"publish","type":"post","link":"https:\/\/enolife.com.ar\/es\/wofa-1ra-entidad-vitivinicola-en-la-red-de-polinizadores-mendocinos-contra-el-cambio-climatico\/","title":{"rendered":"WofA, 1ra. entidad vitivin\u00edcola en la Red de Polinizadores Mendocinos contra el cambio clim\u00e1tico"},"content":{"rendered":"\n<h4 class=\"wp-block-heading\"><em><strong>Wines of Argentina (WofA), organizaci\u00f3n a cargo de la promoci\u00f3n de la marca Vino Argentino a nivel global, se convirti\u00f3 en la primera entidad del sector del vino en sumarse a la Red Global de Polinizadores Mendocinos, organizaci\u00f3n sin fines de lucro creada en esta provincia por el Foro Diplom\u00e1tico en Mendoza, el Polo TIC Mendoza y Universidades p\u00fablicas y privadas. La Red tiene como objetivo declarado facilitar la proyecci\u00f3n internacional de la provincia y promover acciones para contribuir a la campa\u00f1a global \u00abRace to Zero\u00bb de la Organizaci\u00f3n de las Naciones Unidas (ONU), cuya finalidad es, a su vez, que las actividades humanas y la contaminaci\u00f3n que generamos no hagan sobrepasar la temperatura media del planeta (actualmente de 14,9\u00b0 C) en m\u00e1s de 1,5\u00b0C con respecto a 1880 (comienzos de la era industrial, cuando era de 13,7\u00b0 C).<\/strong><\/em><\/h4>\n\n\n\n<div style=\"height:20px\" aria-hidden=\"true\" class=\"wp-block-spacer\"><\/div>\n\n\n<a href=\"https:\/\/www.instagram.com\/vinventions.sudamerica\/\" aria-label=\"Banner_Subr_1700x500\"><img loading=\"lazy\" decoding=\"async\" src=\"https:\/\/enolife.com.ar\/es\/wp-content\/uploads\/2019\/07\/Banner_Subr_1700x500.gif\" alt=\"\"  width=\"1700\" height=\"501\"   \/><\/a>\n\n\n<div style=\"height:48px\" aria-hidden=\"true\" class=\"wp-block-spacer\"><\/div>\n\n\n\n<p>La <strong>Red de Polinizadores Mendocinos<\/strong>&nbsp;tiene como objetivo facilitar y colaborar con la proyecci\u00f3n internacional de la provincia, partiendo de valores como el esfuerzo, la \u00e9tica y la transparencia, uniendo fuerzas para contribuir de manera conjunta a la construcci\u00f3n de bienestar social, ambiental, econ\u00f3mico y cultural. Y a trav\u00e9s de su programa <strong>\u00abMendoza Regenerativa\u00bb<\/strong>, se sum\u00f3 a la iniciativa de la Organizaci\u00f3n de las Naciones Unidas (ONU) llamada <strong>\u00abRace to zero\u00bb<\/strong>, una campa\u00f1a global para \u00abreunir el liderazgo y el apoyo de empresas, organizaciones de la sociedad civil, ciudades, regiones e inversores para una recuperaci\u00f3n saludable, resiliente y sin emisiones de carbono, que prevenga amenazas futuras, cree empleos decentes y desbloquee un crecimiento inclusivo y sostenible\u00bb, seg\u00fan consta en la web de la ONU. <\/p>\n\n\n\n<p>Esta Red mendocina ya ha establecido lazos con empresas y c\u00e1maras empresarias, universidades y centros de formaci\u00f3n e investigaci\u00f3n, inversores y organismos de financiamiento, agrupaciones profesionales y sindicales, as\u00ed como personas de alto perfil y trayectoria, y personalidades del deporte y de la cultura interesadas en transformar la realidad. Sus miembros participan del programa \u00abMendoza Regenerativa\u201d comprometi\u00e9ndose a reducir el 50% de las emisiones de carbono antes del a\u00f1o 2030 y con el fin de alcanzar el 100% de reducci\u00f3n a futuro, en concordancia con el objetivo de \u00abRace to Zero\u00bb que es no la temperatura media del planeta no crezca, en el futuro inmediato, en m\u00e1s de 1,5\u00b0 C con respecto a la que hab\u00eda alrededor de 1880, cuando se considera que comenz\u00f3 la \u00e9poca industrial. <\/p>\n\n\n\n<p>Adhieren a este programa del <strong>Foro Diplom\u00e1tico en Mendoza<\/strong> y el Polo Tic <strong>Mendoza<\/strong> las principales <strong>Universidades<\/strong> de gesti\u00f3n p\u00fablica y privada de la provincia, la <strong>Asociaci\u00f3n de Ejecutivos de Mendoza (AEM)<\/strong>, la <strong>Federaci\u00f3n Econ\u00f3mica de Mendoza (FEM)<\/strong>; la <strong>Asociaci\u00f3n Empresaria Hotelero Gastron\u00f3mica y Afines de Mendoza (Aehga)<\/strong>; la <strong>Asociaci\u00f3n Cristiana de Dirigentes de Empresa (ACDE)<\/strong>; la <strong>C\u00e1mara de Inform\u00e1ticos Unidos de Mendoza (CIUM)<\/strong> y desde julio de este a\u00f1o se suma <strong>Wines of Argentina (WofA).<\/strong><\/p>\n\n\n\n<div style=\"height:20px\" aria-hidden=\"true\" class=\"wp-block-spacer\"><\/div>\n\n\n\n<p class=\"has-background has-very-light-gray-background-color\"><strong>Conoc\u00e9 la Red de Polinizadores Mendocinos <a href=\"https:\/\/sites.google.com\/poloticmendoza.org\/polinizadores-mendoza\/\">AQU\u00cd<\/a><\/strong><\/p>\n\n\n\n<div style=\"height:20px\" aria-hidden=\"true\" class=\"wp-block-spacer\"><\/div>\n\n\n\n<p><em>\u00abSomos parte de una problem\u00e1tica com\u00fan y la debemos enfrentar juntos. Por eso nos unimos el sector privado y la academia con un objetivo claro: acelerar los procesos y alcanzar el 100% de la reducci\u00f3n de las emisiones de carbono lo antes posible<\/em>\u00ab, expres\u00f3 <strong>Rafael Kemelmajer<\/strong>, miembro de la Liga Global Polinizadores Mendocinos y presidente del Polo TIC Mendoza.<\/p>\n\n\n\n<p>Por su parte, <strong>Magdalena Pesce, <\/strong>gerenta general de Wines of Argentina enfatiz\u00f3 que <em>\u00abnecesitamos liderazgos que logren unir a pesar de las diferencias, por eso rescato el valor de actuar en conjunto en este proyecto por encima del valor de estar en acuerdo. Adem\u00e1s, entendemos que el dise\u00f1o e implementaci\u00f3n de acciones que derramen positivamente en la comunidad, el ambiente y la econom\u00eda no son posibles si no las encaramos de manera conjunta\u00bb.&nbsp;<\/em><\/p>\n\n\n\n<p>Y agreg\u00f3:<em>&nbsp;\u00abEn WofA hace tiempo que asumimos el rol de unir el sector vitivin\u00edcola con diversas organizaciones e iniciativas como la Red de Polinizadores de Mendoza. El hecho de que se vayan multiplicando estas instancias y que cada vez m\u00e1s bodegas vean la necesidad de incorporar estos temas como eje fundamental habla de la evoluci\u00f3n que experimenta el sector. Todav\u00eda nos queda mucho por recorrer, pero compartir un prop\u00f3sito es el primer paso y marca un cambio en la industria\u00bb<\/em>.<\/p>\n\n\n\n<div style=\"height:20px\" aria-hidden=\"true\" class=\"wp-block-spacer\"><\/div>\n\n\n\n<p class=\"has-medium-font-size\"><strong>Evoluci\u00f3n de la temperatura global desde 1880 <\/strong><\/p>\n\n\n\n<p>Los cient\u00edficos de la <strong>NOAA (Administraci\u00f3n Nacional Oce\u00e1nica y Atmosf\u00e9rica,<\/strong> por sus siglas en ingl\u00e9s) analizaron la temperatura promedio global sobre superficies terrestres y oce\u00e1nicas en el a\u00f1o 2019, y concluyeron que fue el segundo a\u00f1o m\u00e1s alto desde el comienzo de los registros en 1880. La temperatura de la superficie terrestre y oce\u00e1nica global en diciembre de 2019 fue tambi\u00e9n la segunda m\u00e1s alta para ese mes en el registro de 140 a\u00f1os. Al final del a\u00f1o, la temperatura media mundial hab\u00eda aumentado en 1,1\u00ba C por encima de los niveles preindustriales. Hoy, se calcula que la temperatura global promedio es de 14,9\u00b0 C, cuando en 1880 estaba en 13,7\u00b0 C.<\/p>\n\n\n\n<p>Estos datos reafirman la predicci\u00f3n de la <strong>Organizaci\u00f3n Meteoreol\u00f3gica Mundial (OMM)<\/strong>, que estableci\u00f3 que la temperatura media global aumentar\u00e1 en los pr\u00f3ximos cinco a\u00f1os entre 1,2 y 1,3 grados cent\u00edgrados por encima del per\u00edodo preindustrial. La evoluci\u00f3n de la temperatura global indica que los objetivos del <strong>Acuerdo de Par\u00eds<\/strong> de limitar el aumento de la temperatura est\u00e1n lejos de cumplirse.<\/p>\n\n\n\n<div style=\"height:20px\" aria-hidden=\"true\" class=\"wp-block-spacer\"><\/div>\n\n\n\n<div class=\"wp-block-image\"><figure class=\"aligncenter size-large is-resized\"><img loading=\"lazy\" decoding=\"async\" src=\"https:\/\/enolife.com.ar\/es\/wp-content\/uploads\/2022\/08\/Imagen1-8.jpg\" alt=\"\" class=\"wp-image-72276\" width=\"546\" height=\"373\" srcset=\"https:\/\/enolife.com.ar\/es\/wp-content\/uploads\/2022\/08\/Imagen1-8.jpg 621w, https:\/\/enolife.com.ar\/es\/wp-content\/uploads\/2022\/08\/Imagen1-8-300x205.jpg 300w, https:\/\/enolife.com.ar\/es\/wp-content\/uploads\/2022\/08\/Imagen1-8-585x399.jpg 585w\" sizes=\"auto, (max-width: 546px) 100vw, 546px\" \/><\/figure><\/div>\n\n\n\n<div style=\"height:20px\" aria-hidden=\"true\" class=\"wp-block-spacer\"><\/div>\n\n\n\n<p class=\"has-background has-very-light-gray-background-color\"><strong>Para conocer m\u00e1s sobre el programa Race to Zero de la ONU, clikear <a href=\"https:\/\/unfccc.int\/climate-action\/race-to-zero-campaign\">AQU\u00cd<\/a><\/strong><\/p>\n\n\n\n<div style=\"height:39px\" aria-hidden=\"true\" class=\"wp-block-spacer\"><\/div>\n\n\n\n<p class=\"has-small-font-size\"><em><strong>Fuentes: WofA, Red de Polinizadores Mendocinos y Fundaci\u00f3n Aquae<\/strong><\/em><\/p>\n\n\n\n<div style=\"height:60px\" aria-hidden=\"true\" class=\"wp-block-spacer\"><\/div>\n","protected":false},"excerpt":{"rendered":"<p>Wines of Argentina (WofA), organizaci\u00f3n a cargo de la promoci\u00f3n de la marca Vino Argentino&hellip;<\/p>\n","protected":false},"author":3,"featured_media":72282,"comment_status":"open","ping_status":"open","sticky":false,"template":"","format":"standard","meta":{"footnotes":""},"categories":[14],"tags":[],"class_list":["post-72205","post","type-post","status-publish","format-standard","has-post-thumbnail","hentry","category-news"],"_links":{"self":[{"href":"https:\/\/enolife.com.ar\/es\/wp-json\/wp\/v2\/posts\/72205","targetHints":{"allow":["GET"]}}],"collection":[{"href":"https:\/\/enolife.com.ar\/es\/wp-json\/wp\/v2\/posts"}],"about":[{"href":"https:\/\/enolife.com.ar\/es\/wp-json\/wp\/v2\/types\/post"}],"author":[{"embeddable":true,"href":"https:\/\/enolife.com.ar\/es\/wp-json\/wp\/v2\/users\/3"}],"replies":[{"embeddable":true,"href":"https:\/\/enolife.com.ar\/es\/wp-json\/wp\/v2\/comments?post=72205"}],"version-history":[{"count":0,"href":"https:\/\/enolife.com.ar\/es\/wp-json\/wp\/v2\/posts\/72205\/revisions"}],"wp:featuredmedia":[{"embeddable":true,"href":"https:\/\/enolife.com.ar\/es\/wp-json\/wp\/v2\/media\/72282"}],"wp:attachment":[{"href":"https:\/\/enolife.com.ar\/es\/wp-json\/wp\/v2\/media?parent=72205"}],"wp:term":[{"taxonomy":"category","embeddable":true,"href":"https:\/\/enolife.com.ar\/es\/wp-json\/wp\/v2\/categories?post=72205"},{"taxonomy":"post_tag","embeddable":true,"href":"https:\/\/enolife.com.ar\/es\/wp-json\/wp\/v2\/tags?post=72205"}],"curies":[{"name":"wp","href":"https:\/\/api.w.org\/{rel}","templated":true}]}}