{"id":71994,"date":"2022-08-17T13:16:59","date_gmt":"2022-08-17T13:16:59","guid":{"rendered":"http:\/\/enolife.com.ar\/es\/?p=71994"},"modified":"2022-08-19T15:24:08","modified_gmt":"2022-08-19T15:24:08","slug":"exportacion-comunicacion-marketing-y-gestion-vitivinicola-en-7-cursos-del-inv-del-12-9-al-28-10","status":"publish","type":"post","link":"https:\/\/enolife.com.ar\/es\/exportacion-comunicacion-marketing-y-gestion-vitivinicola-en-7-cursos-del-inv-del-12-9-al-28-10\/","title":{"rendered":"Exportaci\u00f3n, comunicaci\u00f3n, m\u00e1rketing y gesti\u00f3n vitivin\u00edcola, en 7 cursos del INV del 12\/9 al 28\/10"},"content":{"rendered":"\n<h4 class=\"wp-block-heading\"><em><strong>El Instituto Nacional de Vitivinicultura (INV) lanza la 2da edici\u00f3n del \u00abPrograma de formaci\u00f3n vitivin\u00edcola\u00bb, ofreciendo 7 cursos dirigidos a los interesados en adquirir o actualizar conocimientos y herramientas sobre finanzas, comunicaci\u00f3n, comercializaci\u00f3n, maketing digital, comercio internacional, organizaci\u00f3n y gesti\u00f3n empresaria para la industria vitivin\u00edcola. Las capacitaciones se desarrollar\u00e1n de manera virtual y, en forma presencial, s\u00f3lo los d\u00edas viernes de 17 a 19 hs. Para el cursado hay que preinscribirse, y de resultar seleccionado, cada alumno deber\u00e1 pagar un arancel de $700.<\/strong><\/em><\/h4>\n\n\n\n<div style=\"height:20px\" aria-hidden=\"true\" class=\"wp-block-spacer\"><\/div>\n\n\n<a href=\"https:\/\/grupoaltasur.com\/\" aria-label=\"1700-500px\"><img loading=\"lazy\" decoding=\"async\" src=\"https:\/\/enolife.com.ar\/es\/wp-content\/uploads\/2021\/01\/1700-500px.jpg\" alt=\"\"  srcset=\"https:\/\/enolife.com.ar\/es\/wp-content\/uploads\/2021\/01\/1700-500px.jpg 1700w, https:\/\/enolife.com.ar\/es\/wp-content\/uploads\/2021\/01\/1700-500px-300x88.jpg 300w, https:\/\/enolife.com.ar\/es\/wp-content\/uploads\/2021\/01\/1700-500px-1024x301.jpg 1024w, https:\/\/enolife.com.ar\/es\/wp-content\/uploads\/2021\/01\/1700-500px-768x226.jpg 768w, https:\/\/enolife.com.ar\/es\/wp-content\/uploads\/2021\/01\/1700-500px-1536x452.jpg 1536w, https:\/\/enolife.com.ar\/es\/wp-content\/uploads\/2021\/01\/1700-500px-1170x344.jpg 1170w, https:\/\/enolife.com.ar\/es\/wp-content\/uploads\/2021\/01\/1700-500px-585x172.jpg 585w\" sizes=\"auto, (max-width: 1700px) 100vw, 1700px\" width=\"1700\" height=\"500\"   \/><\/a>\n\n\n<div style=\"height:41px\" aria-hidden=\"true\" class=\"wp-block-spacer\"><\/div>\n\n\n\n<p>El \u00abPrograma de formaci\u00f3n vitivin\u00edcola\u00bb dictado por el Instituto Nacional de Vitivinicultura (INV) busca brindar herramientas y conocimientos clave para desempe\u00f1arse en el mundo del vino. Al mismo tiempo, apunta a actualizar y potenciar competencias frente a las demandas de perfiles laborales, considerando los profundos cambios que las innovaciones tecnol\u00f3gicas generan el mundo del trabajo.<\/p>\n\n\n\n<p>Los cursos se desarrollar\u00e1n en setiembre y octubre bajo la modalidad virtual y autogestionada, con instancias sincr\u00f3nicas. Los cupos son limitados, y por este motivo aquellos que se preinscriban deber\u00e1n esperar a ser seleccionados y abonar un arancel de $700. Se otorgar\u00e1n certificados oficiales del INV.<\/p>\n\n\n\n<div style=\"height:20px\" aria-hidden=\"true\" class=\"wp-block-spacer\"><\/div>\n\n\n\n<div class=\"wp-block-image\"><figure class=\"aligncenter\"><img decoding=\"async\" src=\"https:\/\/www.argentina.gob.ar\/sites\/default\/files\/dsc_0422.jpg\" alt=\"\"\/><figcaption><em><strong>Algunos de los participantes de la 1ra edici\u00f3n (2021) de los cursos al recibir su certificado, junto a Mart\u00edn Hinojosa (al centro), presidente del INV<\/strong><\/em>.<\/figcaption><\/figure><\/div>\n\n\n\n<div style=\"height:20px\" aria-hidden=\"true\" class=\"wp-block-spacer\"><\/div>\n\n\n\n<p class=\"has-medium-font-size\"><strong>Cursos<\/strong><\/p>\n\n\n\n<p class=\"has-background has-very-light-gray-background-color\"><strong>Gesti\u00f3n financiera<\/strong><\/p>\n\n\n\n<p><strong>Objetivos<\/strong>: Adquirir conocimientos y herramientas para analizar variables que afectan a la administraci\u00f3n financiera de la empresa vitivin\u00edcola.<\/p>\n\n\n\n<p><strong>Destinatarios<\/strong>: Profesionales, administrativos y emprendedores vinculados a la gesti\u00f3n financiera de los sectores privados o p\u00fablicos relacionados a la vitivinicultura.<\/p>\n\n\n\n<p><strong>Fecha<\/strong>: 12\/9 al 14\/10<\/p>\n\n\n\n<p><strong>D\u00eda de cursado sincr\u00f3nico:<\/strong> Viernes de 17 a 19 hs<\/p>\n\n\n\n<p><strong>Postularse: <a href=\"https:\/\/forms.gle\/yuRD5d3hZHTXvT4o6\">AQU\u00cd<\/a><\/strong><\/p>\n\n\n\n<div style=\"height:20px\" aria-hidden=\"true\" class=\"wp-block-spacer\"><\/div>\n\n\n\n<p class=\"has-background has-very-light-gray-background-color\"><strong>Introducci\u00f3n al m\u00e1rketing vitivin\u00edcola. Conocimientos y herramientas b\u00e1sicas de gesti\u00f3n<\/strong><\/p>\n\n\n\n<p><strong>Objetivos<\/strong>: Conocer herramientas te\u00f3ricas y pr\u00e1cticas que permiten la adquisici\u00f3n de competencias necesarias para la generaci\u00f3n de estrategias comerciales eficaces e innovadoras, orientadas a procesos on-line.<\/p>\n\n\n\n<p><strong>Destinatarios<\/strong>: Personas que tengan alg\u00fan microemprendimiento vitivin\u00edcola (elaborador de vino casero y\/o artesanal, peque\u00f1a comercializadora o distribuidora) o que tengan proyecciones en el corto plazo de desarrollarlo. Y personas vinculadas a la vitivinicultura, interesadas en obtener herramientas de ventas y marketing de vinos.<\/p>\n\n\n\n<p><strong>Fecha<\/strong>: 12\/9 al 14\/10<\/p>\n\n\n\n<p><strong>D\u00eda de cursado sincr\u00f3nico:<\/strong> Mi\u00e9rcoles de 15 a 17 hs<\/p>\n\n\n\n<p><strong>Postularse<\/strong>:<strong>&nbsp;<a href=\"https:\/\/forms.gle\/yuRD5d3hZHTXvT4o6\">AQU\u00cd<\/a><\/strong>&nbsp;(Hasta el 2\/9)<\/p>\n\n\n\n<div style=\"height:20px\" aria-hidden=\"true\" class=\"wp-block-spacer\"><\/div>\n\n\n\n<p class=\"has-background has-very-light-gray-background-color\"><strong>La comunicaci\u00f3n como herramienta de comercializaci\u00f3n<\/strong><\/p>\n\n\n\n<p><strong>Objetivos<\/strong>: Adquirir conocimientos b\u00e1sicos y herramientas de redes sociales y marketing digital para atraer nuevos clientes\/consumidores y, a la vez, fidelizar a los que ya tienen con el fin de fomentar o comercializar una marca, producto o servicio. <\/p>\n\n\n\n<p><strong>Destinatarios<\/strong>: Trabajadores vinculados a \u00e1reas de comunicaci\u00f3n y marketing de emprendimientos vitivin\u00edcolas. Personas vinculadas a la vitivinicultura interesadas en adquirir nuevas herramientas de comunicaci\u00f3n y marketing en el Siglo XXI.<\/p>\n\n\n\n<p><strong>Fecha: <\/strong>12\/9 al 28\/10<\/p>\n\n\n\n<p><strong>D\u00eda de cursado sincr\u00f3nico:<\/strong> Jueves de 18 a 20 hs<\/p>\n\n\n\n<p><strong>Postularse<\/strong>:<strong> <a href=\"https:\/\/forms.gle\/yuRD5d3hZHTXvT4o6\">AQU\u00cd<\/a><\/strong><\/p>\n\n\n\n<div style=\"height:20px\" aria-hidden=\"true\" class=\"wp-block-spacer\"><\/div>\n\n\n\n<p class=\"has-background has-very-light-gray-background-color\"><strong>Comunicaci\u00f3n y marketing digital<\/strong><\/p>\n\n\n\n<p><strong>Objetivos<\/strong>: Adquirir conocimientos para segmentar el p\u00fablico meta a trav\u00e9s de las nuevas herramientas del mundo virtual, desarrollando contenido Web, redes sociales y dem\u00e1s, a trav\u00e9s del planteo de estrategias de comunicaci\u00f3n y marketing.<\/p>\n\n\n\n<p><strong>Destinatarios<\/strong>: Trabajadores de emprendimientos vitivin\u00edcolas que llevan adelante tareas dentro del \u00e1rea de marketing digital y que buscan obtener m\u00e1s herramientas, y personas vinculadas al \u00e1rea de marketing que deseen incursionar en tem\u00e1ticas vitivin\u00edcolas.<\/p>\n\n\n\n<p><strong>Fecha: <\/strong>12\/9 al 21<strong>\/<\/strong>10<\/p>\n\n\n\n<p><strong>D\u00eda de cursado sincr\u00f3nico: <\/strong>Jueves de 20 a 22 hs<\/p>\n\n\n\n<p><strong>Postularse:&nbsp;<a href=\"https:\/\/forms.gle\/yuRD5d3hZHTXvT4o6\">AQU\u00cd<\/a><\/strong><\/p>\n\n\n\n<div style=\"height:20px\" aria-hidden=\"true\" class=\"wp-block-spacer\"><\/div>\n\n\n\n<p class=\"has-background has-very-light-gray-background-color\"><strong>Herramientas esenciales del comercio internacional<\/strong><\/p>\n\n\n\n<p><strong>Objetivos<\/strong>: Conocer y aprender a gestionar el proceso de las exportaciones de productos vitivin\u00edcolas, utilizando los procesos on- line de los organismos p\u00fablicos intervinientes.<\/p>\n\n\n\n<p><strong>Destinatarios<\/strong>: Personas que trabajan en empresas vitivin\u00edcolas, preferentemente peque\u00f1as y medianas (en\u00f3logos, ayudantes de enolog\u00eda, administrativos de bodegas) y representantes de bodegas que a\u00fan no cuentan con experiencia en tr\u00e1mites de exportaci\u00f3n.<\/p>\n\n\n\n<p><strong>Fecha<\/strong>: 12\/9 al 14\/10<\/p>\n\n\n\n<p><strong>D\u00eda de cursado sincr\u00f3nico:<\/strong> Martes de 18 a 20 hs<\/p>\n\n\n\n<p><strong>Postularse: <a href=\"https:\/\/forms.gle\/yuRD5d3hZHTXvT4o6\">AQU\u00cd<\/a><\/strong><\/p>\n\n\n\n<div style=\"height:20px\" aria-hidden=\"true\" class=\"wp-block-spacer\"><\/div>\n\n\n\n<p class=\"has-background has-very-light-gray-background-color\"><strong>Planificaci\u00f3n y gesti\u00f3n de exportaciones vitivin\u00edcolas<\/strong><\/p>\n\n\n\n<p><strong>Objetivos<\/strong>: Adquirir herramientas para conocer el funcionamiento y las regulaciones de los mercados tradicionales de productos vitivin\u00edcolas argentinos en el mundo. Tambi\u00e9n diagramar y gestionar un plan de negocios adecuado para la inserci\u00f3n de productos en los mismos.<\/p>\n\n\n\n<p><strong>Destinatarios<\/strong>: Titulares o trabajadores de bodegas que quieran internacionalizar sus empresas. Representantes de bodegas con experiencia en tr\u00e1mites de exportaci\u00f3n. Personas que trabajan en comercio exterior que quieran conocer la operatoria de productos vitivin\u00edcolas.<\/p>\n\n\n\n<p><strong>Fecha: <\/strong>12\/09 al 14\/10<\/p>\n\n\n\n<p><strong>D\u00eda de cursado sincr\u00f3nico: <\/strong>S\u00e1bados de 9 a 11 hs<\/p>\n\n\n\n<p><strong>Postularse: <a href=\"https:\/\/forms.gle\/yuRD5d3hZHTXvT4o6\">AQU\u00cd<\/a><\/strong><\/p>\n\n\n\n<div style=\"height:20px\" aria-hidden=\"true\" class=\"wp-block-spacer\"><\/div>\n\n\n\n<p class=\"has-background has-very-light-gray-background-color\"><strong>Herramientas de organizaci\u00f3n y gesti\u00f3n de emprendimientos vitivin\u00edcolas<\/strong><\/p>\n\n\n\n<p><strong>Objetivos<\/strong>: Brindar conocimientos y herramientas para organizar y gestionar emprendimientos vitivin\u00edcolas considerando el contexto socioecon\u00f3mico y productivo en que est\u00e1n insertos atendiendo a principios de sostenibilidad.<\/p>\n\n\n\n<p><strong>Destinatarios<\/strong>: Emprendedores con un micro-emprendimiento vitivin\u00edcola funcionando (elaborador de vino casero y\/o artesanal, emprendimiento de bienes\/servicios vinculados al sector). Emprendedores potenciales, con proyecciones en el corto plazo de desarrollar un emprendimiento vinculado al sector vitivin\u00edcola.<\/p>\n\n\n\n<p><strong>Fecha: <\/strong>12\/9 al 14\/10<\/p>\n\n\n\n<p><strong>D\u00eda de cursado sincr\u00f3nico: <\/strong>Viernes de 15 a 17 hs<\/p>\n\n\n\n<p><strong>Postularse: <a href=\"https:\/\/forms.gle\/yuRD5d3hZHTXvT4o6\">AQU\u00cd<\/a><\/strong>&nbsp;<\/p>\n\n\n\n<div style=\"height:49px\" aria-hidden=\"true\" class=\"wp-block-spacer\"><\/div>\n","protected":false},"excerpt":{"rendered":"<p>El Instituto Nacional de Vitivinicultura (INV) lanza la 2da edici\u00f3n del \u00abPrograma de formaci\u00f3n vitivin\u00edcola\u00bb,&hellip;<\/p>\n","protected":false},"author":3,"featured_media":72061,"comment_status":"open","ping_status":"open","sticky":false,"template":"","format":"standard","meta":{"footnotes":""},"categories":[14],"tags":[],"class_list":["post-71994","post","type-post","status-publish","format-standard","has-post-thumbnail","hentry","category-news"],"_links":{"self":[{"href":"https:\/\/enolife.com.ar\/es\/wp-json\/wp\/v2\/posts\/71994","targetHints":{"allow":["GET"]}}],"collection":[{"href":"https:\/\/enolife.com.ar\/es\/wp-json\/wp\/v2\/posts"}],"about":[{"href":"https:\/\/enolife.com.ar\/es\/wp-json\/wp\/v2\/types\/post"}],"author":[{"embeddable":true,"href":"https:\/\/enolife.com.ar\/es\/wp-json\/wp\/v2\/users\/3"}],"replies":[{"embeddable":true,"href":"https:\/\/enolife.com.ar\/es\/wp-json\/wp\/v2\/comments?post=71994"}],"version-history":[{"count":0,"href":"https:\/\/enolife.com.ar\/es\/wp-json\/wp\/v2\/posts\/71994\/revisions"}],"wp:featuredmedia":[{"embeddable":true,"href":"https:\/\/enolife.com.ar\/es\/wp-json\/wp\/v2\/media\/72061"}],"wp:attachment":[{"href":"https:\/\/enolife.com.ar\/es\/wp-json\/wp\/v2\/media?parent=71994"}],"wp:term":[{"taxonomy":"category","embeddable":true,"href":"https:\/\/enolife.com.ar\/es\/wp-json\/wp\/v2\/categories?post=71994"},{"taxonomy":"post_tag","embeddable":true,"href":"https:\/\/enolife.com.ar\/es\/wp-json\/wp\/v2\/tags?post=71994"}],"curies":[{"name":"wp","href":"https:\/\/api.w.org\/{rel}","templated":true}]}}