{"id":7195,"date":"2020-02-03T13:03:50","date_gmt":"2020-02-03T13:03:50","guid":{"rendered":"http:\/\/enolife.com.ar\/es\/?p=7195"},"modified":"2020-02-04T15:48:40","modified_gmt":"2020-02-04T15:48:40","slug":"nueve-reinas","status":"publish","type":"post","link":"https:\/\/enolife.com.ar\/es\/nueve-reinas\/","title":{"rendered":"Nueve reinas"},"content":{"rendered":"\n<h4 class=\"wp-block-heading\"><em><strong>Desde el comienzo del calendario de fiestas de la vendimia departamentales de la provincia de Mendoza, hasta hoy 3\/2\/20, ya se eligieron 9 reinas. La Paz, Las Heras, Guaymall\u00e9n, Jun\u00edn, Lavalle, Tunuy\u00e1n, San Rafael, Godoy Cruz y Rivadavia ya tienen a las soberanas que sue\u00f1an con la corona mayor. A continuaci\u00f3n, un resumen de las elegidas.<\/strong><\/em><\/h4>\n\n\n\n<div style=\"height:20px\" aria-hidden=\"true\" class=\"wp-block-spacer\"><\/div>\n\n\n\n<p class=\"has-medium-font-size\"><strong>La Paz<\/strong><\/p>\n\n\n\n<div style=\"height:20px\" aria-hidden=\"true\" class=\"wp-block-spacer\"><\/div>\n\n\n\n<div class=\"wp-block-image\"><figure class=\"aligncenter\"><img decoding=\"async\" src=\"https:\/\/dla.cdncimeco.com\/uploads\/2020\/01\/image5e2140f685de0.jpeg\" alt=\"\"\/><figcaption><strong><em> Malena Moreno, virreina La Paz y  Anabella Ludmila Carreras, reina de La Paz.<\/em><\/strong><\/figcaption><\/figure><\/div>\n\n\n\n<div style=\"height:20px\" aria-hidden=\"true\" class=\"wp-block-spacer\"><\/div>\n\n\n\n<ul class=\"wp-block-list\"><li>Fecha: 16\/1\/2020&nbsp; <\/li><li>Espect\u00e1culo: &nbsp;<strong>\u00abCoronadas de Surco&nbsp;y Parras\u00bb<\/strong> con libreto y puesta en escena de Godo Nicol\u00e1s Gim\u00e9nez -titular de Cultura del departamento- y direcci\u00f3n general de Fabiana Riera, con 250 artistas  entre bailarines y actores. Es la cuarta edici\u00f3n de una tetralog\u00eda que se viene realizando desde hace algunos a\u00f1os en homenaje a las verdaderas cosechadoras del departamento.<\/li><li>Lugar: Estadio Juan Domingo Per\u00f3n.<\/li><li>Reina: <strong>Anabella Ludmila Carreras<\/strong>, representante del Club Centro Cultural y Recreativo La Paz&nbsp;, 19 a\u00f1os<\/li><li>Virreina: <strong>Malena Moreno<\/strong>, candidata del Club Deportivo Ferrocarril General San Mart\u00edn,&nbsp; <\/li><\/ul>\n\n\n\n<div style=\"height:20px\" aria-hidden=\"true\" class=\"wp-block-spacer\"><\/div>\n\n\n\n<p class=\"has-medium-font-size\"><strong>Las Heras<\/strong><\/p>\n\n\n\n<div style=\"height:20px\" aria-hidden=\"true\" class=\"wp-block-spacer\"><\/div>\n\n\n\n<div class=\"wp-block-image\"><figure class=\"aligncenter\"><img decoding=\"async\" src=\"https:\/\/dla.cdncimeco.com\/uploads\/2020\/01\/image5e228107c6737.jpg\" alt=\"\"\/><figcaption><strong><em> Romina Agostina Mart\u00ednez Quiroga, virreina de Las Heras y  Candela Oriana \u00c1vila, reina de Las Heras. <\/em><\/strong><\/figcaption><\/figure><\/div>\n\n\n\n<div style=\"height:20px\" aria-hidden=\"true\" class=\"wp-block-spacer\"><\/div>\n\n\n\n<ul class=\"wp-block-list\"><li>Fecha: 18\/01\/2020<\/li><li>Espect\u00e1culo: <strong>\u00abRetazos de historia\u00bb<\/strong>, bajo la direcci\u00f3n general de&nbsp;Hugo Moreno, con libreto de&nbsp;Mar\u00eda Laura Fuertes y m\u00e1s de un centenar de artistas en escena.<\/li><li>Lugar: Parque de la Ni\u00f1ez.<\/li><li>Reina: <strong>Candela Oriana \u00c1vila, <\/strong>representante del distrito Uspallata y Alta Monta\u00f1a, 19 a\u00f1os, cursa la Tecnicatura en Comercio Internacional y Aduana.<\/li><li>Virreina: <strong>Romina Agostina Mart\u00ednez Quirog<\/strong>a, representando al distrito El Zapallar, 24 a\u00f1os y se est\u00e1 formando en&nbsp;la Tecnicatura en Comercio Internacional y Aduana.<\/li><\/ul>\n\n\n\n<div style=\"height:20px\" aria-hidden=\"true\" class=\"wp-block-spacer\"><\/div>\n\n\n\n<p class=\"has-medium-font-size\"><strong>Guaymall\u00e9n<\/strong><\/p>\n\n\n\n<div style=\"height:20px\" aria-hidden=\"true\" class=\"wp-block-spacer\"><\/div>\n\n\n\n<div class=\"wp-block-image\"><figure class=\"aligncenter\"><img decoding=\"async\" src=\"https:\/\/enolife.com.ar\/es\/wp-content\/uploads\/2020\/01\/Vendimia-Guaymall%C3%A9n-2020-4-1-2.jpg\" alt=\"\"\/><figcaption> S<strong><em>of\u00eda Grangetto y Florencia Mois\u00e1, reina y virreina de Guaymall\u00e9n.<\/em><\/strong> <\/figcaption><\/figure><\/div>\n\n\n\n<div style=\"height:20px\" aria-hidden=\"true\" class=\"wp-block-spacer\"><\/div>\n\n\n\n<ul class=\"wp-block-list\"><li>Fecha: 18\/01\/2020<\/li><li>Espect\u00e1culo: <strong>\u00abVendimia de la Voz Latinoamericana<\/strong>\u00ab, dirigido por Carlos&nbsp;Escoriza,&nbsp;fue un homenaje a la vida de&nbsp;Mercedes Sosa y cont\u00f3 con 150 artistas en escena. <\/li><li>Lugar: Parque del Acceso Este.<\/li><li>Reina:  <strong>Sof\u00eda Grangetto<\/strong>,&nbsp;representante de Dorrego, 19 a\u00f1os, maestra mayor de obras.<\/li><li>Virreina:  <strong>Florencia Mois\u00e1<\/strong>,&nbsp;candidata de Villa Nueva. Tiene 19 a\u00f1os y cursa la Licenciatura en Turismo. <\/li><\/ul>\n\n\n\n<div style=\"height:20px\" aria-hidden=\"true\" class=\"wp-block-spacer\"><\/div>\n\n\n\n<p class=\"has-medium-font-size\"><strong>Jun\u00edn<\/strong><\/p>\n\n\n\n<div style=\"height:20px\" aria-hidden=\"true\" class=\"wp-block-spacer\"><\/div>\n\n\n\n<figure class=\"wp-block-gallery columns-2 is-cropped wp-block-gallery-1 is-layout-flex wp-block-gallery-is-layout-flex\"><ul class=\"blocks-gallery-grid\"><li class=\"blocks-gallery-item\"><figure><img loading=\"lazy\" decoding=\"async\" width=\"682\" height=\"1024\" src=\"https:\/\/enolife.com.ar\/es\/wp-content\/uploads\/2020\/01\/reina-junin.jpeg\" alt=\"\" data-id=\"6642\" data-full-url=\"https:\/\/enolife.com.ar\/es\/wp-content\/uploads\/2020\/01\/reina-junin.jpeg\" data-link=\"https:\/\/enolife.com.ar\/es\/habemus-cuatro-reinas\/reina-junin\/\" class=\"wp-image-6642\" srcset=\"https:\/\/enolife.com.ar\/es\/wp-content\/uploads\/2020\/01\/reina-junin.jpeg 682w, https:\/\/enolife.com.ar\/es\/wp-content\/uploads\/2020\/01\/reina-junin-200x300.jpeg 200w, https:\/\/enolife.com.ar\/es\/wp-content\/uploads\/2020\/01\/reina-junin-585x878.jpeg 585w\" sizes=\"auto, (max-width: 682px) 100vw, 682px\" \/><figcaption class=\"blocks-gallery-item__caption\"> <strong>Melisa Estefan\u00eda Sim\u00f3n<\/strong>, reina de Jun\u00edn. <\/figcaption><\/figure><\/li><li class=\"blocks-gallery-item\"><figure><img loading=\"lazy\" decoding=\"async\" width=\"682\" height=\"1024\" src=\"https:\/\/enolife.com.ar\/es\/wp-content\/uploads\/2020\/01\/virreina-junin.jpeg\" alt=\"\" data-id=\"6641\" data-full-url=\"https:\/\/enolife.com.ar\/es\/wp-content\/uploads\/2020\/01\/virreina-junin.jpeg\" data-link=\"https:\/\/enolife.com.ar\/es\/habemus-cuatro-reinas\/virreina-junin\/\" class=\"wp-image-6641\" srcset=\"https:\/\/enolife.com.ar\/es\/wp-content\/uploads\/2020\/01\/virreina-junin.jpeg 682w, https:\/\/enolife.com.ar\/es\/wp-content\/uploads\/2020\/01\/virreina-junin-200x300.jpeg 200w, https:\/\/enolife.com.ar\/es\/wp-content\/uploads\/2020\/01\/virreina-junin-585x878.jpeg 585w\" sizes=\"auto, (max-width: 682px) 100vw, 682px\" \/><figcaption class=\"blocks-gallery-item__caption\"> <strong>Candela Sof\u00eda Magistretti<\/strong>, virreina de Junin.<\/figcaption><\/figure><\/li><\/ul><\/figure>\n\n\n\n<div style=\"height:20px\" aria-hidden=\"true\" class=\"wp-block-spacer\"><\/div>\n\n\n\n<ul class=\"wp-block-list\"><li>Fecha: 18\/01\/2020<\/li><li>Espect\u00e1culo:<strong> \u00abHermano de vides y de sue\u00f1os\u00bb<\/strong> bajo la direcci\u00f3n de Pedro Marabini y Omar Escales. Mostr\u00f3 a lo largo de sus&nbsp;cuadros c\u00f3mo el hombre de Jun\u00edn encuentra en sus manos, y a trav\u00e9s del tiempo, el significado de su existencia y el gran motivo para su transformaci\u00f3n. <\/li><li>Lugar:  Parque Recreativo Due\u00f1os del Sol. <\/li><li>Reina: <strong>Melisa Estefan\u00eda Sim\u00f3n, <\/strong>quien represent\u00f3 a Algarrobo Grande, 18 a\u00f1os.<\/li><li>Virreina: <strong>Candela Sof\u00eda Magistretti<\/strong>, quien tiene 21 y fue candidata por La Colonia. <\/li><\/ul>\n\n\n\n<div style=\"height:20px\" aria-hidden=\"true\" class=\"wp-block-spacer\"><\/div>\n\n\n\n<p class=\"has-medium-font-size\"><strong>Lavalle<\/strong><\/p>\n\n\n\n<div style=\"height:20px\" aria-hidden=\"true\" class=\"wp-block-spacer\"><\/div>\n\n\n\n<div class=\"wp-block-image\"><figure class=\"aligncenter size-large\"><img loading=\"lazy\" decoding=\"async\" width=\"644\" height=\"476\" src=\"https:\/\/enolife.com.ar\/es\/wp-content\/uploads\/2020\/02\/image-2.png\" alt=\"\" class=\"wp-image-7232\" srcset=\"https:\/\/enolife.com.ar\/es\/wp-content\/uploads\/2020\/02\/image-2.png 644w, https:\/\/enolife.com.ar\/es\/wp-content\/uploads\/2020\/02\/image-2-300x222.png 300w, https:\/\/enolife.com.ar\/es\/wp-content\/uploads\/2020\/02\/image-2-585x432.png 585w\" sizes=\"auto, (max-width: 644px) 100vw, 644px\" \/><figcaption><strong><em> Oriana Nadalini  y Giuliana Mal\u00e9n Heras, reina y virreina de Lavalle <\/em>.<\/strong><\/figcaption><\/figure><\/div>\n\n\n\n<div style=\"height:20px\" aria-hidden=\"true\" class=\"wp-block-spacer\"><\/div>\n\n\n\n<ul class=\"wp-block-list\"><li>Fecha: 25\/01\/2020<\/li><li>Espect\u00e1culo: \u00ab<strong>Cosecha del Encuentro\u00bb<\/strong>,  dirigido por&nbsp;Franco Ag\u00fcero, con unos 170 artistas en escena, con el objetivo de reflejar en forma genuina la realidad del departamento, mostr\u00e1ndolo como pujante y evidenciando c\u00f3mo su esp\u00edritu de trabajo y visi\u00f3n permanente lo sostienen.&nbsp; <\/li><li>Lugar: Predio verde del Polideportivo Municipal.<\/li><li>Reina:    <strong>Oriana Nadalini <\/strong> de 20 a\u00f1os y representante de&nbsp;El Chilcal. <\/li><li>Virreina:  <strong>Giuliana Mal\u00e9n Heras<\/strong>, de Costa de Araujo. <\/li><\/ul>\n\n\n\n<div style=\"height:20px\" aria-hidden=\"true\" class=\"wp-block-spacer\"><\/div>\n\n\n\n<p class=\"has-medium-font-size\"><strong>Tunuy\u00e1n<\/strong><\/p>\n\n\n\n<div style=\"height:20px\" aria-hidden=\"true\" class=\"wp-block-spacer\"><\/div>\n\n\n\n<figure class=\"wp-block-gallery columns-2 is-cropped wp-block-gallery-2 is-layout-flex wp-block-gallery-is-layout-flex\"><ul class=\"blocks-gallery-grid\"><li class=\"blocks-gallery-item\"><figure><img loading=\"lazy\" decoding=\"async\" width=\"486\" height=\"531\" src=\"https:\/\/enolife.com.ar\/es\/wp-content\/uploads\/2020\/02\/reina-tunuyan.jpg\" alt=\"\" data-id=\"7243\" data-link=\"https:\/\/enolife.com.ar\/es\/?attachment_id=7243\" class=\"wp-image-7243\" srcset=\"https:\/\/enolife.com.ar\/es\/wp-content\/uploads\/2020\/02\/reina-tunuyan.jpg 486w, https:\/\/enolife.com.ar\/es\/wp-content\/uploads\/2020\/02\/reina-tunuyan-275x300.jpg 275w\" sizes=\"auto, (max-width: 486px) 100vw, 486px\" \/><figcaption class=\"blocks-gallery-item__caption\">Mar\u00eda Eugenia Serrani, reina de Tunuy\u00e1n.<\/figcaption><\/figure><\/li><li class=\"blocks-gallery-item\"><figure><img loading=\"lazy\" decoding=\"async\" width=\"717\" height=\"855\" src=\"https:\/\/enolife.com.ar\/es\/wp-content\/uploads\/2020\/02\/virreina-tunuyan.jpg\" alt=\"\" data-id=\"7244\" data-full-url=\"https:\/\/enolife.com.ar\/es\/wp-content\/uploads\/2020\/02\/virreina-tunuyan.jpg\" data-link=\"https:\/\/enolife.com.ar\/es\/?attachment_id=7244\" class=\"wp-image-7244\" srcset=\"https:\/\/enolife.com.ar\/es\/wp-content\/uploads\/2020\/02\/virreina-tunuyan.jpg 717w, https:\/\/enolife.com.ar\/es\/wp-content\/uploads\/2020\/02\/virreina-tunuyan-252x300.jpg 252w, https:\/\/enolife.com.ar\/es\/wp-content\/uploads\/2020\/02\/virreina-tunuyan-585x698.jpg 585w\" sizes=\"auto, (max-width: 717px) 100vw, 717px\" \/><figcaption class=\"blocks-gallery-item__caption\">Melisa Calder\u00f3n, virreina de Tunuy\u00e1n.<\/figcaption><\/figure><\/li><\/ul><\/figure>\n\n\n\n<div style=\"height:20px\" aria-hidden=\"true\" class=\"wp-block-spacer\"><\/div>\n\n\n\n<ul class=\"wp-block-list\"><li>Fecha: 31\/01\/2020<\/li><li>Espect\u00e1culo:  \u201c<strong>Vendimia Esencia de Am\u00e9rica Latina<\/strong>\u201d fue el nombre de la fiesta, en la que brillaron&nbsp;800 actores, bailarines y m\u00fasicos;&nbsp;  dirigidao por Hugo Morales, tuvo como objetivo contar parte de la historia misma de la creaci\u00f3n del vino. <\/li><li>Lugar:  Anfiteatro municipal.&nbsp;<\/li><li>Reina:  <strong>Mar\u00eda Eugenia Serrani<\/strong>, de 21 a\u00f1os. Represent\u00f3 al distrito de Vista Flores y es estudiante de tercer a\u00f1o de Medicina. <\/li><li>Virreina:  <strong>Melisa Calder\u00f3n<\/strong>,&nbsp;de 19 a\u00f1os, representando a FM Frontera de Chilecito.<\/li><\/ul>\n\n\n\n<div style=\"height:20px\" aria-hidden=\"true\" class=\"wp-block-spacer\"><\/div>\n\n\n\n<p class=\"has-medium-font-size\"><strong>San Rafael<\/strong><\/p>\n\n\n\n<div style=\"height:20px\" aria-hidden=\"true\" class=\"wp-block-spacer\"><\/div>\n\n\n\n<div class=\"wp-block-image\"><figure class=\"aligncenter size-large\"><img loading=\"lazy\" decoding=\"async\" width=\"487\" height=\"467\" src=\"https:\/\/enolife.com.ar\/es\/wp-content\/uploads\/2020\/02\/image-3.png\" alt=\"\" class=\"wp-image-7234\" srcset=\"https:\/\/enolife.com.ar\/es\/wp-content\/uploads\/2020\/02\/image-3.png 487w, https:\/\/enolife.com.ar\/es\/wp-content\/uploads\/2020\/02\/image-3-300x288.png 300w\" sizes=\"auto, (max-width: 487px) 100vw, 487px\" \/><figcaption><strong><em> Marisel Vizca\u00edno, virreina de San Rafael y Juliana Miller, reina de San Rafael<\/em><\/strong>.<\/figcaption><\/figure><\/div>\n\n\n\n<div style=\"height:20px\" aria-hidden=\"true\" class=\"wp-block-spacer\"><\/div>\n\n\n\n<ul class=\"wp-block-list\"><li>Fecha: 1\/02\/2020<\/li><li>Espect\u00e1culo: <strong>\u00abSan Rafael, Creador de Sue\u00f1os\u00bb<\/strong>, dirigido por Alejandro Grigor, con el fin de reflejar el actual San Rafael pujante, en su total esplendor y desarrollo, con 130 artistas.<\/li><li>Lugar:  Anfiteatro Chacho Santa Cruz. <\/li><li>Reina:     <strong>Juliana Miller, <\/strong>representante de Ciudad, tiene 21 a\u00f1os  y est\u00e1 cursando el segundo &nbsp;a\u00f1o de Veterinaria. <\/li><li>Virreina: <strong>Marisel Vizca\u00edno; <\/strong>represent\u00f3 a Ca\u00f1ada Seca.&nbsp;Tiene 19 a\u00f1os, est\u00e1 en el ingreso a la carrera de Ciencias Econ\u00f3micas. <\/li><\/ul>\n\n\n\n<div style=\"height:20px\" aria-hidden=\"true\" class=\"wp-block-spacer\"><\/div>\n\n\n\n<p class=\"has-medium-font-size\"><strong>Godoy Cruz<\/strong><\/p>\n\n\n\n<div style=\"height:20px\" aria-hidden=\"true\" class=\"wp-block-spacer\"><\/div>\n\n\n\n<div class=\"wp-block-image\"><figure class=\"aligncenter\"><img decoding=\"async\" src=\"https:\/\/www.mdzol.com\/u\/fotografias\/m\/2020\/2\/2\/f1456x819-16276_186646_5050.jpeg\" alt=\"\"\/><figcaption><strong><em>  Sof\u00eda Leyes y Roc\u00edo Baz\u00e1n , reina y virreina de Godoy Cruz.<\/em><\/strong><\/figcaption><\/figure><\/div>\n\n\n\n<div style=\"height:20px\" aria-hidden=\"true\" class=\"wp-block-spacer\"><\/div>\n\n\n\n<ul class=\"wp-block-list\"><li>Fecha: 1\/02\/2020<\/li><li>Espect\u00e1culo: <strong>\u201cEsp\u00edritus de Vendimia\u00bb<\/strong>, a&nbsp;cargo de Alicia Casares con libreto escrito por Silvina Balmaceda. El tema central del show fue la recuperaci\u00f3n de la ex Bodega Arizu, con m\u00e1s de 170 artistas.<\/li><li>Lugar:  Parque San Vicente.&nbsp; <\/li><li>Reina: <strong>Sof\u00eda Leyes, <\/strong>de Villa Hip\u00f3dromo; tiene 19 a\u00f1os y estudia Relaciones Internacionales.  <\/li><li>Virreina:  <strong>Roc\u00edo Baz\u00e1n<\/strong>, de Barrio Trapiche, fue coronada como la virreina, de 22 a\u00f1os .<\/li><\/ul>\n\n\n\n<div style=\"height:20px\" aria-hidden=\"true\" class=\"wp-block-spacer\"><\/div>\n\n\n\n<p class=\"has-medium-font-size\"><strong>Rivadavia<\/strong><\/p>\n\n\n\n<div style=\"height:20px\" aria-hidden=\"true\" class=\"wp-block-spacer\"><\/div>\n\n\n\n<figure class=\"wp-block-gallery columns-2 is-cropped wp-block-gallery-3 is-layout-flex wp-block-gallery-is-layout-flex\"><ul class=\"blocks-gallery-grid\"><li class=\"blocks-gallery-item\"><figure><img loading=\"lazy\" decoding=\"async\" width=\"445\" height=\"477\" src=\"https:\/\/enolife.com.ar\/es\/wp-content\/uploads\/2020\/02\/reina-rivadavia.jpeg\" alt=\"\" data-id=\"7250\" data-link=\"https:\/\/enolife.com.ar\/es\/?attachment_id=7250\" class=\"wp-image-7250\" srcset=\"https:\/\/enolife.com.ar\/es\/wp-content\/uploads\/2020\/02\/reina-rivadavia.jpeg 445w, https:\/\/enolife.com.ar\/es\/wp-content\/uploads\/2020\/02\/reina-rivadavia-280x300.jpeg 280w\" sizes=\"auto, (max-width: 445px) 100vw, 445px\" \/><figcaption class=\"blocks-gallery-item__caption\"><em><strong>J\u00e9sica Bel\u00e9n Carchano, reina de Rivadavia.<\/strong><\/em><\/figcaption><\/figure><\/li><li class=\"blocks-gallery-item\"><figure><img loading=\"lazy\" decoding=\"async\" width=\"512\" height=\"535\" src=\"https:\/\/enolife.com.ar\/es\/wp-content\/uploads\/2020\/02\/virreina-rivadavia.jpg\" alt=\"\" data-id=\"7251\" data-full-url=\"https:\/\/enolife.com.ar\/es\/wp-content\/uploads\/2020\/02\/virreina-rivadavia.jpg\" data-link=\"https:\/\/enolife.com.ar\/es\/?attachment_id=7251\" class=\"wp-image-7251\" srcset=\"https:\/\/enolife.com.ar\/es\/wp-content\/uploads\/2020\/02\/virreina-rivadavia.jpg 512w, https:\/\/enolife.com.ar\/es\/wp-content\/uploads\/2020\/02\/virreina-rivadavia-287x300.jpg 287w\" sizes=\"auto, (max-width: 512px) 100vw, 512px\" \/><figcaption class=\"blocks-gallery-item__caption\"><em><strong>Florencia Devia, virreina de Rivadavia.<\/strong><\/em><\/figcaption><\/figure><\/li><\/ul><\/figure>\n\n\n\n<div style=\"height:20px\" aria-hidden=\"true\" class=\"wp-block-spacer\"><\/div>\n\n\n\n<ul class=\"wp-block-list\"><li>Fecha: 2\/02\/2020<\/li><li>Espect\u00e1culo: <strong>\u00abHistoria de mi Tierra\u00bb<\/strong>, el espect\u00e1culo dirigido por&nbsp;Ezequiel Gautier, con m\u00e1s de 250 artistas en escena,&nbsp;en la que el personaje central fue&nbsp;Rivadavia, departamento presentado como un carism\u00e1tico personaje. <\/li><li>Lugar: Predio del Complejo Deportivo Municipal.<\/li><li>Reina:   <strong>J\u00e9sica Bel\u00e9n Carchano,<\/strong> del distrito de<strong>&nbsp;La Libertad, t<\/strong>iene 24 a\u00f1os y estudia Profesorado.<\/li><li>Virreina:  <strong>Florencia Devia,<\/strong> quien represent\u00f3 al distrito&nbsp;de La Reducci\u00f3n.  Tiene 23 a\u00f1os y estudia Agente Sanitaria. <\/li><\/ul>\n","protected":false},"excerpt":{"rendered":"<p>Desde el comienzo del calendario de fiestas de la vendimia departamentales de la provincia de&hellip;<\/p>\n","protected":false},"author":3,"featured_media":7255,"comment_status":"open","ping_status":"open","sticky":false,"template":"","format":"standard","meta":{"footnotes":""},"categories":[34],"tags":[],"class_list":["post-7195","post","type-post","status-publish","format-standard","has-post-thumbnail","hentry","category-cultura1"],"_links":{"self":[{"href":"https:\/\/enolife.com.ar\/es\/wp-json\/wp\/v2\/posts\/7195","targetHints":{"allow":["GET"]}}],"collection":[{"href":"https:\/\/enolife.com.ar\/es\/wp-json\/wp\/v2\/posts"}],"about":[{"href":"https:\/\/enolife.com.ar\/es\/wp-json\/wp\/v2\/types\/post"}],"author":[{"embeddable":true,"href":"https:\/\/enolife.com.ar\/es\/wp-json\/wp\/v2\/users\/3"}],"replies":[{"embeddable":true,"href":"https:\/\/enolife.com.ar\/es\/wp-json\/wp\/v2\/comments?post=7195"}],"version-history":[{"count":0,"href":"https:\/\/enolife.com.ar\/es\/wp-json\/wp\/v2\/posts\/7195\/revisions"}],"wp:featuredmedia":[{"embeddable":true,"href":"https:\/\/enolife.com.ar\/es\/wp-json\/wp\/v2\/media\/7255"}],"wp:attachment":[{"href":"https:\/\/enolife.com.ar\/es\/wp-json\/wp\/v2\/media?parent=7195"}],"wp:term":[{"taxonomy":"category","embeddable":true,"href":"https:\/\/enolife.com.ar\/es\/wp-json\/wp\/v2\/categories?post=7195"},{"taxonomy":"post_tag","embeddable":true,"href":"https:\/\/enolife.com.ar\/es\/wp-json\/wp\/v2\/tags?post=7195"}],"curies":[{"name":"wp","href":"https:\/\/api.w.org\/{rel}","templated":true}]}}