{"id":71941,"date":"2022-08-17T02:18:45","date_gmt":"2022-08-17T02:18:45","guid":{"rendered":"http:\/\/enolife.com.ar\/es\/?p=71941"},"modified":"2022-08-18T19:54:23","modified_gmt":"2022-08-18T19:54:23","slug":"bodega-zuccardi-valle-de-uco-sera-escenario-de-la-final-del-concurso-nacional-de-poda-bahco","status":"publish","type":"post","link":"https:\/\/enolife.com.ar\/es\/bodega-zuccardi-valle-de-uco-sera-escenario-de-la-final-del-concurso-nacional-de-poda-bahco\/","title":{"rendered":"Bodega Zuccardi Valle de Uco ser\u00e1 escenario de la final del concurso nacional de poda Bahco"},"content":{"rendered":"\n<h4 class=\"wp-block-heading\"><em><strong>El s\u00e1bado 27\/8, la empresa multinacional fabricante de herramientas de mano, Bahco, llevar\u00e1 a cabo la final de la 10ma. edici\u00f3n del Concurso de Poda Sudamericano Profesional de Vid en la provincia de Mendoza. Ser\u00e1 en la Finca Canal Uco de Familia Zuccardi, en el departamento de San Carlos, Mendoza, Argentina. El podador m\u00e1s \u00abafilado\u00bb se llevar\u00e1 como premio un Smart TV Led y un kit de herramientas Bahco. Como en a\u00f1os anteriores, se invita a vecinos y turistas a presenciar la competencia. Los visitantes pueden concurrir en forma particular o con la excursi\u00f3n del Bus Vitivin\u00edcola, que ofrece traslado a la bodega a las 8 hs de ese d\u00eda, desayuno, almuerzo campestre y obsequio de un kit Bahco, con regreso a Mendoza Capital a las 18 hs, a $6.900 por persona.<\/strong><\/em><\/h4>\n\n\n\n<div style=\"height:20px\" aria-hidden=\"true\" class=\"wp-block-spacer\"><\/div>\n\n\n<a href=\"https:\/\/www.instagram.com\/vinventions.sudamerica\/\" aria-label=\"Banner_Subr_1700x500\"><img loading=\"lazy\" decoding=\"async\" src=\"https:\/\/enolife.com.ar\/es\/wp-content\/uploads\/2019\/07\/Banner_Subr_1700x500.gif\" alt=\"\"  width=\"1700\" height=\"501\"   \/><\/a>\n\n\n<div style=\"height:60px\" aria-hidden=\"true\" class=\"wp-block-spacer\"><\/div>\n\n\n\n<p>El ya tradicional <strong>Concurso Sudamericano de Poda de Vid Bahco <\/strong>celebrar\u00e1 el<strong> 27\/8 su gran final en Mendoza, en la Bodega Familia Zuccardi de Valle de Uco<\/strong> en su Finca Canal Uco, del Paraje Altamira, San Carlos, Mendoza.<\/p>\n\n\n\n<p>Participar\u00e1n expertos podadores de <strong>Per\u00fa, Chile, Uruguay y Argentina<\/strong>, de donde vendr\u00e1n desde <strong>Neuqu\u00e9n, La Rioja, Salta, San Juan<\/strong> y, por supuesto, de toda <strong>Mendoza<\/strong>.<\/p>\n\n\n\n<p>Los podadores finalistas dispondr\u00e1n de 30 minutos para demostrar sus habilidades en la finca ante un jurado compuesto por destacados profesionales del sector, quienes evaluar\u00e1n su destreza y velocidad al realizar los cortes. En esta oportunidad, adem\u00e1s, tendr\u00e1n la oportunidad de <strong>estrenar las nuevas tijeras de poda el\u00e9ctrica modelo BCL23 y BCL24<\/strong>, que ser\u00e1n presentadas ese d\u00eda, para su posterior lanzamiento y venta al p\u00fablico.<\/p>\n\n\n\n<div style=\"height:20px\" aria-hidden=\"true\" class=\"wp-block-spacer\"><\/div>\n\n\n\n<div class=\"wp-block-image\"><figure class=\"aligncenter size-large is-resized\"><img loading=\"lazy\" decoding=\"async\" src=\"https:\/\/enolife.com.ar\/es\/wp-content\/uploads\/2022\/08\/zuccardi-1024x576-1.jpg\" alt=\"\" class=\"wp-image-71984\" width=\"585\" height=\"343\"\/><figcaption><em><strong>Bodega Familia Zuccardi, San Carlos, Mendoza<\/strong><\/em><\/figcaption><\/figure><\/div>\n\n\n\n<div style=\"height:20px\" aria-hidden=\"true\" class=\"wp-block-spacer\"><\/div>\n\n\n\n<p class=\"has-background has-very-light-gray-background-color\"><strong>Los premios ser\u00e1n: <\/strong><\/p>\n\n\n\n<ul class=\"wp-block-list\"><li><strong>1er puesto: <\/strong>un Smart TV Led, la \u00abTijera dorada!, y un kit de herramientas de Bahco.<\/li><li><strong>2do y 3er puesto: <\/strong>kit de herramientas Bahco. <\/li><\/ul>\n\n\n\n<p>El concurso fue  declarado de inter\u00e9s tur\u00edstico y cultural en provincias como Salta, Neuqu\u00e9n y La Rioja, y de inter\u00e9s tur\u00edstico en Mendoza por el Emetur bajo la resoluci\u00f3n Nro. 134\/2022.<\/p>\n\n\n\n<p class=\"has-background has-very-light-gray-background-color\"><strong>Quienes deseen participar, pueden inscribirse a trav\u00e9s de Whatsapp, al n\u00famero: +54 9 11 6257-9063 o por correo a: <a href=\"mailto:eventos@bahco.com.ar\">eventos@bahco.com.ar<\/a><\/strong><\/p>\n\n\n\n<div style=\"height:20px\" aria-hidden=\"true\" class=\"wp-block-spacer\"><\/div>\n\n\n\n<p class=\"has-medium-font-size\"><strong>La propuesta del Bus Vitivin\u00edcola<\/strong><\/p>\n\n\n\n<p>El <strong>Bus Vitivin\u00edcola<\/strong> de Mendoza se suma a esta actividad ofreciendo un paquete a enoturistas, quienes podr\u00e1n ser testigos de un concurso que pone en valor el oficio de la poda, una tarea cultural en los vi\u00f1edos de car\u00e1cter milenario y fundamental para el ciclo de la vida de la vid. Adem\u00e1s, con la gu\u00eda de un podador profesional, los visitantes podr\u00e1n aprender las bases del uso correcto de la herramienta manual y las t\u00e9cnicas de poda. Se puede salir de ciudad de Mendoza o Luj\u00e1n de Cuyo y el precio de todo el recorrido, con desayuno, almuerzo y un kit de Bahco de regalo es de $6.900 por persona.<\/p>\n\n\n\n<div style=\"height:20px\" aria-hidden=\"true\" class=\"wp-block-spacer\"><\/div>\n\n\n\n<div class=\"wp-block-image\"><figure class=\"aligncenter size-large is-resized\"><img loading=\"lazy\" decoding=\"async\" src=\"https:\/\/enolife.com.ar\/es\/wp-content\/uploads\/2022\/08\/298100702_8772910996083269_8864730916112572206_n.jpg\" alt=\"\" class=\"wp-image-71986\" width=\"593\" height=\"336\" srcset=\"https:\/\/enolife.com.ar\/es\/wp-content\/uploads\/2022\/08\/298100702_8772910996083269_8864730916112572206_n.jpg 707w, https:\/\/enolife.com.ar\/es\/wp-content\/uploads\/2022\/08\/298100702_8772910996083269_8864730916112572206_n-300x170.jpg 300w, https:\/\/enolife.com.ar\/es\/wp-content\/uploads\/2022\/08\/298100702_8772910996083269_8864730916112572206_n-585x331.jpg 585w\" sizes=\"auto, (max-width: 593px) 100vw, 593px\" \/><figcaption><em><strong>Bus Vitivin\u00edcola<\/strong><\/em><\/figcaption><\/figure><\/div>\n\n\n\n<div style=\"height:20px\" aria-hidden=\"true\" class=\"wp-block-spacer\"><\/div>\n\n\n\n<p class=\"has-background has-very-light-gray-background-color\"><strong>Incluye<\/strong><\/p>\n\n\n\n<ul class=\"wp-block-list\"><li>Desayuno<\/li><li>Asistir  al Concurso Internacional de Poda Profesional en Vid,&nbsp; para&nbsp; observar a los podadores realizar esta tarea cultural en los vi\u00f1edos.<\/li><li>Cl\u00ednica de poda y kit exclusivo de podador Bahco compuesto por tijera, guantes y remera.<\/li><li>Almuerzo campestre en estaciones. <\/li><\/ul>\n\n\n\n<p class=\"has-background has-very-light-gray-background-color\"><strong>Traslados<\/strong><\/p>\n\n\n\n<ul class=\"wp-block-list\"><li><strong>Desde<\/strong> <strong>Ciudad de Mendoza:<\/strong> A las 8.00 h<strong>s&nbsp;<\/strong>desde el Hotel Park Hyatt \u2013Plaza Independencia sobre calle Chile y Sarmiento frente a Escudo Provincial.<\/li><li><strong>Desde Luj\u00e1n de Cuyo: <\/strong>A las 8.30 hs desde el<strong>&nbsp;<\/strong>Complejo Comercial Quick Point de calle Ar\u00e1oz y Acceso Sur (Ruta 40) en la vereda del Caf\u00e9 Bianco &amp; Nero.<\/li><li>Arribo a la Ciudad de Mendoza 18.30 hs.  <\/li><\/ul>\n\n\n\n<p class=\"has-background has-very-light-gray-background-color\"><strong>Para adquirir el paquete, enviar un mail a  <a href=\"mailto:info@busvitivinivola.com\">info@busvitivinivola.com<\/a> o&nbsp; trav\u00e9s al Whats App: +54 9 261 263 9439, o ingresando <a href=\"https:\/\/busvitivinicola.com\/tour\/concurso-de-poda-profesional-en-vid\/\">AQU\u00cd<\/a><\/strong><\/p>\n\n\n\n<p><strong>Para m\u00e1s informaci\u00f3n: <a href=\"http:\/\/www.busvitivinicola.com.ar\">www.busvitivinicola.com.ar<\/a><\/strong><\/p>\n\n\n\n<div style=\"height:61px\" aria-hidden=\"true\" class=\"wp-block-spacer\"><\/div>\n","protected":false},"excerpt":{"rendered":"<p>El s\u00e1bado 27\/8, la empresa multinacional fabricante de herramientas de mano, Bahco, llevar\u00e1 a cabo&hellip;<\/p>\n","protected":false},"author":3,"featured_media":71983,"comment_status":"open","ping_status":"open","sticky":false,"template":"","format":"standard","meta":{"footnotes":""},"categories":[47,11],"tags":[],"class_list":["post-71941","post","type-post","status-publish","format-standard","has-post-thumbnail","hentry","category-agenda","category-enoturismo"],"_links":{"self":[{"href":"https:\/\/enolife.com.ar\/es\/wp-json\/wp\/v2\/posts\/71941","targetHints":{"allow":["GET"]}}],"collection":[{"href":"https:\/\/enolife.com.ar\/es\/wp-json\/wp\/v2\/posts"}],"about":[{"href":"https:\/\/enolife.com.ar\/es\/wp-json\/wp\/v2\/types\/post"}],"author":[{"embeddable":true,"href":"https:\/\/enolife.com.ar\/es\/wp-json\/wp\/v2\/users\/3"}],"replies":[{"embeddable":true,"href":"https:\/\/enolife.com.ar\/es\/wp-json\/wp\/v2\/comments?post=71941"}],"version-history":[{"count":0,"href":"https:\/\/enolife.com.ar\/es\/wp-json\/wp\/v2\/posts\/71941\/revisions"}],"wp:featuredmedia":[{"embeddable":true,"href":"https:\/\/enolife.com.ar\/es\/wp-json\/wp\/v2\/media\/71983"}],"wp:attachment":[{"href":"https:\/\/enolife.com.ar\/es\/wp-json\/wp\/v2\/media?parent=71941"}],"wp:term":[{"taxonomy":"category","embeddable":true,"href":"https:\/\/enolife.com.ar\/es\/wp-json\/wp\/v2\/categories?post=71941"},{"taxonomy":"post_tag","embeddable":true,"href":"https:\/\/enolife.com.ar\/es\/wp-json\/wp\/v2\/tags?post=71941"}],"curies":[{"name":"wp","href":"https:\/\/api.w.org\/{rel}","templated":true}]}}