{"id":71647,"date":"2022-08-25T02:41:45","date_gmt":"2022-08-25T02:41:45","guid":{"rendered":"http:\/\/enolife.com.ar\/es\/?p=71647"},"modified":"2022-08-30T18:08:01","modified_gmt":"2022-08-30T18:08:01","slug":"vitivinicolas-cobraran-un-adicional-no-remunerativo-que-redondea-6-500-mensuales-por-4-meses","status":"publish","type":"post","link":"https:\/\/enolife.com.ar\/es\/vitivinicolas-cobraran-un-adicional-no-remunerativo-que-redondea-6-500-mensuales-por-4-meses\/","title":{"rendered":"Vitivin\u00edcolas cobrar\u00e1n un adicional no remunerativo que redondea $6.500 mensuales por 4 meses"},"content":{"rendered":"\n<h4 class=\"wp-block-heading\"><em><strong>El 11\/8 pasado, los representantes sindicales de la Federaci\u00f3n de Obreros y Empleados Vitivin\u00edcolas de Argentina (Foeva) y los miembros patronales de las c\u00e1maras empresarias (Bodegas de Argentina, Uni\u00f3n Vitivin\u00edcola Argentina, Centro de Vi\u00f1ateros y Bodegueros del Este, Acovi) firmaron un acuerdo que complementa lo estipulado en las paritarias del 14 de marzo de 2022, acerca de revisar los salarios \u00abcuando las remuneraciones concertadas resultaran afectadas por efectos de un proceso inflacionario superior al esperado\u00bb. As\u00ed, ambas partes convinieron agregar a los salarios sumas no remunerativas en octubre, noviembre, diciembre y enero de entre $1.500 y $6.500, de manera que en cada uno de esos meses se arribar\u00e1 a un adicional neto de $6.500.<\/strong><\/em><\/h4>\n\n\n\n<div style=\"height:30px\" aria-hidden=\"true\" class=\"wp-block-spacer\"><\/div>\n\n\n\n\n\n<div style=\"height:54px\" aria-hidden=\"true\" class=\"wp-block-spacer\"><\/div>\n\n\n\n<p>En marzo de este a\u00f1o, luego de una ardua negociaci\u00f3n que dur\u00f3 3 meses, la Federaci\u00f3n de Obreros y Empleados Vitivin\u00edcolas de Argentina (Foeva) acord\u00f3 con la patronal un aumento salarial del 57% para el sueldo b\u00e1sico de los obreros de vi\u00f1as y bodegas de todo el pa\u00eds, cifra que una vez blanqueados e incorporados los \u00edtems \u00abno remunerativos\u00bb, refrigerios y adicionales, llegar\u00e1 a un 65% al cabo de 11 meses.  <\/p>\n\n\n\n<p>En el mismo convenio se estableci\u00f3 la posibilidad de su revisi\u00f3n \u00abcuando las remuneraciones concertadas resultaran afectadas por efecto de un proceso inflacionario superior al esperado\u00bb, motivo por el cual, con el actual contexto inflacionario y su proyecci\u00f3n, las partes se reunieron para adecuar los n\u00fameros. As\u00ed, se fijaron nuevos valores para el per\u00edodo comprendido entre octubre de 2022 y enero de 2023, inclusive, conforme con el siguiente detalle:<\/p>\n\n\n\n<div style=\"height:20px\" aria-hidden=\"true\" class=\"wp-block-spacer\"><\/div>\n\n\n\n<div class=\"wp-block-image\"><figure class=\"aligncenter size-large is-resized\"><img loading=\"lazy\" decoding=\"async\" src=\"https:\/\/enolife.com.ar\/es\/wp-content\/uploads\/2022\/08\/image-12.png\" alt=\"\" class=\"wp-image-72928\" width=\"525\" height=\"277\" srcset=\"https:\/\/enolife.com.ar\/es\/wp-content\/uploads\/2022\/08\/image-12.png 882w, https:\/\/enolife.com.ar\/es\/wp-content\/uploads\/2022\/08\/image-12-300x159.png 300w, https:\/\/enolife.com.ar\/es\/wp-content\/uploads\/2022\/08\/image-12-768x406.png 768w, https:\/\/enolife.com.ar\/es\/wp-content\/uploads\/2022\/08\/image-12-585x309.png 585w\" sizes=\"auto, (max-width: 525px) 100vw, 525px\" \/><\/figure><\/div>\n\n\n\n<div class=\"wp-block-image\"><figure class=\"aligncenter size-large is-resized\"><img loading=\"lazy\" decoding=\"async\" src=\"https:\/\/enolife.com.ar\/es\/wp-content\/uploads\/2022\/08\/image-13.png\" alt=\"\" class=\"wp-image-72929\" width=\"532\" height=\"281\" srcset=\"https:\/\/enolife.com.ar\/es\/wp-content\/uploads\/2022\/08\/image-13.png 860w, https:\/\/enolife.com.ar\/es\/wp-content\/uploads\/2022\/08\/image-13-300x158.png 300w, https:\/\/enolife.com.ar\/es\/wp-content\/uploads\/2022\/08\/image-13-768x405.png 768w, https:\/\/enolife.com.ar\/es\/wp-content\/uploads\/2022\/08\/image-13-585x309.png 585w\" sizes=\"auto, (max-width: 532px) 100vw, 532px\" \/><\/figure><\/div>\n\n\n\n<div style=\"height:20px\" aria-hidden=\"true\" class=\"wp-block-spacer\"><\/div>\n\n\n\n<p>Al respecto, <strong>Mat\u00edas Manzanares, <\/strong>miembro paritario por la <strong>Asociaci\u00f3n de Vi\u00f1ateros de Mendoza<\/strong>, explic\u00f3 a <strong>Enolife<\/strong>: <em>\u00abLas escalas siguen siendo las mismas, con la misma forma de pago, el mismo porcentaje de aumento, todo igual, se sigue teniendo una parte remunerativa, otra no remunerativa y un refrigerio. Lo \u00fanico que se hace es agregar un monto fijo no remunerativo de $6.500, en algunos meses, en los que ya ten\u00edan un monto convenido en las paritarias de marzo, como noviembre, diciembre y enero; entonces, lo que se hizo fue agregar a esos meses un importe adicional que alcance los $6.500, por eso hay diferencia de importes cada mes. Eso es para operarios de bodega, en vi\u00f1a es exactamente igual, pero a esos montos hay que sacarles un 5%\u00bb.<\/em><\/p>\n\n\n\n<p>Manzanares agreg\u00f3: <em>\u00abLas c\u00e1maras entendimos r\u00e1pidamente la necesidad de los trabajadores, que la mano est\u00e1 complicada y que hay que colaborar para que no los consuma la inflaci\u00f3n\u00bb<\/em>. Y detall\u00f3 que, tambi\u00e9n para los productores existe una complicaci\u00f3n pero que de cualquier manera se hizo frente al aumento: \u00ab<em>Los productores que vendieron la uva en marzo lo hicieron a un precio fijo, y est\u00e1n empezando a cobrar los cheques reci\u00e9n ahora (en agosto); incluso hay quienes a\u00fan no cobraron, y a esos productores la inflaci\u00f3n se los comi\u00f3. Adem\u00e1s, si se analiza el precio del vino, no s\u00f3lo no se ha quedado con respecto a la inflaci\u00f3n sino que ha bajado unos pesitos, con lo cual al sector vi\u00f1atero se le est\u00e1 haciendo un poco complicado mejorar los sueldos\u00bb<\/em>.<\/p>\n\n\n\n<p>Despu\u00e9s del acuerdo, el <strong>Sindicato de Obreros y Empleados Vitivin\u00edcolas (Soeva) de Maip\u00fa, Mendoza,<\/strong> considerando que el refuerzo al salario acordado es insuficiente, public\u00f3 en Facebook que, a partir de una asamblea de delegados realizada el 18\/8, <em>\u00abse tom\u00f3 la decisi\u00f3n de solicitar a las empresas un bono de emergencia de $25.000 mensuales adicional a lo ya acordado por Foeva\u00bb.<\/em><\/p>\n\n\n\n<p class=\"has-background has-very-light-gray-background-color\"><strong>Operarios de bodega: Descargar <a href=\"https:\/\/enolife.com.ar\/es\/wp-content\/uploads\/2022\/08\/ACTA-ACUERDO-PARITARIO-REVISI\u00d3N-2022-BODEGA.pdf\">Acta acuerdo paritaria<\/a> y <a href=\"https:\/\/enolife.com.ar\/es\/wp-content\/uploads\/2022\/08\/ESCALA-SALARIAL-OPERARIOS-DE-BODEGA.pdf\">Escala salarial <\/a><\/strong><\/p>\n\n\n\n<p class=\"has-background has-very-light-gray-background-color\"><strong>Obreros de vi\u00f1a: Descargar <a href=\"https:\/\/enolife.com.ar\/es\/wp-content\/uploads\/2022\/08\/ACTA-ACUERDO-PARITARIO-REVISI\u00d3N-2022-VI\u00d1A.pdf\">Acta acuerdo paritaria<\/a> y <a href=\"https:\/\/enolife.com.ar\/es\/wp-content\/uploads\/2022\/08\/ESCALA-SALARIAL-OBREROS-DE-VI\u00d1A.pdf\">Escala salarial <\/a><\/strong><\/p>\n\n\n\n<div style=\"height:30px\" aria-hidden=\"true\" class=\"wp-block-spacer\"><\/div>\n","protected":false},"excerpt":{"rendered":"<p>El 11\/8 pasado, los representantes sindicales de la Federaci\u00f3n de Obreros y Empleados Vitivin\u00edcolas de&hellip;<\/p>\n","protected":false},"author":3,"featured_media":72905,"comment_status":"open","ping_status":"open","sticky":false,"template":"","format":"standard","meta":{"footnotes":""},"categories":[14],"tags":[],"class_list":["post-71647","post","type-post","status-publish","format-standard","has-post-thumbnail","hentry","category-news"],"_links":{"self":[{"href":"https:\/\/enolife.com.ar\/es\/wp-json\/wp\/v2\/posts\/71647","targetHints":{"allow":["GET"]}}],"collection":[{"href":"https:\/\/enolife.com.ar\/es\/wp-json\/wp\/v2\/posts"}],"about":[{"href":"https:\/\/enolife.com.ar\/es\/wp-json\/wp\/v2\/types\/post"}],"author":[{"embeddable":true,"href":"https:\/\/enolife.com.ar\/es\/wp-json\/wp\/v2\/users\/3"}],"replies":[{"embeddable":true,"href":"https:\/\/enolife.com.ar\/es\/wp-json\/wp\/v2\/comments?post=71647"}],"version-history":[{"count":0,"href":"https:\/\/enolife.com.ar\/es\/wp-json\/wp\/v2\/posts\/71647\/revisions"}],"wp:featuredmedia":[{"embeddable":true,"href":"https:\/\/enolife.com.ar\/es\/wp-json\/wp\/v2\/media\/72905"}],"wp:attachment":[{"href":"https:\/\/enolife.com.ar\/es\/wp-json\/wp\/v2\/media?parent=71647"}],"wp:term":[{"taxonomy":"category","embeddable":true,"href":"https:\/\/enolife.com.ar\/es\/wp-json\/wp\/v2\/categories?post=71647"},{"taxonomy":"post_tag","embeddable":true,"href":"https:\/\/enolife.com.ar\/es\/wp-json\/wp\/v2\/tags?post=71647"}],"curies":[{"name":"wp","href":"https:\/\/api.w.org\/{rel}","templated":true}]}}