{"id":71442,"date":"2022-08-08T14:57:32","date_gmt":"2022-08-08T14:57:32","guid":{"rendered":"http:\/\/enolife.com.ar\/es\/?p=71442"},"modified":"2022-08-10T14:17:49","modified_gmt":"2022-08-10T14:17:49","slug":"el-podador-mas-rapido-de-san-juan-se-llevo-la-tijera-del-campeon-y-un-kit-de-herramientas-de-bahco","status":"publish","type":"post","link":"https:\/\/enolife.com.ar\/es\/el-podador-mas-rapido-de-san-juan-se-llevo-la-tijera-del-campeon-y-un-kit-de-herramientas-de-bahco\/","title":{"rendered":"El podador m\u00e1s r\u00e1pido de San Juan se llev\u00f3 la tijera del campe\u00f3n y un kit de herramientas de Bahco"},"content":{"rendered":"\n<h4 class=\"wp-block-heading\"><em><strong>En el primer concurso de poda Bahco que se realiza en San Juan, 42 trabajadores de las vi\u00f1as demostraron su destreza en la tarea que garantiza la salud de la vi\u00f1a y la vendimia 2023, pero s\u00f3lo uno cosech\u00f3 el premio mayor, y adem\u00e1s clasific\u00f3 para la final del concurso en la bodega Familia Zuccardi el 27 de agosto pr\u00f3ximo.<\/strong><\/em><\/h4>\n\n\n\n<div style=\"height:28px\" aria-hidden=\"true\" class=\"wp-block-spacer\"><\/div>\n\n\n\n\n\n<div style=\"height:52px\" aria-hidden=\"true\" class=\"wp-block-spacer\"><\/div>\n\n\n\n<p><strong>Fueron 42 los participantes<\/strong> de esta primera edici\u00f3n en San Juan del ya tradicional <strong>Concurso de Poda Profesional de Vid <\/strong>que <strong>Bahco<\/strong> organiza en distintas provincias vitivin\u00edcolas de <strong>Argentina<\/strong>. En esta ocasi\u00f3n, el escenario fueron las vi\u00f1as de la <strong>Bodega Borbore<\/strong>, ubicada en el departamento <strong>San Mart\u00edn<\/strong> e integrante de la <strong>Ruta del Vino de San Juan.<\/strong><\/p>\n\n\n\n<div style=\"height:20px\" aria-hidden=\"true\" class=\"wp-block-spacer\"><\/div>\n\n\n\n<div class=\"wp-block-image\"><figure class=\"aligncenter size-large is-resized\"><img loading=\"lazy\" decoding=\"async\" src=\"https:\/\/enolife.com.ar\/es\/wp-content\/uploads\/2022\/08\/tutti.jpg\" alt=\"\" class=\"wp-image-71453\" width=\"540\" height=\"351\" srcset=\"https:\/\/enolife.com.ar\/es\/wp-content\/uploads\/2022\/08\/tutti.jpg 766w, https:\/\/enolife.com.ar\/es\/wp-content\/uploads\/2022\/08\/tutti-300x196.jpg 300w\" sizes=\"auto, (max-width: 540px) 100vw, 540px\" \/><figcaption><em><strong>Algunos de los participantes antes de salir a pistas<\/strong><\/em>.<\/figcaption><\/figure><\/div>\n\n\n\n<div style=\"height:20px\" aria-hidden=\"true\" class=\"wp-block-spacer\"><\/div>\n\n\n\n<p>Este certamen se lleva a cabo en todo el pa\u00eds desde hace diez a\u00f1os y es una idea original de Bahco, la empresa de origen europeo que fabrica tijeras de poda, serruchos y una variedad de herramientas de mano.<\/p>\n\n\n\n<div style=\"height:20px\" aria-hidden=\"true\" class=\"wp-block-spacer\"><\/div>\n\n\n\n<div class=\"wp-block-image\"><figure class=\"aligncenter size-large is-resized\"><img loading=\"lazy\" decoding=\"async\" src=\"https:\/\/enolife.com.ar\/es\/wp-content\/uploads\/2022\/08\/9e76200f5f5a8519bebe32ece67e5090_L.jpg\" alt=\"\" class=\"wp-image-71459\" width=\"551\" height=\"310\" srcset=\"https:\/\/enolife.com.ar\/es\/wp-content\/uploads\/2022\/08\/9e76200f5f5a8519bebe32ece67e5090_L.jpg 782w, https:\/\/enolife.com.ar\/es\/wp-content\/uploads\/2022\/08\/9e76200f5f5a8519bebe32ece67e5090_L-300x169.jpg 300w, https:\/\/enolife.com.ar\/es\/wp-content\/uploads\/2022\/08\/9e76200f5f5a8519bebe32ece67e5090_L-768x432.jpg 768w, https:\/\/enolife.com.ar\/es\/wp-content\/uploads\/2022\/08\/9e76200f5f5a8519bebe32ece67e5090_L-780x440.jpg 780w, https:\/\/enolife.com.ar\/es\/wp-content\/uploads\/2022\/08\/9e76200f5f5a8519bebe32ece67e5090_L-585x329.jpg 585w\" sizes=\"auto, (max-width: 551px) 100vw, 551px\" \/><figcaption><em><strong>\u00a1Podadores a podar!<\/strong><\/em><\/figcaption><\/figure><\/div>\n\n\n\n<div style=\"height:20px\" aria-hidden=\"true\" class=\"wp-block-spacer\"><\/div>\n\n\n\n<p>En esta ocasi\u00f3n, la fecha elegida fue el 6\/8, D\u00eda del Ingeniero Agr\u00f3nomo en Argentina. Cada participante tuvo 30 minutos para demostrar sus habilidades, ante un jurado conformado por los profesionales ingeniero agr\u00f3nomos <strong>Hugo Carmona Torres<\/strong>, vicepresidente de Instituto Nacional de Vitivinicultura (INV), <strong>Ramiro Casc\u00f3n<\/strong> y <strong>Beatriz Pugliese<\/strong>, quienes evaluaron destreza, velocidad, habilidades y conocimiento aplicado a las mejores y m\u00e1s adecuadas t\u00e9cnicas de corte.<\/p>\n\n\n\n<div style=\"height:20px\" aria-hidden=\"true\" class=\"wp-block-spacer\"><\/div>\n\n\n\n<div class=\"wp-block-image\"><figure class=\"aligncenter size-large is-resized\"><img loading=\"lazy\" decoding=\"async\" src=\"https:\/\/enolife.com.ar\/es\/wp-content\/uploads\/2022\/08\/8501c899-a16c-4a84-bad4-25cb10c3c616.jpg\" alt=\"\" class=\"wp-image-71454\" width=\"542\" height=\"407\" srcset=\"https:\/\/enolife.com.ar\/es\/wp-content\/uploads\/2022\/08\/8501c899-a16c-4a84-bad4-25cb10c3c616.jpg 666w, https:\/\/enolife.com.ar\/es\/wp-content\/uploads\/2022\/08\/8501c899-a16c-4a84-bad4-25cb10c3c616-300x225.jpg 300w, https:\/\/enolife.com.ar\/es\/wp-content\/uploads\/2022\/08\/8501c899-a16c-4a84-bad4-25cb10c3c616-585x439.jpg 585w\" sizes=\"auto, (max-width: 542px) 100vw, 542px\" \/><figcaption><em><strong>Ramiro Casc\u00f3n, Beatriz Pugliese y Hugo Carmona Torres evaluando la poda realizada<\/strong><\/em>.<\/figcaption><\/figure><\/div>\n\n\n\n<div style=\"height:20px\" aria-hidden=\"true\" class=\"wp-block-spacer\"><\/div>\n\n\n\n<p>Los ganadores de esta primera edici\u00f3n (foto principal) fueron: en primer lugar <strong>Diego Armando Soria,<\/strong> de Finca Gim\u00e9nez Larrinaga, seguido de <strong>\u00c1ngel David Mu\u00f1oz<\/strong>, de Finca Matus y <strong>Armando Miranda<\/strong>, de Bodega Borbore.<\/p>\n\n\n\n<div style=\"height:20px\" aria-hidden=\"true\" class=\"wp-block-spacer\"><\/div>\n\n\n\n<div class=\"wp-block-image\"><figure class=\"aligncenter size-large is-resized\"><img loading=\"lazy\" decoding=\"async\" src=\"https:\/\/enolife.com.ar\/es\/wp-content\/uploads\/2022\/08\/5a431148-1fc5-4c72-ae4d-377a0333f93e-1-1.jpg\" alt=\"\" class=\"wp-image-71457\" width=\"546\" height=\"473\" srcset=\"https:\/\/enolife.com.ar\/es\/wp-content\/uploads\/2022\/08\/5a431148-1fc5-4c72-ae4d-377a0333f93e-1-1.jpg 604w, https:\/\/enolife.com.ar\/es\/wp-content\/uploads\/2022\/08\/5a431148-1fc5-4c72-ae4d-377a0333f93e-1-1-300x260.jpg 300w, https:\/\/enolife.com.ar\/es\/wp-content\/uploads\/2022\/08\/5a431148-1fc5-4c72-ae4d-377a0333f93e-1-1-585x507.jpg 585w\" sizes=\"auto, (max-width: 546px) 100vw, 546px\" \/><figcaption><em><strong>Los 3 ganadores: \u00c1ngel David Mu\u00f1oz, Diego Armando Soria y Armando Miranda<\/strong><\/em><\/figcaption><\/figure><\/div>\n\n\n\n<div style=\"height:20px\" aria-hidden=\"true\" class=\"wp-block-spacer\"><\/div>\n\n\n\n<p class=\"has-medium-font-size\"><strong>Una tarea ancestral imprescindible para obtener buenas cosechas<\/strong><\/p>\n\n\n\n<p>Podar la vid es un trabajo milenario y fundamental en el cultivo, que se realiza antes de la primavera. De ello depende la subsiguiente vendimia, as\u00ed como la evoluci\u00f3n de la cepa a largo plazo.<\/p>\n\n\n\n<div style=\"height:20px\" aria-hidden=\"true\" class=\"wp-block-spacer\"><\/div>\n\n\n\n<div class=\"wp-block-image\"><figure class=\"aligncenter size-large is-resized\"><img loading=\"lazy\" decoding=\"async\" src=\"https:\/\/enolife.com.ar\/es\/wp-content\/uploads\/2022\/08\/7ccc9cad-1afb-44e6-bda0-5f8ad413b4a8.jpg\" alt=\"\" class=\"wp-image-71461\" width=\"528\" height=\"396\" srcset=\"https:\/\/enolife.com.ar\/es\/wp-content\/uploads\/2022\/08\/7ccc9cad-1afb-44e6-bda0-5f8ad413b4a8.jpg 666w, https:\/\/enolife.com.ar\/es\/wp-content\/uploads\/2022\/08\/7ccc9cad-1afb-44e6-bda0-5f8ad413b4a8-300x225.jpg 300w, https:\/\/enolife.com.ar\/es\/wp-content\/uploads\/2022\/08\/7ccc9cad-1afb-44e6-bda0-5f8ad413b4a8-585x439.jpg 585w\" sizes=\"auto, (max-width: 528px) 100vw, 528px\" \/><figcaption><em><strong>Uno de los concursantes concentrado en su tarea de poda<\/strong><\/em>.<\/figcaption><\/figure><\/div>\n\n\n\n<div style=\"height:20px\" aria-hidden=\"true\" class=\"wp-block-spacer\"><\/div>\n\n\n\n<p>Es una pr\u00e1ctica compleja y delicada en la que se deben considerar diversos factores. La t\u00e9cnica de la poda se transmite a trav\u00e9s de generaciones y de diversas capacitaciones. Se trata de un oficio noble en el que en las manos de cada podador definen el fruto de la vendimia, con esfuerzo, paciencia, sensibilidad y entrega.<\/p>\n\n\n\n<div style=\"height:40px\" aria-hidden=\"true\" class=\"wp-block-spacer\"><\/div>\n","protected":false},"excerpt":{"rendered":"<p>En el primer concurso de poda Bahco que se realiza en San Juan, 42 trabajadores&hellip;<\/p>\n","protected":false},"author":3,"featured_media":71463,"comment_status":"open","ping_status":"open","sticky":false,"template":"","format":"standard","meta":{"footnotes":""},"categories":[14],"tags":[],"class_list":["post-71442","post","type-post","status-publish","format-standard","has-post-thumbnail","hentry","category-news"],"_links":{"self":[{"href":"https:\/\/enolife.com.ar\/es\/wp-json\/wp\/v2\/posts\/71442","targetHints":{"allow":["GET"]}}],"collection":[{"href":"https:\/\/enolife.com.ar\/es\/wp-json\/wp\/v2\/posts"}],"about":[{"href":"https:\/\/enolife.com.ar\/es\/wp-json\/wp\/v2\/types\/post"}],"author":[{"embeddable":true,"href":"https:\/\/enolife.com.ar\/es\/wp-json\/wp\/v2\/users\/3"}],"replies":[{"embeddable":true,"href":"https:\/\/enolife.com.ar\/es\/wp-json\/wp\/v2\/comments?post=71442"}],"version-history":[{"count":0,"href":"https:\/\/enolife.com.ar\/es\/wp-json\/wp\/v2\/posts\/71442\/revisions"}],"wp:featuredmedia":[{"embeddable":true,"href":"https:\/\/enolife.com.ar\/es\/wp-json\/wp\/v2\/media\/71463"}],"wp:attachment":[{"href":"https:\/\/enolife.com.ar\/es\/wp-json\/wp\/v2\/media?parent=71442"}],"wp:term":[{"taxonomy":"category","embeddable":true,"href":"https:\/\/enolife.com.ar\/es\/wp-json\/wp\/v2\/categories?post=71442"},{"taxonomy":"post_tag","embeddable":true,"href":"https:\/\/enolife.com.ar\/es\/wp-json\/wp\/v2\/tags?post=71442"}],"curies":[{"name":"wp","href":"https:\/\/api.w.org\/{rel}","templated":true}]}}