{"id":71140,"date":"2022-08-04T15:00:32","date_gmt":"2022-08-04T15:00:32","guid":{"rendered":"http:\/\/enolife.com.ar\/es\/?p=71140"},"modified":"2022-08-05T22:43:21","modified_gmt":"2022-08-05T22:43:21","slug":"empresas-mendocinas-alertan-que-la-restriccion-a-importar-afecta-el-abastecimiento-a-la-poblacion","status":"publish","type":"post","link":"https:\/\/enolife.com.ar\/es\/empresas-mendocinas-alertan-que-la-restriccion-a-importar-afecta-el-abastecimiento-a-la-poblacion\/","title":{"rendered":"Empresas mendocinas alertan que la restricci\u00f3n a importar afecta el abastecimiento a la poblaci\u00f3n"},"content":{"rendered":"\n<h4 class=\"wp-block-heading\"><em><strong>La Mesa de la Producci\u00f3n y el Empleo de la provincia de Mendoza, integrada por las principales c\u00e1maras empresarias, entre ellas la Asociaci\u00f3n de Cooperativas Vitivin\u00edcolas de Argentina (Acovi), emiti\u00f3 el 2\/8\/22 un comunicado en el que manifiesta su preocupaci\u00f3n por las restricciones al acceso de divisas para importaciones. A continuaci\u00f3n, replicamos la publicaci\u00f3n. Los textos destacados son nuestros.<\/strong><\/em><\/h4>\n\n\n\n<div style=\"height:29px\" aria-hidden=\"true\" class=\"wp-block-spacer\"><\/div>\n\n\n<a href=\"http:\/\/www.quiminsa.com.ar\/\" aria-label=\"banner quiminsa b 1700&#215;500\"><img loading=\"lazy\" decoding=\"async\" src=\"https:\/\/enolife.com.ar\/es\/wp-content\/uploads\/2022\/04\/banner-quiminsa-b-1700x500-1.jpg\" alt=\"\"  srcset=\"https:\/\/enolife.com.ar\/es\/wp-content\/uploads\/2022\/04\/banner-quiminsa-b-1700x500-1.jpg 1700w, https:\/\/enolife.com.ar\/es\/wp-content\/uploads\/2022\/04\/banner-quiminsa-b-1700x500-1-300x88.jpg 300w, https:\/\/enolife.com.ar\/es\/wp-content\/uploads\/2022\/04\/banner-quiminsa-b-1700x500-1-1024x301.jpg 1024w, https:\/\/enolife.com.ar\/es\/wp-content\/uploads\/2022\/04\/banner-quiminsa-b-1700x500-1-768x226.jpg 768w, https:\/\/enolife.com.ar\/es\/wp-content\/uploads\/2022\/04\/banner-quiminsa-b-1700x500-1-1536x452.jpg 1536w, https:\/\/enolife.com.ar\/es\/wp-content\/uploads\/2022\/04\/banner-quiminsa-b-1700x500-1-1170x344.jpg 1170w, https:\/\/enolife.com.ar\/es\/wp-content\/uploads\/2022\/04\/banner-quiminsa-b-1700x500-1-585x172.jpg 585w\" sizes=\"auto, (max-width: 1700px) 100vw, 1700px\" width=\"1700\" height=\"500\"   \/><\/a>\n\n\n<div style=\"height:61px\" aria-hidden=\"true\" class=\"wp-block-spacer\"><\/div>\n\n\n\n<p><em>\u00abLas medidas del <strong>Banco Central de la Rep\u00fablica Argentina<\/strong> que restringieron el acceso a divisas para importaciones obligaron a las empresas a obtener financiaci\u00f3n previa para poder importar bienes de consumo, materias primas, bienes intermedios y bienes de capital.&nbsp;<strong>Los efectos ya est\u00e1n comenzando a sentirse, a impactar en las empresas, y en definitiva, en el abastecimiento a la poblaci\u00f3n.<\/strong><\/em><\/p>\n\n\n\n<p><em>\u00abSe trata de medidas globales que no discriminan ni analizan los procesos productivos, generando dificultades indeseadas en las empresas y la poblaci\u00f3n en general.<\/em><\/p>\n\n\n\n<p><em>\u00abLa cr\u00edtica condici\u00f3n financiera y crediticia de <strong>Argentina<\/strong> limita la posibilidad de obtener financiaci\u00f3n de proveedores del exterior, y en el caso que las empresas lleguen a obtenerlo, es a un costo elevad\u00edsimo. Esta medida impacta particularmente en las <strong>Pymes,<\/strong> ya que no tienen acceso a la financiaci\u00f3n internacional.&nbsp;<\/em><\/p>\n\n\n\n<div style=\"height:20px\" aria-hidden=\"true\" class=\"wp-block-spacer\"><\/div>\n\n\n\n<p class=\"has-background has-very-light-gray-background-color\"><strong>Sobre la Mesa de la Producci\u00f3n y el Empleo<\/strong><br><br>La <strong>Mesa de la Producci\u00f3n y el Empleo<\/strong> est\u00e1 integrada por: la Asociaci\u00f3n Cristiana de Dirigentes de Empresas (ACDE); Asociaci\u00f3n de Cooperativas Vitivin\u00edcolas de Mendoza (ACOVI); Asociaci\u00f3n de Ejecutivos de Mendoza (AEM); Consejo Empresario Mendocino (CEM); Federaci\u00f3n Econ\u00f3mica de Mendoza (FEM); Uni\u00f3n Comercial e Industrial de Mendoza (UCIM); Uni\u00f3n Industrial de Mendoza (UIM).&nbsp;<br><br>Su prop\u00f3sito declarado es <strong>visibilizar<\/strong> los principales temas que impactan en la econom\u00eda mendocina y son factores de crecimiento y desarrollo; <strong>propiciar<\/strong> \u00e1mbitos de consensos para el intercambio de ideas que se transformen en propuestas concretas en temas prioritarios y estrat\u00e9gicos para la provincia; <strong>contribuir<\/strong> desde cada una de nuestras instituciones a la recuperaci\u00f3n sostenible de nuestra econom\u00eda, especialmente considerando el contexto de pandemia en el que todav\u00eda nos encontramos; <strong>incidir<\/strong> en los organismos e instituciones de gobierno para que la voz del sector privado sea considerada en la agenda p\u00fablica.<\/p>\n\n\n\n<div style=\"height:20px\" aria-hidden=\"true\" class=\"wp-block-spacer\"><\/div>\n\n\n\n<p><em>\u00abLa dificultad para girar divisas genera ca\u00edda en los acuerdos con proveedores estrat\u00e9gicos y provoca un da\u00f1o reputacional muy importante. Es m\u00e1s, en algunos casos no se puede seguir importando ya que hay facturas pendientes que no se pueden pagar, con posibilidad de ejecuci\u00f3n de los seguros.<\/em><\/p>\n\n\n\n<p><em>\u00abA esto se suman las dificultades para obtener las autorizaciones para importar que se obtienen a trav\u00e9s del <strong>Sistema Integral de Monitoreo de Importaciones (SIMI).<\/strong><\/em><\/p>\n\n\n\n<div style=\"height:20px\" aria-hidden=\"true\" class=\"wp-block-spacer\"><\/div>\n\n\n\n<blockquote class=\"wp-block-quote is-layout-flow wp-block-quote-is-layout-flow\"><p>El conflicto de abastecimiento est\u00e1 comenzando a llegar a toda la cadena de valor de la producci\u00f3n, haciendo cada vez m\u00e1s complejas las operaciones en los diferentes sectores y rompiendo cadenas de producci\u00f3n estrat\u00e9gicas\u00bb. <\/p><cite>Comunicado de la Mesa de la Producci\u00f3n y el Empleo<\/cite><\/blockquote>\n\n\n\n<div style=\"height:20px\" aria-hidden=\"true\" class=\"wp-block-spacer\"><\/div>\n\n\n\n<p><em>Cada vez es m\u00e1s dif\u00edcil el acceso a maquinarias o repuestos para mantenimiento de maquinarias, insumos, fertilizantes, equipamiento para la industria y de los sectores de prestaci\u00f3n de servicios. A su vez, hay muchas empresas que son proveedoras de otras que producen bienes de consumo final, y que no pueden conseguir insumos clave. Incluso se producen inconvenientes al momento de pagar servicios vinculados a las exportaciones -tan necesarias para el ingreso de divisas al pa\u00eds- como es el caso de fletes, despachantes de aduana, entre otros.<\/em><\/p>\n\n\n\n<p><em>\u00abEste escenario amenaza con disminuir o incluso, en algunos casos extremos, paralizar las operaciones de empresas, da\u00f1ando a la econom\u00eda en su conjunto, pudiendo afectar el sostenimiento de los puestos de trabajo, la recaudaci\u00f3n impositiva, y deteriorar a\u00fan m\u00e1s los niveles de ingreso de la poblaci\u00f3n. Asimismo, la menor disponibilidad de bienes agregar\u00e1 una presi\u00f3n adicional sobre los precios, agravando el proceso inflacionario. A su vez, cada vez se complicar\u00e1&nbsp;m\u00e1s el abastecimiento de productos de consumo en el mercado argentino, afectando a\u00fan m\u00e1s a los ciudadanos en la disponibilidad de productos y servicios.<\/em><\/p>\n\n\n\n<p><em>\u00abEs importante poder atender en forma urgente las necesidades de las empresas a fin de garantizar la continuidad del proceso productivo, evitar complicaciones en las cadenas de valor, asegurar las exportaciones que permitir\u00e1n el ingreso de divisas al pa\u00edsy el abastecimiento del mercado para los consumidores argentinos.<\/em><\/p>\n\n\n\n<p><em>\u00abEn resumen, estas regulaciones provocan un efecto totalmente contrario al pretendido ya que terminan dificultando seriamente la producci\u00f3n y la exportaci\u00f3n, y la consecuente generaci\u00f3n de divisas. <strong>Por ello, instamos a las autoridades competentes a modificar o retrotraer las medidas adoptadas.<\/strong><\/em><\/p>\n\n\n\n<p><em>\u00abEs necesario y urgente generar un marco de estabilidad, de previsibilidad, para que las empresas puedan seguir produciendo con reglas claras y que se mantengan en el tiempo\u00bb.<\/em><\/p>\n\n\n\n<div style=\"height:20px\" aria-hidden=\"true\" class=\"wp-block-spacer\"><\/div>\n\n\n\n<p class=\"has-small-font-size\"><strong><em>Firman el comunicado: Sergio Martini (presidente de ACDE), Eduardo Sancho (presidente de Acovi), Andr\u00e9s Zavattieri (presidente de AEM), Eduardo Pulenta (presidente de CEM), Alfredo Cecchi (presidente de FEM), Daniel Ariosto (presidente de UCIM) y Mat\u00edas D\u00edaz Telli (Presidente de UIM).<\/em><\/strong><\/p>\n\n\n\n<div style=\"height:39px\" aria-hidden=\"true\" class=\"wp-block-spacer\"><\/div>\n","protected":false},"excerpt":{"rendered":"<p>La Mesa de la Producci\u00f3n y el Empleo de la provincia de Mendoza, integrada por&hellip;<\/p>\n","protected":false},"author":5,"featured_media":71151,"comment_status":"open","ping_status":"open","sticky":false,"template":"","format":"standard","meta":{"footnotes":""},"categories":[9],"tags":[],"class_list":["post-71140","post","type-post","status-publish","format-standard","has-post-thumbnail","hentry","category-negocios"],"_links":{"self":[{"href":"https:\/\/enolife.com.ar\/es\/wp-json\/wp\/v2\/posts\/71140","targetHints":{"allow":["GET"]}}],"collection":[{"href":"https:\/\/enolife.com.ar\/es\/wp-json\/wp\/v2\/posts"}],"about":[{"href":"https:\/\/enolife.com.ar\/es\/wp-json\/wp\/v2\/types\/post"}],"author":[{"embeddable":true,"href":"https:\/\/enolife.com.ar\/es\/wp-json\/wp\/v2\/users\/5"}],"replies":[{"embeddable":true,"href":"https:\/\/enolife.com.ar\/es\/wp-json\/wp\/v2\/comments?post=71140"}],"version-history":[{"count":0,"href":"https:\/\/enolife.com.ar\/es\/wp-json\/wp\/v2\/posts\/71140\/revisions"}],"wp:featuredmedia":[{"embeddable":true,"href":"https:\/\/enolife.com.ar\/es\/wp-json\/wp\/v2\/media\/71151"}],"wp:attachment":[{"href":"https:\/\/enolife.com.ar\/es\/wp-json\/wp\/v2\/media?parent=71140"}],"wp:term":[{"taxonomy":"category","embeddable":true,"href":"https:\/\/enolife.com.ar\/es\/wp-json\/wp\/v2\/categories?post=71140"},{"taxonomy":"post_tag","embeddable":true,"href":"https:\/\/enolife.com.ar\/es\/wp-json\/wp\/v2\/tags?post=71140"}],"curies":[{"name":"wp","href":"https:\/\/api.w.org\/{rel}","templated":true}]}}