{"id":70984,"date":"2022-08-03T21:17:13","date_gmt":"2022-08-03T21:17:13","guid":{"rendered":"http:\/\/enolife.com.ar\/es\/?p=70984"},"modified":"2022-08-04T17:33:59","modified_gmt":"2022-08-04T17:33:59","slug":"brindis-degustaciones-y-asado-en-la-enoteca-para-celebrar-la-semana-del-bonarda","status":"publish","type":"post","link":"https:\/\/enolife.com.ar\/es\/brindis-degustaciones-y-asado-en-la-enoteca-para-celebrar-la-semana-del-bonarda\/","title":{"rendered":"Brindis, degustaciones y un asado en La Enoteca para festejar la Semana del Bonarda"},"content":{"rendered":"\n<h4 class=\"wp-block-heading\"><em><strong>Durante la Semana del Bonarda Argentino,\u00a0el centro tem\u00e1tico del vino de la Capital de Mendoza invita a diferentes charlas y degustaciones guiadas por profesionales, para conocer m\u00e1s sobre esta cepa insignia de la zona Este de la provincia. En cada encuentro se podr\u00e1n disfrutar diferentes etiquetas que permitir\u00e1n distinguir la versatilidad de este varietal. Quedan 3 actividades a realizarse los d\u00edas 3,4 y 5\/8. La compra de tickets se puede realizar por Eventbrite. <\/strong><\/em><\/h4>\n\n\n\n<div style=\"height:30px\" aria-hidden=\"true\" class=\"wp-block-spacer\"><\/div>\n\n\n<a href=\"https:\/\/enolife.com.ar\/es\/category\/vino\/\" aria-label=\"banner-el-vino-las-une\"><img loading=\"lazy\" decoding=\"async\" src=\"https:\/\/enolife.com.ar\/es\/wp-content\/uploads\/2021\/12\/banner-el-vino-las-une.gif\" alt=\"\"  width=\"1700\" height=\"500\"   \/><\/a>\n\n\n<div style=\"height:69px\" aria-hidden=\"true\" class=\"wp-block-spacer\"><\/div>\n\n\n\n<p>La Enoteca ser\u00e1 el centro de los festejos que el Fondo Vitivin\u00edcola ha preparado para celebrar la Semana del Bonarda. Cada d\u00eda, la agenda propone diferentes formas de acercarse a la historia del cepaje, sus combinaciones y la cultura que genera.<\/p>\n\n\n\n<div style=\"height:20px\" aria-hidden=\"true\" class=\"wp-block-spacer\"><\/div>\n\n\n\n<div style=\"height:20px\" aria-hidden=\"true\" class=\"wp-block-spacer\"><\/div>\n\n\n\n<p class=\"has-medium-font-size\"><strong>Brindis Bonarda<\/strong><\/p>\n\n\n\n<p><strong>Mi\u00e9rcoles 3\/8 &#8211; 19 hs:<\/strong> degustaciones de Joffre Expresi\u00f3n de Terroir Ros\u00e9 de Bodega Familia Joffr\u00e9, Smileline de Bodega Natcool, Tupac Reserva de Bodega Vi\u00f1a Alta y Alfil de Bodega Finca Los Dragones (San Juan). A cargo de la sommelier Alejandra Gil Posselman. Precio: $600, <\/p>\n\n\n\n<p class=\"has-background has-very-light-gray-background-color\"><strong>Entradas 3\/8 <\/strong><a href=\"https:\/\/www.eventbrite.com.ar\/e\/355203923497\"><strong>AQU\u00cd <\/strong><\/a><\/p>\n\n\n\n<div style=\"height:20px\" aria-hidden=\"true\" class=\"wp-block-spacer\"><\/div>\n\n\n\n<div class=\"wp-block-image\"><figure class=\"aligncenter is-resized\"><img loading=\"lazy\" decoding=\"async\" src=\"https:\/\/img.evbuc.com\/https%3A%2F%2Fcdn.evbuc.com%2Fimages%2F296127069%2F220949110526%2F1%2Foriginal.20220602-162312?w=600&amp;auto=format%2Ccompress&amp;q=75&amp;sharp=10&amp;rect=0%2C0%2C2160%2C1080&amp;s=24bb9b8ef44150acdb9e3bcbb6a89cb9\" alt=\"Ciclo Brindis BONARDA: mi\u00e9rcoles 3 de agosto\" width=\"552\" height=\"276\"\/><\/figure><\/div>\n\n\n\n<div style=\"height:20px\" aria-hidden=\"true\" class=\"wp-block-spacer\"><\/div>\n\n\n\n<p><strong>Jueves 4\/8 &#8211; 19 hs: <\/strong>degustaciones de Peque\u00f1os Ensayos de Ravera Wines, Caliche de Bodega Caliche, Pecne Te Gran Reserva de Bodega Pecne Te y Kamak de Bodega Perro Guardian (Catamarca). A cargo de la sommelier Marcia Sartor. Precio $600, <\/p>\n\n\n\n<p class=\"has-background has-very-light-gray-background-color\"><strong>Entradas 4\/8 <a href=\"https:\/\/www.eventbrite.com.ar\/e\/355206551357\">AQU\u00cd <\/a><\/strong><\/p>\n\n\n\n<div style=\"height:20px\" aria-hidden=\"true\" class=\"wp-block-spacer\"><\/div>\n\n\n\n<p class=\"has-medium-font-size\"><strong>Encuentro Especial Bonarda &amp; Brasas<\/strong><\/p>\n\n\n\n<p>Viernes 5\/8 &#8211; 21 a 23 hs:  Encuentro especial Bonarda &amp; Brasas. Vino y asado forman una pareja para muchos ideal. Conceptos b\u00e1sicos de maridajes, los tipos que existen y c\u00f3mo combinar para disfrutar mejor de la comida y de los vinos. <\/p>\n\n\n\n<div style=\"height:20px\" aria-hidden=\"true\" class=\"wp-block-spacer\"><\/div>\n\n\n\n<div class=\"wp-block-image\"><figure class=\"aligncenter is-resized\"><img loading=\"lazy\" decoding=\"async\" src=\"https:\/\/img.evbuc.com\/https%3A%2F%2Fcdn.evbuc.com%2Fimages%2F296144409%2F220949110526%2F1%2Foriginal.20220602-171733?w=600&amp;auto=format%2Ccompress&amp;q=75&amp;sharp=10&amp;rect=0%2C0%2C2160%2C1080&amp;s=36f42114a29366f26889a4556b726b98\" alt=\"Encuentro especial: BONARDA &amp; BRASAS\" width=\"537\" height=\"269\"\/><\/figure><\/div>\n\n\n\n<div style=\"height:20px\" aria-hidden=\"true\" class=\"wp-block-spacer\"><\/div>\n\n\n\n<p>Un recorrido de puro placer que se pondr\u00e1 en pr\u00e1ctica con el maridaje de tres platos de carnes a las brasas maridados con tres Bonarda de diferentes bodegas.&nbsp; Como broche especial un postre ideal para maridar con un Bonarda no menos especial. Guiado por la sommelier Carolina San Mill\u00e1n.<\/p>\n\n\n\n<p>Participan las bodegas: Jean Rivier (San Rafael), Alambrado Wines, Familia Joffr\u00e9 y Familia Blanco.<\/p>\n\n\n\n<p class=\"has-background has-very-light-gray-background-color\">Precio: $1.800 socios de La Enoteca y $2.000 para los no socios, <strong>entrada <a href=\"https:\/\/www.eventbrite.com.ar\/e\/355214204247\">AQU\u00cd <\/a><\/strong><\/p>\n\n\n\n<div style=\"height:30px\" aria-hidden=\"true\" class=\"wp-block-spacer\"><\/div>\n","protected":false},"excerpt":{"rendered":"<p>Durante la Semana del Bonarda Argentino,\u00a0el centro tem\u00e1tico del vino de la Capital de Mendoza&hellip;<\/p>\n","protected":false},"author":3,"featured_media":71095,"comment_status":"open","ping_status":"open","sticky":false,"template":"","format":"standard","meta":{"footnotes":""},"categories":[47],"tags":[],"class_list":["post-70984","post","type-post","status-publish","format-standard","has-post-thumbnail","hentry","category-agenda"],"_links":{"self":[{"href":"https:\/\/enolife.com.ar\/es\/wp-json\/wp\/v2\/posts\/70984","targetHints":{"allow":["GET"]}}],"collection":[{"href":"https:\/\/enolife.com.ar\/es\/wp-json\/wp\/v2\/posts"}],"about":[{"href":"https:\/\/enolife.com.ar\/es\/wp-json\/wp\/v2\/types\/post"}],"author":[{"embeddable":true,"href":"https:\/\/enolife.com.ar\/es\/wp-json\/wp\/v2\/users\/3"}],"replies":[{"embeddable":true,"href":"https:\/\/enolife.com.ar\/es\/wp-json\/wp\/v2\/comments?post=70984"}],"version-history":[{"count":0,"href":"https:\/\/enolife.com.ar\/es\/wp-json\/wp\/v2\/posts\/70984\/revisions"}],"wp:featuredmedia":[{"embeddable":true,"href":"https:\/\/enolife.com.ar\/es\/wp-json\/wp\/v2\/media\/71095"}],"wp:attachment":[{"href":"https:\/\/enolife.com.ar\/es\/wp-json\/wp\/v2\/media?parent=70984"}],"wp:term":[{"taxonomy":"category","embeddable":true,"href":"https:\/\/enolife.com.ar\/es\/wp-json\/wp\/v2\/categories?post=70984"},{"taxonomy":"post_tag","embeddable":true,"href":"https:\/\/enolife.com.ar\/es\/wp-json\/wp\/v2\/tags?post=70984"}],"curies":[{"name":"wp","href":"https:\/\/api.w.org\/{rel}","templated":true}]}}