{"id":7076,"date":"2020-02-01T17:49:47","date_gmt":"2020-02-01T17:49:47","guid":{"rendered":"http:\/\/enolife.com.ar\/es\/?p=7076"},"modified":"2020-02-04T17:27:37","modified_gmt":"2020-02-04T17:27:37","slug":"80-familias-del-valle-de-uco-trabajan-en-forma-colectiva-para-producir-alimentos-sanos","status":"publish","type":"post","link":"https:\/\/enolife.com.ar\/es\/80-familias-del-valle-de-uco-trabajan-en-forma-colectiva-para-producir-alimentos-sanos\/","title":{"rendered":"80 familias del Valle de Uco trabajan en forma colectiva para producir alimentos sanos"},"content":{"rendered":"\n<h4 class=\"wp-block-heading\"><em><strong>Hace 19 a\u00f1os en San Carlos&nbsp;un grupo de mujeres que produc\u00edan alimentos sanos y de calidad entendi\u00f3 la importancia de unirse a otros productores que ten\u00edan el mismo objetivo. As\u00ed naci\u00f3 \u00abCrece desde el pie\u00bb,  una organizaci\u00f3n conformada por once grupos de trabajo&nbsp;que controlan toda la cadena productiva, desde la semilla hasta la comercializaci\u00f3n.<\/strong><\/em><\/h4>\n\n\n\n<div style=\"height:20px\" aria-hidden=\"true\" class=\"wp-block-spacer\"><\/div>\n\n\n\n<p>Integrada por ochenta familias del Valle de Uco esta organizaci\u00f3n produce alimentos sanos y de calidad, en forma colectiva y sin patr\u00f3n. Demostrando que existe otro modelo agr\u00edcola.<\/p>\n\n\n\n<div style=\"height:58px\" aria-hidden=\"true\" class=\"wp-block-spacer\"><\/div>\n\n\n\n<figure class=\"wp-block-embed-youtube wp-block-embed is-type-video is-provider-youtube wp-embed-aspect-16-9 wp-has-aspect-ratio\"><div class=\"wp-block-embed__wrapper\">\n<iframe loading=\"lazy\" title=\"Crece desde el pie\" width=\"1170\" height=\"658\" src=\"https:\/\/www.youtube.com\/embed\/RRwZWZ3m5X4?feature=oembed\" frameborder=\"0\" allow=\"accelerometer; autoplay; encrypted-media; gyroscope; picture-in-picture\" allowfullscreen><\/iframe>\n<\/div><\/figure>\n\n\n\n<div style=\"height:40px\" aria-hidden=\"true\" class=\"wp-block-spacer\"><\/div>\n\n\n\n<div class=\"wp-block-image\"><figure class=\"alignleft is-resized\"><img loading=\"lazy\" decoding=\"async\" src=\"https:\/\/scontent.fmdz2-1.fna.fbcdn.net\/v\/t31.0-8\/s960x960\/15325292_567169596824067_4853346055224997311_o.jpg?_nc_cat=107&amp;_nc_ohc=mscCA-usFJ4AX9LIChe&amp;_nc_ht=scontent.fmdz2-1.fna&amp;oh=9501535dc409020877568e6aa287d06d&amp;oe=5ED54541\" alt=\"No hay descripci\u00f3n de la foto disponible.\" width=\"192\" height=\"199\"\/><\/figure><\/div>\n\n\n\n<p class=\"has-background has-very-light-gray-background-color\">La organizaci\u00f3n, con base en San Carlos y Tunuy\u00e1n, creci\u00f3 en estos a\u00f1os. Tiene \u2013tal como la llaman\u2013&nbsp;una fabriquita donde elaboran conservas, salsas y dulces; una peque\u00f1a bodega donde producen vino, y el \u00faltimo logro, un local de venta ubicado en La Consulta, donde quien atiende le cuenta al consumidor qu\u00e9 manos cuidaron esas lechugas que comer\u00e1 o c\u00f3mo se hicieron esos duraznos en alm\u00edbar, qui\u00e9n los plant\u00f3 y c\u00f3mo los cultivaron libres de agroqu\u00edmicos. El resto de la producci\u00f3n&nbsp;la venden a trav\u00e9s de redes de comercio justo en Buenos Aires, C\u00f3rdoba, Neuqu\u00e9n y Mendoza, en este \u00faltimo caso, por intermedio del Almac\u00e9n Andante. &nbsp;  <a href=\"https:\/\/www.facebook.com\/almacen.andante\/\">https:\/\/www.facebook.com\/almacen.andante\/<\/a> <\/p>\n\n\n\n<div style=\"height:20px\" aria-hidden=\"true\" class=\"wp-block-spacer\"><\/div>\n\n\n\n<p>En \u00abCrece desde el Pie\u00bb no hay alguien que manda y otros que obedecen: hay un trabajo colectivo, un esfuerzo compartido. Alejandrina Zotelo (33), encargada de la comunicaci\u00f3n y elaboradora de vino, dice que aspiran a lograr una producci\u00f3n agroecol\u00f3gica y&nbsp;explica qu\u00e9 significa el concepto:&nbsp;diversidad de productos, asociaci\u00f3n de diferentes cultivos, no utilizaci\u00f3n de agroqu\u00edmicos y una mirada social, no s\u00f3lo al interior de la organizaci\u00f3n,&nbsp;sino tambi\u00e9n hacia afuera, porque entienden que consumir alimentos sanos es un derecho de la comunidad.<\/p>\n\n\n\n<div style=\"height:20px\" aria-hidden=\"true\" class=\"wp-block-spacer\"><\/div>\n\n\n\n<figure class=\"wp-block-gallery aligncenter columns-2 is-cropped wp-block-gallery-1 is-layout-flex wp-block-gallery-is-layout-flex\"><ul class=\"blocks-gallery-grid\"><li class=\"blocks-gallery-item\"><figure><img loading=\"lazy\" decoding=\"async\" width=\"960\" height=\"640\" src=\"https:\/\/enolife.com.ar\/es\/wp-content\/uploads\/2020\/02\/73524542_1233047196902967_6911878972393390080_o.jpg\" alt=\"\" data-id=\"7092\" data-link=\"https:\/\/enolife.com.ar\/es\/?attachment_id=7092\" class=\"wp-image-7092\" srcset=\"https:\/\/enolife.com.ar\/es\/wp-content\/uploads\/2020\/02\/73524542_1233047196902967_6911878972393390080_o.jpg 960w, https:\/\/enolife.com.ar\/es\/wp-content\/uploads\/2020\/02\/73524542_1233047196902967_6911878972393390080_o-300x200.jpg 300w, https:\/\/enolife.com.ar\/es\/wp-content\/uploads\/2020\/02\/73524542_1233047196902967_6911878972393390080_o-768x512.jpg 768w, https:\/\/enolife.com.ar\/es\/wp-content\/uploads\/2020\/02\/73524542_1233047196902967_6911878972393390080_o-585x390.jpg 585w\" sizes=\"auto, (max-width: 960px) 100vw, 960px\" \/><\/figure><\/li><li class=\"blocks-gallery-item\"><figure><img loading=\"lazy\" decoding=\"async\" width=\"960\" height=\"640\" src=\"https:\/\/enolife.com.ar\/es\/wp-content\/uploads\/2020\/02\/73533110_1233046536903033_572197185513324544_o.jpg\" alt=\"\" data-id=\"7094\" data-link=\"https:\/\/enolife.com.ar\/es\/?attachment_id=7094\" class=\"wp-image-7094\" srcset=\"https:\/\/enolife.com.ar\/es\/wp-content\/uploads\/2020\/02\/73533110_1233046536903033_572197185513324544_o.jpg 960w, https:\/\/enolife.com.ar\/es\/wp-content\/uploads\/2020\/02\/73533110_1233046536903033_572197185513324544_o-300x200.jpg 300w, https:\/\/enolife.com.ar\/es\/wp-content\/uploads\/2020\/02\/73533110_1233046536903033_572197185513324544_o-768x512.jpg 768w, https:\/\/enolife.com.ar\/es\/wp-content\/uploads\/2020\/02\/73533110_1233046536903033_572197185513324544_o-585x390.jpg 585w\" sizes=\"auto, (max-width: 960px) 100vw, 960px\" \/><\/figure><\/li><\/ul><\/figure>\n\n\n\n<div style=\"height:20px\" aria-hidden=\"true\" class=\"wp-block-spacer\"><\/div>\n\n\n\n<p class=\"has-medium-font-size\"><strong>\u00c9poca de producci\u00f3n<\/strong><\/p>\n\n\n\n<div style=\"height:20px\" aria-hidden=\"true\" class=\"wp-block-spacer\"><\/div>\n\n\n\n<p>La f\u00e1brica est\u00e1 ubicada en el coraz\u00f3n del barrio La Amistad, de La Consulta donde se concret\u00f3 una pol\u00edtica p\u00fablica hecha a medida de las familias campesinas, porque no s\u00f3lo accedieron a una vivienda, sino tambi\u00e9n a una peque\u00f1a porci\u00f3n de tierra para cultivar.<\/p>\n\n\n\n<div style=\"height:20px\" aria-hidden=\"true\" class=\"wp-block-spacer\"><\/div>\n\n\n\n<figure class=\"wp-block-gallery columns-2 is-cropped wp-block-gallery-2 is-layout-flex wp-block-gallery-is-layout-flex\"><ul class=\"blocks-gallery-grid\"><li class=\"blocks-gallery-item\"><figure><img loading=\"lazy\" decoding=\"async\" width=\"960\" height=\"640\" src=\"https:\/\/enolife.com.ar\/es\/wp-content\/uploads\/2020\/02\/produccion.jpg\" alt=\"\" data-id=\"7102\" data-link=\"https:\/\/enolife.com.ar\/es\/?attachment_id=7102\" class=\"wp-image-7102\" srcset=\"https:\/\/enolife.com.ar\/es\/wp-content\/uploads\/2020\/02\/produccion.jpg 960w, https:\/\/enolife.com.ar\/es\/wp-content\/uploads\/2020\/02\/produccion-300x200.jpg 300w, https:\/\/enolife.com.ar\/es\/wp-content\/uploads\/2020\/02\/produccion-768x512.jpg 768w, https:\/\/enolife.com.ar\/es\/wp-content\/uploads\/2020\/02\/produccion-585x390.jpg 585w\" sizes=\"auto, (max-width: 960px) 100vw, 960px\" \/><\/figure><\/li><li class=\"blocks-gallery-item\"><figure><img loading=\"lazy\" decoding=\"async\" width=\"960\" height=\"640\" src=\"https:\/\/enolife.com.ar\/es\/wp-content\/uploads\/2020\/02\/produccion-1-1.jpg\" alt=\"\" data-id=\"7105\" data-link=\"https:\/\/enolife.com.ar\/es\/?attachment_id=7105\" class=\"wp-image-7105\" srcset=\"https:\/\/enolife.com.ar\/es\/wp-content\/uploads\/2020\/02\/produccion-1-1.jpg 960w, https:\/\/enolife.com.ar\/es\/wp-content\/uploads\/2020\/02\/produccion-1-1-300x200.jpg 300w, https:\/\/enolife.com.ar\/es\/wp-content\/uploads\/2020\/02\/produccion-1-1-768x512.jpg 768w, https:\/\/enolife.com.ar\/es\/wp-content\/uploads\/2020\/02\/produccion-1-1-585x390.jpg 585w\" sizes=\"auto, (max-width: 960px) 100vw, 960px\" \/><\/figure><\/li><\/ul><\/figure>\n\n\n\n<div style=\"height:20px\" aria-hidden=\"true\" class=\"wp-block-spacer\"><\/div>\n\n\n\n<blockquote class=\"wp-block-quote is-layout-flow wp-block-quote-is-layout-flow\"><p><strong>Sobre una de las paredes&nbsp;se destaca una bandera con el logo de la organizaci\u00f3n: un \u00e1rbol enorme en cuyas ramas est\u00e1n las manos que producen, los productos que elaboran, el sol, la tierra, el agua, todo los elementos que conforman la diversidad que los define.<\/strong><\/p><\/blockquote>\n\n\n\n<div style=\"height:20px\" aria-hidden=\"true\" class=\"wp-block-spacer\"><\/div>\n\n\n\n<p>Alicia Arenas (65) una de sus miembros, dice que aprendi\u00f3 mucho sobre la elaboraci\u00f3n sana de alimentos, que antes cre\u00eda \u2013como muchos consumidores\u2013&nbsp;que las mejores verduras y frutas eran esas hermosas por fuera, sin una manchita, pero ahora aprendi\u00f3 que para lograr esa perfecci\u00f3n utilizaron agroqu\u00edmicos durante el cultivo.<\/p>\n\n\n\n<div style=\"height:20px\" aria-hidden=\"true\" class=\"wp-block-spacer\"><\/div>\n\n\n\n<blockquote class=\"wp-block-quote is-layout-flow wp-block-quote-is-layout-flow\"><p><strong>&nbsp;Alicia  ingres\u00f3 a la organizaci\u00f3n con su esposo Julio Morales (76) hace diez a\u00f1os. La define como una gran familia, en la que se tratan bien, en la que existe mucha colaboraci\u00f3n&nbsp;y en la que cada mujer y var\u00f3n son&nbsp;importantes&nbsp;porque aportan un producto de calidad, elaborado sin agrot\u00f3xicos.<\/strong><\/p><\/blockquote>\n\n\n\n<div style=\"height:20px\" aria-hidden=\"true\" class=\"wp-block-spacer\"><\/div>\n\n\n\n<figure class=\"wp-block-gallery columns-2 is-cropped wp-block-gallery-3 is-layout-flex wp-block-gallery-is-layout-flex\"><ul class=\"blocks-gallery-grid\"><li class=\"blocks-gallery-item\"><figure><img loading=\"lazy\" decoding=\"async\" width=\"960\" height=\"640\" src=\"https:\/\/enolife.com.ar\/es\/wp-content\/uploads\/2020\/02\/30742237_814233952117629_2945011078607667200_o-5.jpg\" alt=\"\" data-id=\"7136\" data-link=\"https:\/\/enolife.com.ar\/es\/?attachment_id=7136\" class=\"wp-image-7136\" srcset=\"https:\/\/enolife.com.ar\/es\/wp-content\/uploads\/2020\/02\/30742237_814233952117629_2945011078607667200_o-5.jpg 960w, https:\/\/enolife.com.ar\/es\/wp-content\/uploads\/2020\/02\/30742237_814233952117629_2945011078607667200_o-5-300x200.jpg 300w, https:\/\/enolife.com.ar\/es\/wp-content\/uploads\/2020\/02\/30742237_814233952117629_2945011078607667200_o-5-768x512.jpg 768w, https:\/\/enolife.com.ar\/es\/wp-content\/uploads\/2020\/02\/30742237_814233952117629_2945011078607667200_o-5-585x390.jpg 585w\" sizes=\"auto, (max-width: 960px) 100vw, 960px\" \/><\/figure><\/li><li class=\"blocks-gallery-item\"><figure><img loading=\"lazy\" decoding=\"async\" width=\"720\" height=\"960\" src=\"https:\/\/enolife.com.ar\/es\/wp-content\/uploads\/2020\/02\/flores.jpg\" alt=\"\" data-id=\"7152\" data-full-url=\"https:\/\/enolife.com.ar\/es\/wp-content\/uploads\/2020\/02\/flores.jpg\" data-link=\"https:\/\/enolife.com.ar\/es\/?attachment_id=7152\" class=\"wp-image-7152\" srcset=\"https:\/\/enolife.com.ar\/es\/wp-content\/uploads\/2020\/02\/flores.jpg 720w, https:\/\/enolife.com.ar\/es\/wp-content\/uploads\/2020\/02\/flores-225x300.jpg 225w, https:\/\/enolife.com.ar\/es\/wp-content\/uploads\/2020\/02\/flores-585x780.jpg 585w\" sizes=\"auto, (max-width: 720px) 100vw, 720px\" \/><\/figure><\/li><\/ul><\/figure>\n\n\n\n<div style=\"height:20px\" aria-hidden=\"true\" class=\"wp-block-spacer\"><\/div>\n\n\n\n<p>Ahidees Quiroga (59) destaca el trabajo colectivo, dice que es muy distinto a sus anteriores empleos en una finca, donde hab\u00eda un patr\u00f3n. Ahora todo se decide en grupo y la opini\u00f3n de cada uno es importante.<\/p>\n\n\n\n<p>Mientras manipula la m\u00e1quina que tritura los duraznos, Maximiliano Rivamar (26), dice que es bueno tener la libertad de tomar decisiones sin que mande un patr\u00f3n. El joven cultiva verduras en un predio destinado para ese fin en el INTA&nbsp;de La Consulta, donde&nbsp;aprendi\u00f3 mucho, y forma parte del grupo que elabora el vino. Su aspiraci\u00f3n es tener un ingreso regular que le permita seguir viviendo donde le gusta y&nbsp;haciendo lo que le gusta.<\/p>\n\n\n\n<div style=\"height:20px\" aria-hidden=\"true\" class=\"wp-block-spacer\"><\/div>\n\n\n\n<p class=\"has-medium-font-size\"><strong>Trabajo colectivo<\/strong><\/p>\n\n\n\n<div style=\"height:20px\" aria-hidden=\"true\" class=\"wp-block-spacer\"><\/div>\n\n\n\n<p>Liliana Vilca (35), productora de conservas, explica qu\u00e9 significa eso de trabajo colectivo, autogestivo y sin patr\u00f3n. Cuenta que todo se decide en grupo,&nbsp;en una&nbsp;reuni\u00f3n anual y en las mensuales, donde determinan qu\u00e9 y cu\u00e1nto elaborar\u00e1n, a qui\u00e9n comprar\u00e1n materia prima cuando les falta, cu\u00e1nto se pagar\u00e1&nbsp;por la hora de trabajo&nbsp;y cu\u00e1nto le costar\u00e1 el producto al consumidor.<\/p>\n\n\n\n<div style=\"height:20px\" aria-hidden=\"true\" class=\"wp-block-spacer\"><\/div>\n\n\n\n<figure class=\"wp-block-gallery columns-2 is-cropped wp-block-gallery-4 is-layout-flex wp-block-gallery-is-layout-flex\"><ul class=\"blocks-gallery-grid\"><li class=\"blocks-gallery-item\"><figure><img loading=\"lazy\" decoding=\"async\" width=\"959\" height=\"540\" src=\"https:\/\/enolife.com.ar\/es\/wp-content\/uploads\/2020\/02\/81703035_1314149622126057_276957435619442688_o-3.jpg\" alt=\"\" data-id=\"7128\" data-link=\"https:\/\/enolife.com.ar\/es\/?attachment_id=7128\" class=\"wp-image-7128\" srcset=\"https:\/\/enolife.com.ar\/es\/wp-content\/uploads\/2020\/02\/81703035_1314149622126057_276957435619442688_o-3.jpg 959w, https:\/\/enolife.com.ar\/es\/wp-content\/uploads\/2020\/02\/81703035_1314149622126057_276957435619442688_o-3-300x169.jpg 300w, https:\/\/enolife.com.ar\/es\/wp-content\/uploads\/2020\/02\/81703035_1314149622126057_276957435619442688_o-3-768x432.jpg 768w, https:\/\/enolife.com.ar\/es\/wp-content\/uploads\/2020\/02\/81703035_1314149622126057_276957435619442688_o-3-585x329.jpg 585w\" sizes=\"auto, (max-width: 959px) 100vw, 959px\" \/><\/figure><\/li><li class=\"blocks-gallery-item\"><figure><img loading=\"lazy\" decoding=\"async\" width=\"960\" height=\"640\" src=\"https:\/\/enolife.com.ar\/es\/wp-content\/uploads\/2020\/02\/53843054_1052509191623436_1718548897690812416_o-2.jpg\" alt=\"\" data-id=\"7132\" data-full-url=\"https:\/\/enolife.com.ar\/es\/wp-content\/uploads\/2020\/02\/53843054_1052509191623436_1718548897690812416_o-2.jpg\" data-link=\"https:\/\/enolife.com.ar\/es\/?attachment_id=7132\" class=\"wp-image-7132\" srcset=\"https:\/\/enolife.com.ar\/es\/wp-content\/uploads\/2020\/02\/53843054_1052509191623436_1718548897690812416_o-2.jpg 960w, https:\/\/enolife.com.ar\/es\/wp-content\/uploads\/2020\/02\/53843054_1052509191623436_1718548897690812416_o-2-300x200.jpg 300w, https:\/\/enolife.com.ar\/es\/wp-content\/uploads\/2020\/02\/53843054_1052509191623436_1718548897690812416_o-2-768x512.jpg 768w, https:\/\/enolife.com.ar\/es\/wp-content\/uploads\/2020\/02\/53843054_1052509191623436_1718548897690812416_o-2-585x390.jpg 585w\" sizes=\"auto, (max-width: 960px) 100vw, 960px\" \/><\/figure><\/li><\/ul><\/figure>\n\n\n\n<div style=\"height:20px\" aria-hidden=\"true\" class=\"wp-block-spacer\"><\/div>\n\n\n\n<blockquote class=\"wp-block-quote is-layout-flow wp-block-quote-is-layout-flow\"><p><strong>Liliana dice que aprendieron \u2013y aprenden\u2013&nbsp;a tomar decisiones, ya que no es f\u00e1cil. Aunque todos los integrantes tienen en com\u00fan que producen un alimento sano, adem\u00e1s cumplen distintos roles en las organizaci\u00f3n: unos&nbsp;se encargan de las semillas que se plantar\u00e1n, otros y otras del trabajo de la huerta y los frutales, de&nbsp;la comercializaci\u00f3n,&nbsp;de la&nbsp;gesti\u00f3n de proyectos&nbsp;y de la comunicaci\u00f3n. Subraya que cada persona es importante&nbsp;porque contribuye&nbsp;al funcionamiento general.<\/strong><\/p><\/blockquote>\n\n\n\n<div style=\"height:20px\" aria-hidden=\"true\" class=\"wp-block-spacer\"><\/div>\n\n\n\n<p>Producir alimentos sanos, dice Liliana, tambi\u00e9n fue un aprendizaje, porque algunos cultivaban con la utilizaci\u00f3n de qu\u00edmicos&nbsp;y mutaron \u2013no sin esfuerzo\u2013&nbsp;a una producci\u00f3n 100 %&nbsp;natural. La mujer asegura que el modelo productivo que impulsan es la contracara del agronegocio. \u201cMostramos que se puede trabajar distinto y la gente lo est\u00e1 viendo. No somos cien locos haciendo cosas raras por amor al arte. No, nos mantenemos con esto, es productivo para nosotros, porque trabajar de esta manera nos hace bien, a diferencia de otro tipo de trabajo que es extractivista, donde hay explotaci\u00f3n\u201d, detalla. <\/p>\n\n\n\n<div style=\"height:22px\" aria-hidden=\"true\" class=\"wp-block-spacer\"><\/div>\n\n\n\n<p class=\"has-medium-font-size\"><strong>De la huerta al consumidor<\/strong><\/p>\n\n\n\n<div style=\"height:20px\" aria-hidden=\"true\" class=\"wp-block-spacer\"><\/div>\n\n\n\n<figure class=\"wp-block-gallery columns-2 is-cropped wp-block-gallery-5 is-layout-flex wp-block-gallery-is-layout-flex\"><ul class=\"blocks-gallery-grid\"><li class=\"blocks-gallery-item\"><figure><img loading=\"lazy\" decoding=\"async\" width=\"960\" height=\"640\" src=\"https:\/\/enolife.com.ar\/es\/wp-content\/uploads\/2020\/02\/74533376_1233046660236354_118944386208759808_o.jpg\" alt=\"\" data-id=\"7108\" class=\"wp-image-7108\" srcset=\"https:\/\/enolife.com.ar\/es\/wp-content\/uploads\/2020\/02\/74533376_1233046660236354_118944386208759808_o.jpg 960w, https:\/\/enolife.com.ar\/es\/wp-content\/uploads\/2020\/02\/74533376_1233046660236354_118944386208759808_o-300x200.jpg 300w, https:\/\/enolife.com.ar\/es\/wp-content\/uploads\/2020\/02\/74533376_1233046660236354_118944386208759808_o-768x512.jpg 768w, https:\/\/enolife.com.ar\/es\/wp-content\/uploads\/2020\/02\/74533376_1233046660236354_118944386208759808_o-585x390.jpg 585w\" sizes=\"auto, (max-width: 960px) 100vw, 960px\" \/><\/figure><\/li><li class=\"blocks-gallery-item\"><figure><img loading=\"lazy\" decoding=\"async\" width=\"960\" height=\"640\" src=\"https:\/\/enolife.com.ar\/es\/wp-content\/uploads\/2020\/02\/feria-1.jpg\" alt=\"\" data-id=\"7117\" data-full-url=\"https:\/\/enolife.com.ar\/es\/wp-content\/uploads\/2020\/02\/feria-1.jpg\" data-link=\"https:\/\/enolife.com.ar\/es\/?attachment_id=7117\" class=\"wp-image-7117\" srcset=\"https:\/\/enolife.com.ar\/es\/wp-content\/uploads\/2020\/02\/feria-1.jpg 960w, https:\/\/enolife.com.ar\/es\/wp-content\/uploads\/2020\/02\/feria-1-300x200.jpg 300w, https:\/\/enolife.com.ar\/es\/wp-content\/uploads\/2020\/02\/feria-1-768x512.jpg 768w, https:\/\/enolife.com.ar\/es\/wp-content\/uploads\/2020\/02\/feria-1-585x390.jpg 585w\" sizes=\"auto, (max-width: 960px) 100vw, 960px\" \/><\/figure><\/li><\/ul><\/figure>\n\n\n\n<div style=\"height:20px\" aria-hidden=\"true\" class=\"wp-block-spacer\"><\/div>\n\n\n\n<p>Julio Morales (76) es uno de los que aprendieron&nbsp;a producir alimentos sanos en su huerta, ubicada a pocos metros de su casa. Cuenta&nbsp;que toda la vida trabaj\u00f3 en la vi\u00f1a, pero que esa labor es muy distinta a la chacra, por lo que de a poco fue conociendo los secretos de cultivo de las verduras de estaci\u00f3n. En diciembre \u2013cuenta\u2013&nbsp;cay\u00f3 piedra, lo que afect\u00f3 a las plantas de tomate, pero en cambio las chauchas, los zapallitos y las lechugas crecieron sin problemas.<\/p>\n\n\n\n<div style=\"height:20px\" aria-hidden=\"true\" class=\"wp-block-spacer\"><\/div>\n\n\n\n<blockquote class=\"wp-block-quote is-layout-flow wp-block-quote-is-layout-flow\"><p><strong>Julio dice que integrar la organizaci\u00f3n es positivo, que son como una familia, que no hay conflictos&nbsp;sino trabajo y colaboraci\u00f3n, y un aprendizaje permanente.<\/strong><\/p><\/blockquote>\n\n\n\n<div style=\"height:20px\" aria-hidden=\"true\" class=\"wp-block-spacer\"><\/div>\n\n\n\n<figure class=\"wp-block-gallery columns-2 is-cropped wp-block-gallery-6 is-layout-flex wp-block-gallery-is-layout-flex\"><ul class=\"blocks-gallery-grid\"><li class=\"blocks-gallery-item\"><figure><img loading=\"lazy\" decoding=\"async\" width=\"960\" height=\"640\" src=\"https:\/\/enolife.com.ar\/es\/wp-content\/uploads\/2020\/02\/feria-2.jpg\" alt=\"\" data-id=\"7157\" data-link=\"https:\/\/enolife.com.ar\/es\/?attachment_id=7157\" class=\"wp-image-7157\" srcset=\"https:\/\/enolife.com.ar\/es\/wp-content\/uploads\/2020\/02\/feria-2.jpg 960w, https:\/\/enolife.com.ar\/es\/wp-content\/uploads\/2020\/02\/feria-2-300x200.jpg 300w, https:\/\/enolife.com.ar\/es\/wp-content\/uploads\/2020\/02\/feria-2-768x512.jpg 768w, https:\/\/enolife.com.ar\/es\/wp-content\/uploads\/2020\/02\/feria-2-585x390.jpg 585w\" sizes=\"auto, (max-width: 960px) 100vw, 960px\" \/><\/figure><\/li><li class=\"blocks-gallery-item\"><figure><img loading=\"lazy\" decoding=\"async\" width=\"960\" height=\"720\" src=\"https:\/\/enolife.com.ar\/es\/wp-content\/uploads\/2020\/02\/produccion-vino.jpg\" alt=\"\" data-id=\"7159\" data-full-url=\"https:\/\/enolife.com.ar\/es\/wp-content\/uploads\/2020\/02\/produccion-vino.jpg\" data-link=\"https:\/\/enolife.com.ar\/es\/?attachment_id=7159\" class=\"wp-image-7159\" srcset=\"https:\/\/enolife.com.ar\/es\/wp-content\/uploads\/2020\/02\/produccion-vino.jpg 960w, https:\/\/enolife.com.ar\/es\/wp-content\/uploads\/2020\/02\/produccion-vino-300x225.jpg 300w, https:\/\/enolife.com.ar\/es\/wp-content\/uploads\/2020\/02\/produccion-vino-768x576.jpg 768w, https:\/\/enolife.com.ar\/es\/wp-content\/uploads\/2020\/02\/produccion-vino-585x439.jpg 585w\" sizes=\"auto, (max-width: 960px) 100vw, 960px\" \/><\/figure><\/li><\/ul><\/figure>\n\n\n\n<div style=\"height:20px\" aria-hidden=\"true\" class=\"wp-block-spacer\"><\/div>\n\n\n\n<p>Las verduras que Julio y los otros huerteros&nbsp;cosechan&nbsp;a diario se venden en el local que la organizaci\u00f3n tiene en el centro de La Consulta, en calle Ej\u00e9rcito de Los Andes y Ricardo Bustos. Ah\u00ed, adem\u00e1s de esos alimentos frescos, est\u00e1n disponibles todos los productos que elaboran los otros grupos: conservas, dulces, jugos naturales, vino, miel, especies, deshidratados, huevos caseros.<\/p>\n\n\n\n<div style=\"height:20px\" aria-hidden=\"true\" class=\"wp-block-spacer\"><\/div>\n\n\n\n<blockquote class=\"wp-block-quote is-layout-flow wp-block-quote-is-layout-flow\"><p><strong>En una peque\u00f1a pizarra pegada al lado del mostrador, est\u00e1n los turnos de atenci\u00f3n del local&nbsp;que deben cumplir los integrantes;&nbsp;un trabajo que hacen en forma voluntaria&nbsp;porque decidieron donar&nbsp;esas horas, no cobrar por ellas. <\/strong><\/p><\/blockquote>\n\n\n\n<div style=\"height:20px\" aria-hidden=\"true\" class=\"wp-block-spacer\"><\/div>\n\n\n\n<p class=\"has-background has-luminous-vivid-amber-background-color\"><strong>Para contactar a Crecen desde el Pie:  <a href=\"https:\/\/www.facebook.com\/Crecedesdeelpie.MZA\/\">https:\/\/www.facebook.com\/Crecedesdeelpie.MZA\/<\/a> <\/strong><\/p>\n\n\n\n<div style=\"height:20px\" aria-hidden=\"true\" class=\"wp-block-spacer\"><\/div>\n\n\n\n<p class=\"has-small-font-size\"><strong><em>Fuente: Unidiversidad<\/em><\/strong><\/p>\n","protected":false},"excerpt":{"rendered":"<p>Hace 19 a\u00f1os en San Carlos&nbsp;un grupo de mujeres que produc\u00edan alimentos sanos y de&hellip;<\/p>\n","protected":false},"author":3,"featured_media":7163,"comment_status":"open","ping_status":"open","sticky":false,"template":"","format":"standard","meta":{"footnotes":""},"categories":[5],"tags":[],"class_list":["post-7076","post","type-post","status-publish","format-standard","has-post-thumbnail","hentry","category-fincas"],"_links":{"self":[{"href":"https:\/\/enolife.com.ar\/es\/wp-json\/wp\/v2\/posts\/7076","targetHints":{"allow":["GET"]}}],"collection":[{"href":"https:\/\/enolife.com.ar\/es\/wp-json\/wp\/v2\/posts"}],"about":[{"href":"https:\/\/enolife.com.ar\/es\/wp-json\/wp\/v2\/types\/post"}],"author":[{"embeddable":true,"href":"https:\/\/enolife.com.ar\/es\/wp-json\/wp\/v2\/users\/3"}],"replies":[{"embeddable":true,"href":"https:\/\/enolife.com.ar\/es\/wp-json\/wp\/v2\/comments?post=7076"}],"version-history":[{"count":0,"href":"https:\/\/enolife.com.ar\/es\/wp-json\/wp\/v2\/posts\/7076\/revisions"}],"wp:featuredmedia":[{"embeddable":true,"href":"https:\/\/enolife.com.ar\/es\/wp-json\/wp\/v2\/media\/7163"}],"wp:attachment":[{"href":"https:\/\/enolife.com.ar\/es\/wp-json\/wp\/v2\/media?parent=7076"}],"wp:term":[{"taxonomy":"category","embeddable":true,"href":"https:\/\/enolife.com.ar\/es\/wp-json\/wp\/v2\/categories?post=7076"},{"taxonomy":"post_tag","embeddable":true,"href":"https:\/\/enolife.com.ar\/es\/wp-json\/wp\/v2\/tags?post=7076"}],"curies":[{"name":"wp","href":"https:\/\/api.w.org\/{rel}","templated":true}]}}