{"id":70714,"date":"2022-07-30T16:55:29","date_gmt":"2022-07-30T16:55:29","guid":{"rendered":"http:\/\/enolife.com.ar\/es\/?p=70714"},"modified":"2022-08-04T16:16:09","modified_gmt":"2022-08-04T16:16:09","slug":"verallia-entrego-a-la-fundacion-notti-800-000-por-vidrios-reciclados-que-donaron-los-mendocinos","status":"publish","type":"post","link":"https:\/\/enolife.com.ar\/es\/verallia-entrego-a-la-fundacion-notti-800-000-por-vidrios-reciclados-que-donaron-los-mendocinos\/","title":{"rendered":"Verallia entreg\u00f3 a la Fundaci\u00f3n Notti $800.000 por vidrios reciclados que donaron los mendocinos"},"content":{"rendered":"\n<h4 class=\"wp-block-heading\"><em><strong>La acci\u00f3n ben\u00e9fica de la empresa que fabrica y comercializa envases de  vidrio para las industrias vitivin\u00edcola y oliv\u00edcola de Argentina, es el resultado del programa solidario \u00abVidrio, una acci\u00f3n transparente\u00bb, que funciona desde 2012 en Mendoza. El dinero donado el viernes 29 de julio se destinar\u00e1 a la obra del Centro de Hidroterapia para Rehabilitaci\u00f3n Infantil de la Fundaci\u00f3n del hospital materno infantil Humberto Notti, de Guaymall\u00e9n, Mendoza.<\/strong><\/em><\/h4>\n\n\n\n<div style=\"height:22px\" aria-hidden=\"true\" class=\"wp-block-spacer\"><\/div>\n\n\n<a href=\"https:\/\/ar.verallia.com\/\" aria-label=\"VERALLIA 1700 x 500\"><img loading=\"lazy\" decoding=\"async\" src=\"https:\/\/enolife.com.ar\/es\/wp-content\/uploads\/2021\/04\/VERALLIA-1700-x-500.jpg\" alt=\"\"  srcset=\"https:\/\/enolife.com.ar\/es\/wp-content\/uploads\/2021\/04\/VERALLIA-1700-x-500.jpg 1700w, https:\/\/enolife.com.ar\/es\/wp-content\/uploads\/2021\/04\/VERALLIA-1700-x-500-300x88.jpg 300w, https:\/\/enolife.com.ar\/es\/wp-content\/uploads\/2021\/04\/VERALLIA-1700-x-500-1024x301.jpg 1024w, https:\/\/enolife.com.ar\/es\/wp-content\/uploads\/2021\/04\/VERALLIA-1700-x-500-768x226.jpg 768w, https:\/\/enolife.com.ar\/es\/wp-content\/uploads\/2021\/04\/VERALLIA-1700-x-500-1536x452.jpg 1536w, https:\/\/enolife.com.ar\/es\/wp-content\/uploads\/2021\/04\/VERALLIA-1700-x-500-1170x344.jpg 1170w, https:\/\/enolife.com.ar\/es\/wp-content\/uploads\/2021\/04\/VERALLIA-1700-x-500-585x172.jpg 585w\" sizes=\"auto, (max-width: 1700px) 100vw, 1700px\" width=\"1700\" height=\"500\"   \/><\/a>\n\n\n<div style=\"height:58px\" aria-hidden=\"true\" class=\"wp-block-spacer\"><\/div>\n\n\n\n<p><strong>Verallia Argentina<\/strong> -empresa dedicada a la fabricaci\u00f3n y comercializaci\u00f3n de envases de vidrio para la industria del vino y el aceite de oliva- realiz\u00f3 el 29 de julio, en la sede de la Fundaci\u00f3n Notti, una nueva donaci\u00f3n que se destinar\u00e1 a la obra del Centro de Hidroterapia para Rehabilitaci\u00f3n Infantil que lleva adelante la Fundaci\u00f3n.<\/p>\n\n\n\n<p>Esta nueva donaci\u00f3n fue posible gracias al \u00e9xito del programa solidario de reciclado, \u00abVidrio, una acci\u00f3n transparente\u00bb, mediante el cual la empresa recolecta y recicla envases de vidrio en todo el Gran Mendoza.<\/p>\n\n\n\n<div style=\"height:20px\" aria-hidden=\"true\" class=\"wp-block-spacer\"><\/div>\n\n\n\n<h4 class=\"has-vivid-red-color has-text-color wp-block-heading\">En 14 meses, gracias a la solidaridad de los mendocinos, Verallia logr\u00f3 juntar en sus contenedores especiales 80.000 kilos de vidrio, que se transformaron en $800.000 donados al hospital materno infantil.<\/h4>\n\n\n\n<div style=\"height:20px\" aria-hidden=\"true\" class=\"wp-block-spacer\"><\/div>\n\n\n\n<p>Gracias a la colaboraci\u00f3n de los mendocinos y a su compromiso con el cuidado del ambiente en el \u00faltimo a\u00f1o -desde mayo de 2021 hasta principios de julio de 2022- se reunieron m\u00e1s de 80.000 kilos de vidrio en contenedores verdes distribuidos en toda la provincia, equivalentes a los $800.000 pesos que recibi\u00f3 la Fundaci\u00f3n Notti.<\/p>\n\n\n\n<div style=\"height:20px\" aria-hidden=\"true\" class=\"wp-block-spacer\"><\/div>\n\n\n\n<div class=\"wp-block-image\"><figure class=\"aligncenter size-large is-resized\"><img loading=\"lazy\" decoding=\"async\" src=\"https:\/\/enolife.com.ar\/es\/wp-content\/uploads\/2022\/07\/MG_0090.jpg\" alt=\"\" class=\"wp-image-70783\" width=\"569\" height=\"400\" srcset=\"https:\/\/enolife.com.ar\/es\/wp-content\/uploads\/2022\/07\/MG_0090.jpg 710w, https:\/\/enolife.com.ar\/es\/wp-content\/uploads\/2022\/07\/MG_0090-300x211.jpg 300w, https:\/\/enolife.com.ar\/es\/wp-content\/uploads\/2022\/07\/MG_0090-585x412.jpg 585w\" sizes=\"auto, (max-width: 569px) 100vw, 569px\" \/><figcaption><em><strong>Ricardo Sandro Zuppa y Jorge Ignacio P\u00e9rez de la Fundaci\u00f3n Hospital Notti y Walter Formica, de Verallia.<\/strong><\/em><\/figcaption><\/figure><\/div>\n\n\n\n<div style=\"height:20px\" aria-hidden=\"true\" class=\"wp-block-spacer\"><\/div>\n\n\n\n<p>En este 2022 -A\u00f1o Internacional del Vidrio- Verallia Argentina cumpli\u00f3 10 a\u00f1os con el programa de reciclado. Su acci\u00f3n se inscribe en una iniciativa a nivel mundial que busca resaltar el alto valor del vidrio como material \u00fatil a la humanidad y la importancia de su empleo dentro de un estilo de vida sustentable y saludable.<\/p>\n\n\n\n<div style=\"height:20px\" aria-hidden=\"true\" class=\"wp-block-spacer\"><\/div>\n\n\n\n<p class=\"has-background has-light-green-cyan-background-color\"><strong>C\u00f3mo funciona el programa \u00abVidrio una aci\u00f3n transparente\u00bb<\/strong><br><br>El programa \u201cVidrio, una acci\u00f3n transparente\u201d, comenz\u00f3 el 5 de junio de 2012 y lleva 10 a\u00f1os de trabajo ininterrumpido, creciendo de 2 a m\u00e1s de 40 contenedores para reciclar envases de vidrio. Consiste en la recolecci\u00f3n de vidrio en distintos puntos del Gran Mendoza en contenedores con forma de campana con el logo de Verallia. En ellos se pueden depositar frascos y botellas, que luego se convertir\u00e1n en botellas nuevas en los hornos de la empresa. El vidrio se recolecta durante todo el a\u00f1o; Verallia Argentina dona en dinero efectivo el equivalente al vidrio reciclado a la Fundaci\u00f3n Notti, la cual destina esta ayuda a la construcci\u00f3n de un Centro de Hidroterapia para Rehabilitaci\u00f3n Infantil.<\/p>\n\n\n\n<div style=\"height:20px\" aria-hidden=\"true\" class=\"wp-block-spacer\"><\/div>\n\n\n\n<p>A trav\u00e9s del prop\u00f3sito declarado de la empresa a nivel global: \u00ab<strong>Reimaginar el vidrio para un futuro sostenible\u00bb<\/strong>, Verallia Argentina promueve el desarrollo de una mayor conciencia ambiental en Mendoza, y tiene el objetivo de extender el programa de reciclado a todo el pa\u00eds.<\/p>\n\n\n\n<div style=\"height:20px\" aria-hidden=\"true\" class=\"wp-block-spacer\"><\/div>\n\n\n\n<h4 class=\"has-vivid-red-color has-text-color wp-block-heading\">\u00abReimaginar el vidrio para un futuro sostenible\u00bb, el lema y prop\u00f3sito de Verallia a nivel global.<\/h4>\n\n\n\n<div style=\"height:20px\" aria-hidden=\"true\" class=\"wp-block-spacer\"><\/div>\n\n\n\n<p>Con respecto a la exitosa iniciativa, Walter Formica, director general de Verallia Argentina, manifest\u00f3: \u00ab<em>Nos llena de alegr\u00eda que los mendocinos siguen siendo solidarios y aportando sus envases de vino en los distintos contenedores que tenemos<\/em>. <em>Todo esto es posible porque en un a\u00f1o se han recolectado muchos kilos de vidrio: desde el inicio de esta campa\u00f1a, en 2012, fueron casi 900.000 kilos de vidrio, y el total donado fue de $ 2.000.000&#8230; Esto le viene muy bien a la fundaci\u00f3n Notti porque est\u00e1n trabajando para terminar las piletas de rehabilitaci\u00f3n para los ni\u00f1os, por eso es que tenemos que incentivar cada vez mas la campa\u00f1a, porque cada botella significa dinero para la causa.<\/em><\/p>\n\n\n\n<div style=\"height:20px\" aria-hidden=\"true\" class=\"wp-block-spacer\"><\/div>\n\n\n\n<blockquote class=\"wp-block-quote is-layout-flow wp-block-quote-is-layout-flow\"><p>De la cantidad de botellas que recibimos, nosotros tomamos el costo de mercado del vidrio, como si lo compr\u00e1ramos, y ese dinero se lo donamos al Notti\u00bb.<\/p><cite>Walter Formica, director general de Verallia Argentina<\/cite><\/blockquote>\n\n\n\n<div style=\"height:20px\" aria-hidden=\"true\" class=\"wp-block-spacer\"><\/div>\n\n\n\n<p>Interesantes datos sobre la costumbre de reciclar en el pa\u00eds aport\u00f3 Formica: \u00ab<em>En Argentina, de toda la basura del pa\u00eds se recicla s\u00f3lo el 16% , por eso la cantidad de vidrio que se recolecta no es mucha, somos uno de los pa\u00edses que menos recicla en el mundo. No hay cultura de reciclado. Chile y Brasil recolectan mucho m\u00e1s que nosotros, y en Europa y EEUU hay f\u00e1bricas donde mas del 90% de la materia prima que utilizan proviene de vidrio reciclado.<\/em><\/p>\n\n\n\n<p><em>Hoy d\u00eda&nbsp;tenemos distribuidos 40 contenedores en toda Mendoza, y seguimos recibiendo pedidos de barrios, lugares de venta de vino, municipalidades, escuelas<\/em><strong> <\/strong>-ampli\u00f3 Formica-<em>; la campa\u00f1a nuestra est\u00e1 centrada en el Gran Mendoza y los puntos de reciclado se pueden encontrar en la p\u00e1gina web de verallia: <a href=\"http:\/\/www.ar.verallia.com\">www.ar.verallia.com<\/a>, donde dice \u00ab\u201cPuntos de reciclado\u00bb, con un mapa para que quienes quieran donar botellas sepan donde est\u00e1 el contenedor m\u00e1s cercano a su domicilio\u00bb.<\/em><\/p>\n\n\n\n<p>Finalmente, el director de Verallia anticip\u00f3: \u00ab<em>Tenemos pensado ampliar nuestra campa\u00f1a y sumar m\u00e1s actores&#8230; Bodegas o empresas que quieran sumarse son bienvenidas, cu\u00e1ntos mas contenedores pongamos, m\u00e1s colaboraci\u00f3n de la gente vamos a tener, cuanto m\u00e1s facilitemos la distancia de los contenedores con los vecinos, m\u00e1s donaciones vamos a recibir\u00bb.<\/em><\/p>\n\n\n\n<div style=\"height:20px\" aria-hidden=\"true\" class=\"wp-block-spacer\"><\/div>\n","protected":false},"excerpt":{"rendered":"<p>La acci\u00f3n ben\u00e9fica de la empresa que fabrica y comercializa envases de vidrio para las&hellip;<\/p>\n","protected":false},"author":3,"featured_media":70782,"comment_status":"open","ping_status":"open","sticky":false,"template":"","format":"standard","meta":{"footnotes":""},"categories":[14],"tags":[],"class_list":["post-70714","post","type-post","status-publish","format-standard","has-post-thumbnail","hentry","category-news"],"_links":{"self":[{"href":"https:\/\/enolife.com.ar\/es\/wp-json\/wp\/v2\/posts\/70714","targetHints":{"allow":["GET"]}}],"collection":[{"href":"https:\/\/enolife.com.ar\/es\/wp-json\/wp\/v2\/posts"}],"about":[{"href":"https:\/\/enolife.com.ar\/es\/wp-json\/wp\/v2\/types\/post"}],"author":[{"embeddable":true,"href":"https:\/\/enolife.com.ar\/es\/wp-json\/wp\/v2\/users\/3"}],"replies":[{"embeddable":true,"href":"https:\/\/enolife.com.ar\/es\/wp-json\/wp\/v2\/comments?post=70714"}],"version-history":[{"count":0,"href":"https:\/\/enolife.com.ar\/es\/wp-json\/wp\/v2\/posts\/70714\/revisions"}],"wp:featuredmedia":[{"embeddable":true,"href":"https:\/\/enolife.com.ar\/es\/wp-json\/wp\/v2\/media\/70782"}],"wp:attachment":[{"href":"https:\/\/enolife.com.ar\/es\/wp-json\/wp\/v2\/media?parent=70714"}],"wp:term":[{"taxonomy":"category","embeddable":true,"href":"https:\/\/enolife.com.ar\/es\/wp-json\/wp\/v2\/categories?post=70714"},{"taxonomy":"post_tag","embeddable":true,"href":"https:\/\/enolife.com.ar\/es\/wp-json\/wp\/v2\/tags?post=70714"}],"curies":[{"name":"wp","href":"https:\/\/api.w.org\/{rel}","templated":true}]}}