{"id":70533,"date":"2022-07-28T01:14:27","date_gmt":"2022-07-28T01:14:27","guid":{"rendered":"http:\/\/enolife.com.ar\/es\/?p=70533"},"modified":"2022-07-30T16:56:24","modified_gmt":"2022-07-30T16:56:24","slug":"una-degustacion-federal-vinos-de-autor-de-salta-cordoba-y-rio-negro-en-la-enoteca-de-mendoza","status":"publish","type":"post","link":"https:\/\/enolife.com.ar\/es\/una-degustacion-federal-vinos-de-autor-de-salta-cordoba-y-rio-negro-en-la-enoteca-de-mendoza\/","title":{"rendered":"Una degustaci\u00f3n federal: vinos de autor de Salta, C\u00f3rdoba y R\u00edo Negro en La Enoteca de Mendoza"},"content":{"rendered":"\n<h4 class=\"wp-block-heading\"><em><strong>El viernes 29\/7, a partir de las 20 hs, en La Enoteca de Mendoza se podr\u00e1n conocer y saborear vinos de diferentes terroirs argentinos, sus historias y trabajos enol\u00f3gicos, todo contado por sus propios creadores, presentes en la sala. Desde Cafayate a El Bols\u00f3n, pasando por el valle de Calamuchita y Colonia Caroya, los nuevos vinos argentinos suben a escena en una noche \u00abfederal\u00bb. Las entradas tienen un valor de $900 y se pueden adquirir a trav\u00e9s de Eventbrite.<\/strong><\/em><\/h4>\n\n\n\n<div style=\"height:65px\" aria-hidden=\"true\" class=\"wp-block-spacer\"><\/div>\n\n\n<a href=\"https:\/\/instagram.com\/labelsolutions?igshid=YmMyMTA2M2Y=\" aria-label=\"Banner Palero 1700&#215;500\"><img loading=\"lazy\" decoding=\"async\" src=\"https:\/\/enolife.com.ar\/es\/wp-content\/uploads\/2021\/09\/Banner-Palero-1700x500-1.gif\" alt=\"\"  width=\"1700\" height=\"500\"   \/><\/a>\n\n\n<div style=\"height:67px\" aria-hidden=\"true\" class=\"wp-block-spacer\"><\/div>\n\n\n\n<p>La Enoteca es el espacio de referencia en la Capital mendocina donde se puede conocer la historia de la vitivinicultura, asistir a charlas y cursos que suman conocimientos a en\u00f3filos y aficionados, y degustar vinos de todos los terroirs argentinos.<\/p>\n\n\n\n<div style=\"height:20px\" aria-hidden=\"true\" class=\"wp-block-spacer\"><\/div>\n\n\n\n<div class=\"wp-block-image\"><figure class=\"alignleft size-large is-resized\"><img loading=\"lazy\" decoding=\"async\" src=\"https:\/\/enolife.com.ar\/es\/wp-content\/uploads\/2022\/07\/294450486_2254618671365341_1517022942535639244_n-1.jpg\" alt=\"\" class=\"wp-image-70536\" width=\"288\" height=\"288\" srcset=\"https:\/\/enolife.com.ar\/es\/wp-content\/uploads\/2022\/07\/294450486_2254618671365341_1517022942535639244_n-1.jpg 526w, https:\/\/enolife.com.ar\/es\/wp-content\/uploads\/2022\/07\/294450486_2254618671365341_1517022942535639244_n-1-300x300.jpg 300w, https:\/\/enolife.com.ar\/es\/wp-content\/uploads\/2022\/07\/294450486_2254618671365341_1517022942535639244_n-1-150x150.jpg 150w\" sizes=\"auto, (max-width: 288px) 100vw, 288px\" \/><\/figure><\/div>\n\n\n\n<p>Este pr\u00f3ximo viernes 27\/7, a las 20 hs, de la mano de sus hacedores, se presentar\u00e1n vinos de Cafayate, Salta; de las localidades cordobesas de Calamuchita, Colonia Caroya y de la famosa y encantadora ciudad de El Bols\u00f3n perteneciente a la provincia de R\u00edo Negro, en un recorrido de \u00abVinos de Norte a Sur\u00bb.<br><\/p>\n\n\n\n<p class=\"has-background has-very-light-gray-background-color\"><strong>Fecha<\/strong>: Viernes 29\/7 a las 20 hs<br><strong>Lugar<\/strong>: La Enoteca, Peltier 611, Mendoza Ciudad.<br><strong>Entradas: <a href=\"https:\/\/www.eventbrite.com.ar\/e\/389736220527\">AQU\u00cd <\/a><\/strong><br><strong>Valor<\/strong>: $900<\/p>\n\n\n\n<div style=\"height:33px\" aria-hidden=\"true\" class=\"wp-block-spacer\"><\/div>\n\n\n\n<p class=\"has-medium-font-size\"><strong>Los vinos a degustar<\/strong><\/p>\n\n\n\n<p><strong>Salta, Cafayate: Sunal Il\u00f3gico Malbec 2019 y Sunal Il\u00f3gico Criolla 2020<\/strong> del en\u00f3logo Agust\u00edn Lan\u00fas, con uvas de altura de los valles calchaqu\u00edes de 2.100 a 2.400 msnm, donde las variaciones de temperatura son extremas con mayores niveles de radiaci\u00f3n solar y un largo per\u00edodo de maduraci\u00f3n que dan como resultado vinos altamente concentrados y complejos.<\/p>\n\n\n\n<p><strong>C\u00f3rdoba, Colonia Caroya &#8211; Vinos Patente X Gran Reserva 2018<\/strong>: elaborado por el en\u00f3logo Gabriel Campana, con uvas agroecol\u00f3gicas, est\u00e1 hecho por 3 familias vecinas caroyenses que definen su producto como \u00abvino de barrio\u00bb porque, como ellos mismos dicen \u00abnos gusta la idea de la comunidad y de la colaboraci\u00f3n entre vecinos\u00bb <\/p>\n\n\n\n<p><strong>C\u00f3rdoba, Calamuchita &#8211; Piensa Red Blend 2020<\/strong>: Un blend 50% cabernet sauvignon, 30% cabernet franc, 15% ancellotta y 5% isabella. Elaborado por el en\u00f3logo Alejandro L\u00f3pez, co fundador de la bodega, que define sus vinos como franceses con impronta argentina.<\/p>\n\n\n\n<p><strong>R\u00edo Negro, El Bols\u00f3n &#8211; Pinot Noir De Bernardi 2019<\/strong>: Con la bodega emplazada en la ladera del cerro Pilquitr\u00f3n, el vino del en\u00f3logo Camilo De Bernardi est\u00e1 posicionado entre los mejores Pinot Noirs&nbsp;del pa\u00eds, seg\u00fan lo indica el&nbsp;\u00faltimo reporte internacional del critico de vinos Tim&nbsp;Atkin, quien&nbsp;lo&nbsp;valor\u00f3 con&nbsp;el mayor puntaje para este varietal.<\/p>\n\n\n\n<div style=\"height:30px\" aria-hidden=\"true\" class=\"wp-block-spacer\"><\/div>\n\n\n\n<p class=\"has-small-font-size\"><strong><em>Foto principal de: soyvinicola.com<\/em><\/strong><\/p>\n\n\n\n<div style=\"height:35px\" aria-hidden=\"true\" class=\"wp-block-spacer\"><\/div>\n","protected":false},"excerpt":{"rendered":"<p>El viernes 29\/7, a partir de las 20 hs, en La Enoteca de Mendoza se&hellip;<\/p>\n","protected":false},"author":3,"featured_media":70586,"comment_status":"open","ping_status":"open","sticky":false,"template":"","format":"standard","meta":{"footnotes":""},"categories":[47],"tags":[],"class_list":["post-70533","post","type-post","status-publish","format-standard","has-post-thumbnail","hentry","category-agenda"],"_links":{"self":[{"href":"https:\/\/enolife.com.ar\/es\/wp-json\/wp\/v2\/posts\/70533","targetHints":{"allow":["GET"]}}],"collection":[{"href":"https:\/\/enolife.com.ar\/es\/wp-json\/wp\/v2\/posts"}],"about":[{"href":"https:\/\/enolife.com.ar\/es\/wp-json\/wp\/v2\/types\/post"}],"author":[{"embeddable":true,"href":"https:\/\/enolife.com.ar\/es\/wp-json\/wp\/v2\/users\/3"}],"replies":[{"embeddable":true,"href":"https:\/\/enolife.com.ar\/es\/wp-json\/wp\/v2\/comments?post=70533"}],"version-history":[{"count":0,"href":"https:\/\/enolife.com.ar\/es\/wp-json\/wp\/v2\/posts\/70533\/revisions"}],"wp:featuredmedia":[{"embeddable":true,"href":"https:\/\/enolife.com.ar\/es\/wp-json\/wp\/v2\/media\/70586"}],"wp:attachment":[{"href":"https:\/\/enolife.com.ar\/es\/wp-json\/wp\/v2\/media?parent=70533"}],"wp:term":[{"taxonomy":"category","embeddable":true,"href":"https:\/\/enolife.com.ar\/es\/wp-json\/wp\/v2\/categories?post=70533"},{"taxonomy":"post_tag","embeddable":true,"href":"https:\/\/enolife.com.ar\/es\/wp-json\/wp\/v2\/tags?post=70533"}],"curies":[{"name":"wp","href":"https:\/\/api.w.org\/{rel}","templated":true}]}}