{"id":70518,"date":"2022-07-29T00:31:12","date_gmt":"2022-07-29T00:31:12","guid":{"rendered":"http:\/\/enolife.com.ar\/es\/?p=70518"},"modified":"2022-08-02T15:18:35","modified_gmt":"2022-08-02T15:18:35","slug":"las-vinas-de-san-juan-nuevo-escenario-para-el-concurso-de-poda-de-bahco","status":"publish","type":"post","link":"https:\/\/enolife.com.ar\/es\/las-vinas-de-san-juan-nuevo-escenario-para-el-concurso-de-poda-de-bahco\/","title":{"rendered":"Las vi\u00f1as de San Juan, nuevo escenario para el concurso de poda de Bahco"},"content":{"rendered":"\n<h4 class=\"wp-block-heading\"><em><strong>Desde 2012, la empresa fabricante de herramientas de origen sueco organiza en distintas provincias vitivin\u00edcolas del pa\u00eds una original competencia que premia la habilidad de los podadores de vid. Este a\u00f1o, por primera vez se realizar\u00e1 en San Juan, el d\u00eda 6\/8 en la Bodega B\u00f3rbore. El ganador obtendr\u00e1, como en los a\u00f1os anteriores, la \u00abTijera del Campe\u00f3n\u00bb y un kit de herramientas. La participaci\u00f3n es gratuita, con inscripci\u00f3n previa.<\/strong><\/em><\/h4>\n\n\n\n<div style=\"height:20px\" aria-hidden=\"true\" class=\"wp-block-spacer\"><\/div>\n\n\n<a href=\"https:\/\/www.linkedin.com\/company\/agrinet-sa\/?originalSubdomain=ar\" aria-label=\"1700X500\"><img loading=\"lazy\" decoding=\"async\" src=\"https:\/\/enolife.com.ar\/es\/wp-content\/uploads\/2021\/11\/1700X500.gif\" alt=\"\"  width=\"1700\" height=\"500\"   \/><\/a>\n\n\n<div style=\"height:63px\" aria-hidden=\"true\" class=\"wp-block-spacer\"><\/div>\n\n\n\n<p>El concurso de poda profesional de vid organizado por Bahco, este a\u00f1o adem\u00e1s de tener una edici\u00f3n mendocina en fecha a confirmar a fines de agosto, se desarrollar\u00e1 el 6\/8 en la provincia de San Juan, en las vi\u00f1as de la Bodega B\u00f3rbore.<\/p>\n\n\n\n<p>Los podadores participantes dispondr\u00e1n de 30 minutos para demostrar sus habilidades,&nbsp;ante un jurado conformado por destacados profesionales de la vitivinicultura, quienes evaluar\u00e1n la destreza y velocidad de los concursantes, adem\u00e1s de las habilidades y conocimiento aplicado a las mejores y m\u00e1s adecuadas t\u00e9cnicas de corte. &nbsp;<\/p>\n\n\n\n<div style=\"height:20px\" aria-hidden=\"true\" class=\"wp-block-spacer\"><\/div>\n\n\n\n<div class=\"wp-block-image\"><figure class=\"alignleft size-large is-resized\"><img loading=\"lazy\" decoding=\"async\" src=\"https:\/\/enolife.com.ar\/es\/wp-content\/uploads\/2022\/07\/1dacddd5-d7b5-40d1-8cdb-48963d69a72e-1024x1024.jpg\" alt=\"\" class=\"wp-image-70521\" width=\"374\" height=\"374\" srcset=\"https:\/\/enolife.com.ar\/es\/wp-content\/uploads\/2022\/07\/1dacddd5-d7b5-40d1-8cdb-48963d69a72e-1024x1024.jpg 1024w, https:\/\/enolife.com.ar\/es\/wp-content\/uploads\/2022\/07\/1dacddd5-d7b5-40d1-8cdb-48963d69a72e-300x300.jpg 300w, https:\/\/enolife.com.ar\/es\/wp-content\/uploads\/2022\/07\/1dacddd5-d7b5-40d1-8cdb-48963d69a72e-150x150.jpg 150w, https:\/\/enolife.com.ar\/es\/wp-content\/uploads\/2022\/07\/1dacddd5-d7b5-40d1-8cdb-48963d69a72e-768x768.jpg 768w, https:\/\/enolife.com.ar\/es\/wp-content\/uploads\/2022\/07\/1dacddd5-d7b5-40d1-8cdb-48963d69a72e-1170x1170.jpg 1170w, https:\/\/enolife.com.ar\/es\/wp-content\/uploads\/2022\/07\/1dacddd5-d7b5-40d1-8cdb-48963d69a72e-585x585.jpg 585w, https:\/\/enolife.com.ar\/es\/wp-content\/uploads\/2022\/07\/1dacddd5-d7b5-40d1-8cdb-48963d69a72e.jpg 1280w\" sizes=\"auto, (max-width: 374px) 100vw, 374px\" \/><\/figure><\/div>\n\n\n\n<p><strong>Bodega anfitriona: B\u00f3rbore.<\/strong><br><strong>Lugar<\/strong>: Col\u00f3n S\/n, J5439, en el departamento de San Mart\u00edn, provincia de <strong>San Juan<\/strong>.<\/p>\n\n\n\n<p class=\"has-background has-very-light-gray-background-color\"><strong>Quienes deseen participar, pueden inscribirse a trav\u00e9s de:<\/strong><br><strong>Whatsapp, al n\u00famero: +549116257-9063 o por e mail a: <a href=\"mailto:eventos@bahco.com.ar\">eventos@bahco.com.ar<\/a> .<\/strong><\/p>\n\n\n\n<p>Esta competencia tuvo su origen en Mendoza hace una d\u00e9cada y en la actualidad forma parte de las tradiciones entre los podadores argentinos. El objetivo es reconocer la importancia de una poda esmerada y  la buena labor del podador, fomentando el perfeccionamiento de la profesi\u00f3n y alentando esos valores en las nuevas generaciones, en un esfuerzo por continuar un antiguo y altamente estimado legado. <\/p>\n\n\n\n<div style=\"height:20px\" aria-hidden=\"true\" class=\"wp-block-spacer\"><\/div>\n\n\n\n<p class=\"has-medium-font-size\"><strong>El arte de la poda<\/strong><\/p>\n\n\n\n<p>La poda es un trabajo milenario y fundamental en el cultivo, el cual se lleva a cabo antes de que la vid despierte de su invierno, y que consiste en cortar las ramas o ramificaciones para darle forma, vigor e incrementar la producci\u00f3n.<\/p>\n\n\n\n<p>Su importancia radica en que de ella depende la pr\u00f3xima y subsiguientes vendimias, as\u00ed como la evoluci\u00f3n de la cepa a largo plazo. Es una pr\u00e1ctica compleja y delicada en la que se deben considerar diversos factores.<\/p>\n\n\n\n<p>Es un arte que se transmite de una generaci\u00f3n a otra, un oficio noble y destacado que requiere de destreza y pasi\u00f3n. Por ello es que un podador puede considerarse como un artista, cuyas manos moldean y definen el fruto de la vendimia, con esfuerzo, paciencia, sensibilidad y entrega.<\/p>\n\n\n\n<div style=\"height:38px\" aria-hidden=\"true\" class=\"wp-block-spacer\"><\/div>\n","protected":false},"excerpt":{"rendered":"<p>Desde 2012, la empresa fabricante de herramientas de origen sueco organiza en distintas provincias vitivin\u00edcolas&hellip;<\/p>\n","protected":false},"author":3,"featured_media":70680,"comment_status":"open","ping_status":"open","sticky":false,"template":"","format":"standard","meta":{"footnotes":""},"categories":[47],"tags":[],"class_list":["post-70518","post","type-post","status-publish","format-standard","has-post-thumbnail","hentry","category-agenda"],"_links":{"self":[{"href":"https:\/\/enolife.com.ar\/es\/wp-json\/wp\/v2\/posts\/70518","targetHints":{"allow":["GET"]}}],"collection":[{"href":"https:\/\/enolife.com.ar\/es\/wp-json\/wp\/v2\/posts"}],"about":[{"href":"https:\/\/enolife.com.ar\/es\/wp-json\/wp\/v2\/types\/post"}],"author":[{"embeddable":true,"href":"https:\/\/enolife.com.ar\/es\/wp-json\/wp\/v2\/users\/3"}],"replies":[{"embeddable":true,"href":"https:\/\/enolife.com.ar\/es\/wp-json\/wp\/v2\/comments?post=70518"}],"version-history":[{"count":0,"href":"https:\/\/enolife.com.ar\/es\/wp-json\/wp\/v2\/posts\/70518\/revisions"}],"wp:featuredmedia":[{"embeddable":true,"href":"https:\/\/enolife.com.ar\/es\/wp-json\/wp\/v2\/media\/70680"}],"wp:attachment":[{"href":"https:\/\/enolife.com.ar\/es\/wp-json\/wp\/v2\/media?parent=70518"}],"wp:term":[{"taxonomy":"category","embeddable":true,"href":"https:\/\/enolife.com.ar\/es\/wp-json\/wp\/v2\/categories?post=70518"},{"taxonomy":"post_tag","embeddable":true,"href":"https:\/\/enolife.com.ar\/es\/wp-json\/wp\/v2\/tags?post=70518"}],"curies":[{"name":"wp","href":"https:\/\/api.w.org\/{rel}","templated":true}]}}