{"id":70454,"date":"2022-07-27T01:34:41","date_gmt":"2022-07-27T01:34:41","guid":{"rendered":"http:\/\/enolife.com.ar\/es\/?p=70454"},"modified":"2022-07-28T01:13:53","modified_gmt":"2022-07-28T01:13:53","slug":"la-vitivinicultura-pide-al-ministro-de-produccion-destrabar-las-importaciones-y-bajar-las-retenciones","status":"publish","type":"post","link":"https:\/\/enolife.com.ar\/es\/la-vitivinicultura-pide-al-ministro-de-produccion-destrabar-las-importaciones-y-bajar-las-retenciones\/","title":{"rendered":"La vitivinicultura pide al ministro de Producci\u00f3n destrabar las importaciones y bajar las retenciones"},"content":{"rendered":"\n<h4 class=\"wp-block-heading\"><em><strong>Este martes 26 de julio, la c\u00fapula de la Corporaci\u00f3n Vitivin\u00edcola Argentina (Coviar) se reuni\u00f3 con el responsable de la cartera productiva de Argentina, Daniel Scioli, para manifestarle al funcionario la preocupaci\u00f3n del sector por las restricciones a las importaciones y por la brecha cambiaria, factores que dificultan la adquisici\u00f3n de insumos en el exterior. Seg\u00fan los dirigentes del vino, las bodegas exportan a un d\u00f3lar de $130 menos las retenciones, pero deben pagar sus materiales importados a un precio cercano al d\u00f3lar blue ($323).<\/strong><\/em><\/h4>\n\n\n\n<div style=\"height:20px\" aria-hidden=\"true\" class=\"wp-block-spacer\"><\/div>\n\n\n\n\n\n<div style=\"height:44px\" aria-hidden=\"true\" class=\"wp-block-spacer\"><\/div>\n\n\n\n<p>Desde que el <strong>Banco Central de la Rep\u00fablica Argentin<\/strong>a&nbsp;anunci\u00f3 las nuevas restricciones para los cupos que aplica a las empresas que solicitan el acceso al mercado cambiario para el pago de importaciones, las diferentes entidades vitivin\u00edcolas han manifestado su preocupaci\u00f3n. <\/p>\n\n\n\n<p>As\u00ed lo hizo <strong>Bodegas de Argentina<\/strong> en una reuni\u00f3n con el presidente del Banco Central de la Rep\u00fablica Argentina, <strong>Miguel \u00c1ngel Pesce<\/strong>, el pasado 20\/7. Y hoy 26\/7, por similares motivos, la <strong>Corporaci\u00f3n Vitivin\u00edcola Argentina (Coviar)<\/strong> se encontr\u00f3 con el Ministro de Desarrollo Productivo de la Naci\u00f3n, <strong>Daniel Scioli<\/strong>.<\/p>\n\n\n\n<p>Seg\u00fan detallaron desde la Coviar, la reuni\u00f3n fue<strong> <\/strong><em>\u00abpara avanzar en una agenda de competitividad que potencie las exportaciones y genere divisas para el pa\u00eds<\/em>\u00ab. De acuerdo a las mismas fuentes, <em>\u00able acercamos al ministro algunas necesidades y problem\u00e1ticas que hoy afectan al sector e intercambiamos ideas acerca de tem\u00e1ticas de relevancia en beneficio de la vitivinicultura argentina, hoy una actividad presente en 18 provincias del pa\u00eds; como resultado, se abri\u00f3 una l\u00ednea directa de trabajo y articulaci\u00f3n para avanzar en medidas concretas\u00bb.<\/em><\/p>\n\n\n\n<p>Entre las problem\u00e1ticas planteadas, desde Coviar se alert\u00f3 sobre el impacto para una actividad netamente generadora de divisas como es la vitivinicultura; las trabas vigentes para la importaci\u00f3n de insumos; la p\u00e9rdida de competitividad por efecto del atraso cambiario, la vigencia de los derechos de exportaci\u00f3n para el vino fraccionado y el mosto; la denuncia al dumping y subsidios al jugo concentrado de uva en Estados Unidos, entre otros. Adem\u00e1s, los dirigentes de Coviar insistieron en la necesidad de trabajar sobre la agenda de negociaciones internacionales para facilitar las exportaciones de toda la cadena vitivin\u00edcola.<\/p>\n\n\n\n<div style=\"height:20px\" aria-hidden=\"true\" class=\"wp-block-spacer\"><\/div>\n\n\n\n<div class=\"wp-block-image\"><figure class=\"aligncenter size-large is-resized\"><img loading=\"lazy\" decoding=\"async\" src=\"https:\/\/enolife.com.ar\/es\/wp-content\/uploads\/2022\/07\/b3d3f2f4-467c-4f01-899a-f9b4d99aff16-1.jpg\" alt=\"\" class=\"wp-image-70485\" width=\"559\" height=\"338\" srcset=\"https:\/\/enolife.com.ar\/es\/wp-content\/uploads\/2022\/07\/b3d3f2f4-467c-4f01-899a-f9b4d99aff16-1.jpg 825w, https:\/\/enolife.com.ar\/es\/wp-content\/uploads\/2022\/07\/b3d3f2f4-467c-4f01-899a-f9b4d99aff16-1-300x182.jpg 300w, https:\/\/enolife.com.ar\/es\/wp-content\/uploads\/2022\/07\/b3d3f2f4-467c-4f01-899a-f9b4d99aff16-1-768x465.jpg 768w, https:\/\/enolife.com.ar\/es\/wp-content\/uploads\/2022\/07\/b3d3f2f4-467c-4f01-899a-f9b4d99aff16-1-585x355.jpg 585w\" sizes=\"auto, (max-width: 559px) 100vw, 559px\" \/><figcaption><em><strong>Daniel Scioli junto a directivos de la Coviar <\/strong><\/em><\/figcaption><\/figure><\/div>\n\n\n\n<div style=\"height:20px\" aria-hidden=\"true\" class=\"wp-block-spacer\"><\/div>\n\n\n\n<p>El encuentro con el ministro Daniel Scioli cont\u00f3 con la presencia de <strong>Jos\u00e9 Alberto Zuccardi<\/strong>, presidente de la Coviar; <strong>Eduardo Sancho<\/strong>, presidente de la Asociaci\u00f3n de Cooperativas Vitivin\u00edcolas Argentinas (Acovi); <strong>Adolfo Brennan<\/strong>, vicepresidente de la Uni\u00f3n Vitivin\u00edcola Argentina (UVA); <strong>Fernando Morales<\/strong>, presidente de la C\u00e1mara Argentina de Fabricantes y Exportadores de Mosto(Cafem ); <strong>Gustavo Samper<\/strong>, de la C\u00e1mara Vitivin\u00edcola de San Juan; <strong>Jos\u00e9 Molina<\/strong>, de la C\u00e1mara de Productores Vit\u00edcolas de San Juan; <strong>Ariel Lucero<\/strong>, ministro de Producci\u00f3n de San Juan y <strong>Ariel Schale<\/strong>, secretario de Industria y gesti\u00f3n comercial externa del Ministerio de la Producci\u00f3n de la Naci\u00f3n.<\/p>\n\n\n\n<div style=\"height:20px\" aria-hidden=\"true\" class=\"wp-block-spacer\"><\/div>\n\n\n\n<h4 class=\"has-vivid-red-color has-text-color wp-block-heading\">La vitivinicultura argentina export\u00f3 en 2021 por unos 1.000 millones de d\u00f3lares, en un contexto mundial que llega a los 35.000 millones de euros de exportaciones. <\/h4>\n\n\n\n<div style=\"height:20px\" aria-hidden=\"true\" class=\"wp-block-spacer\"><\/div>\n\n\n\n<p><em>\u00abLo que vinimos a plantear en la reuni\u00f3n <\/em>-manifest\u00f3 Zuccardi-<em>, tambi\u00e9n es que la vitivinicultura no es parte del problema sino de la soluci\u00f3n; exportamos mucho m\u00e1s de lo que importamos; somos altamente rentables para el pa\u00eds por ese lado, y tambi\u00e9n en la generaci\u00f3n de marca pa\u00eds que el vino desarrolla en el mundo. Exportamos cerca de 300 millones de botellas, cada una va con un r\u00f3tulo que habla del pa\u00eds, el productor, de la regi\u00f3n y de la variedad. Es decir, comunicamos la marca de Argentina. En este sentido, creemos justo tambi\u00e9n \u2013y fue bien recibido el planteo- poder eliminar en el corto plazo los derechos de exportaci\u00f3n que el vino paga y que, como producto con mucho valor agregado, entendemos que no deber\u00eda tener\u00bb.<\/em><\/p>\n\n\n\n<div style=\"height:20px\" aria-hidden=\"true\" class=\"wp-block-spacer\"><\/div>\n\n\n\n<blockquote class=\"wp-block-quote is-layout-flow wp-block-quote-is-layout-flow\"><p>El mundo tiene aranceles cero para la exportaci\u00f3n de vino, y esto desfavorece a nuestro pa\u00eds con notable impacto en nuestra competitividad\u00bb<\/p><cite>Jos\u00e9 Alberto Zuccardi, presidente de la Coviar<\/cite><\/blockquote>\n\n\n\n<div style=\"height:25px\" aria-hidden=\"true\" class=\"wp-block-spacer\"><\/div>\n\n\n\n<p>Durante la jornada los dirigentes vitivin\u00edcolas manifestaron su deseo de recuperar la estructura de incentivo a la exportaci\u00f3n y el incremento de reintegros, que en 2021 subi\u00f3 al 7% con impacto positivo a las exportaciones. <em>\u00abSin embargo, es importante tener en cuenta que es momento de volver a considerar medidas que favorezcan la exportaci\u00f3n. El mundo tiene aranceles cero para la exportaci\u00f3n del vino y esto desfavorece a nuestro pa\u00eds con notable impacto en nuestra competitividad\u00bb, <\/em>dijo Zuccardi<em>.<\/em><\/p>\n\n\n\n<p>En cuanto a los desequilibrios en el sector, la Coviar plante\u00f3 la relevancia de articular un esquema de comunicaci\u00f3n permanente para resolver los problemas que se est\u00e1n dando en el aumento del costo de dos industrias que abastecen al sector, como el vidrio y el cart\u00f3n. Este incremento, que excede un 200%, hoy impacta en el valor de la botella.<em> \u00abQueremos ayudar para que estas industrias se ordenen y no nos desequilibren\u00bb, <\/em>comentaron desde la Coviar.<\/p>\n\n\n\n<div style=\"height:20px\" aria-hidden=\"true\" class=\"wp-block-spacer\"><\/div>\n\n\n\n<blockquote class=\"wp-block-quote is-layout-flow wp-block-quote-is-layout-flow\"><p>Si hay un sector modelo, de vanguardia, de sinergia entre lo p\u00fablico y privado, es el que representa la industria vitivin\u00edcola\u00bb.<\/p><cite>Daniel Scioli, ministro de Producci\u00f3n de Argentina<\/cite><\/blockquote>\n\n\n\n<div style=\"height:20px\" aria-hidden=\"true\" class=\"wp-block-spacer\"><\/div>\n\n\n\n<p>A su turno, desde el Ministerio de Desarrollo Productivo aseguraron que la restricci\u00f3n del Banco Central <em>\u00abtiene un sendero corto de vigencia, se trata de una medida que naci\u00f3 por 90 d\u00edas debido a una situaci\u00f3n de emergencia asociada a compras extraordinarias en precio, energ\u00eda y combustible, que  se alivianan a partir del 15 de agosto; este sendero de incomodidad est\u00e1 muy cerca del final, camino a la flexibilizaci\u00f3n\u00bb. <\/em><\/p>\n\n\n\n<p><em>\u00abSi hay un sector modelo, de vanguardia, de sinergia entre lo p\u00fablico y privado, es el que representa la industria vitivin\u00edcola. Les agradezco que hayan tra\u00eddo sus prioridades para trabajarlas y avanzar en soluciones para el sector\u00bb,<\/em> expres\u00f3 el ministro Scioli.&nbsp;Y destac\u00f3 especialmente el trabajo conjunto, de manera articulada, con el Banco Central y el Ministerio de Econom\u00eda, <em>\u00abpara ir atendiendo las distintas realidades de todo el aparato productivo con el objetivo de profundizar las pol\u00edticas industriales, qu\u00e9 nos digan qu\u00e9 van a producir, qu\u00e9 necesitan y c\u00f3mo pueden incrementar exportaciones\u00bb.<\/em><\/p>\n\n\n\n<div style=\"height:47px\" aria-hidden=\"true\" class=\"wp-block-spacer\"><\/div>\n","protected":false},"excerpt":{"rendered":"<p>Este martes 26 de julio, la c\u00fapula de la Corporaci\u00f3n Vitivin\u00edcola Argentina (Coviar) se reuni\u00f3&hellip;<\/p>\n","protected":false},"author":3,"featured_media":70482,"comment_status":"open","ping_status":"open","sticky":false,"template":"","format":"standard","meta":{"footnotes":""},"categories":[14],"tags":[],"class_list":["post-70454","post","type-post","status-publish","format-standard","has-post-thumbnail","hentry","category-news"],"_links":{"self":[{"href":"https:\/\/enolife.com.ar\/es\/wp-json\/wp\/v2\/posts\/70454","targetHints":{"allow":["GET"]}}],"collection":[{"href":"https:\/\/enolife.com.ar\/es\/wp-json\/wp\/v2\/posts"}],"about":[{"href":"https:\/\/enolife.com.ar\/es\/wp-json\/wp\/v2\/types\/post"}],"author":[{"embeddable":true,"href":"https:\/\/enolife.com.ar\/es\/wp-json\/wp\/v2\/users\/3"}],"replies":[{"embeddable":true,"href":"https:\/\/enolife.com.ar\/es\/wp-json\/wp\/v2\/comments?post=70454"}],"version-history":[{"count":0,"href":"https:\/\/enolife.com.ar\/es\/wp-json\/wp\/v2\/posts\/70454\/revisions"}],"wp:featuredmedia":[{"embeddable":true,"href":"https:\/\/enolife.com.ar\/es\/wp-json\/wp\/v2\/media\/70482"}],"wp:attachment":[{"href":"https:\/\/enolife.com.ar\/es\/wp-json\/wp\/v2\/media?parent=70454"}],"wp:term":[{"taxonomy":"category","embeddable":true,"href":"https:\/\/enolife.com.ar\/es\/wp-json\/wp\/v2\/categories?post=70454"},{"taxonomy":"post_tag","embeddable":true,"href":"https:\/\/enolife.com.ar\/es\/wp-json\/wp\/v2\/tags?post=70454"}],"curies":[{"name":"wp","href":"https:\/\/api.w.org\/{rel}","templated":true}]}}