{"id":70427,"date":"2022-07-27T23:09:58","date_gmt":"2022-07-27T23:09:58","guid":{"rendered":"http:\/\/enolife.com.ar\/es\/?p=70427"},"modified":"2022-07-28T14:16:00","modified_gmt":"2022-07-28T14:16:00","slug":"charla-en-san-juan-como-combatir-la-polilla-de-la-vid-y-que-hacer-con-los-envases-de-fitosanitarios","status":"publish","type":"post","link":"https:\/\/enolife.com.ar\/es\/charla-en-san-juan-como-combatir-la-polilla-de-la-vid-y-que-hacer-con-los-envases-de-fitosanitarios\/","title":{"rendered":"Charla en San Juan: c\u00f3mo combatir la polilla de la vid y qu\u00e9 hacer con los envases de fitosanitarios"},"content":{"rendered":"\n<h4 class=\"wp-block-heading\"><em><strong>El Ministerio de Producci\u00f3n y Desarrollo Econ\u00f3mico de San Juan, en la continuidad del ciclo \u00abJornadas de sanidad vegetal\u00bb, convoca a productores del departamento de Sarmiento a una charla, libre y gratuita sobre la situaci\u00f3n actual de la plaga lobesia botrana, el jueves 28\/7 a las 16 hs en el Centro Cultural de Media Agua.<\/strong><\/em><\/h4>\n\n\n\n<div style=\"height:20px\" aria-hidden=\"true\" class=\"wp-block-spacer\"><\/div>\n\n\n<a href=\"https:\/\/www.instagram.com\/vinventions.sudamerica\/\" aria-label=\"Banner_Subr_1700x500\"><img loading=\"lazy\" decoding=\"async\" src=\"https:\/\/enolife.com.ar\/es\/wp-content\/uploads\/2019\/07\/Banner_Subr_1700x500.gif\" alt=\"\"  width=\"1700\" height=\"501\"   \/><\/a>\n\n\n<div style=\"height:64px\" aria-hidden=\"true\" class=\"wp-block-spacer\"><\/div>\n\n\n\n<div class=\"wp-block-image\"><figure class=\"alignleft size-large is-resized\"><img loading=\"lazy\" decoding=\"async\" src=\"https:\/\/enolife.com.ar\/es\/wp-content\/uploads\/2022\/07\/flyer_jornada_sanidad_vegetal-826x1024.jpg\" alt=\"\" class=\"wp-image-70444\" width=\"260\" height=\"322\" srcset=\"https:\/\/enolife.com.ar\/es\/wp-content\/uploads\/2022\/07\/flyer_jornada_sanidad_vegetal-826x1024.jpg 826w, https:\/\/enolife.com.ar\/es\/wp-content\/uploads\/2022\/07\/flyer_jornada_sanidad_vegetal-242x300.jpg 242w, https:\/\/enolife.com.ar\/es\/wp-content\/uploads\/2022\/07\/flyer_jornada_sanidad_vegetal-768x952.jpg 768w, https:\/\/enolife.com.ar\/es\/wp-content\/uploads\/2022\/07\/flyer_jornada_sanidad_vegetal-585x725.jpg 585w, https:\/\/enolife.com.ar\/es\/wp-content\/uploads\/2022\/07\/flyer_jornada_sanidad_vegetal.jpg 1033w\" sizes=\"auto, (max-width: 260px) 100vw, 260px\" \/><\/figure><\/div>\n\n\n\n<p>La charla, que se llevar\u00e1 a cabo en la localidad de Media Agua, est\u00e1 organizada por el Ministerio de Producci\u00f3n y Desarrollo Econ\u00f3mico a trav\u00e9s de la Secretar\u00eda de Agricultura, Ganader\u00eda y Agroindustria y la Direcci\u00f3n de Sanidad Vegetal, Animal y Alimentos de San Juan. Acompa\u00f1an la Municipalidad de Sarmiento, el Centro de Desarrollo Vit\u00edcola de Media Agua, el Instituto Nacional de Tecnolog\u00eda Agropecuaria (INTA), la Corporaci\u00f3n Vitivin\u00edcola Argentina (Coviar) y CampoLimpio.<\/p>\n\n\n\n<p>Durante la jornada se informar\u00e1 cu\u00e1l es la situaci\u00f3n actual de la plaga lobesia botrana o polilla de la vid en San Juan y tambi\u00e9n se hablar\u00e1 sobre la gesti\u00f3n de envases vac\u00edos de fitosanitarios.<\/p>\n\n\n\n<p><strong>Fecha<\/strong>: jueves 28\/7 a las 16 hs<\/p>\n\n\n\n<p><strong>Lugar<\/strong>: Centro Cultural de Media Agua, Sarmiento, sobre calle Rivadavia frente a la Plaza de Villa Media Agua.<\/p>\n","protected":false},"excerpt":{"rendered":"<p>El Ministerio de Producci\u00f3n y Desarrollo Econ\u00f3mico de San Juan, en la continuidad del ciclo&hellip;<\/p>\n","protected":false},"author":3,"featured_media":70452,"comment_status":"open","ping_status":"open","sticky":false,"template":"","format":"standard","meta":{"footnotes":""},"categories":[47],"tags":[],"class_list":["post-70427","post","type-post","status-publish","format-standard","has-post-thumbnail","hentry","category-agenda"],"_links":{"self":[{"href":"https:\/\/enolife.com.ar\/es\/wp-json\/wp\/v2\/posts\/70427","targetHints":{"allow":["GET"]}}],"collection":[{"href":"https:\/\/enolife.com.ar\/es\/wp-json\/wp\/v2\/posts"}],"about":[{"href":"https:\/\/enolife.com.ar\/es\/wp-json\/wp\/v2\/types\/post"}],"author":[{"embeddable":true,"href":"https:\/\/enolife.com.ar\/es\/wp-json\/wp\/v2\/users\/3"}],"replies":[{"embeddable":true,"href":"https:\/\/enolife.com.ar\/es\/wp-json\/wp\/v2\/comments?post=70427"}],"version-history":[{"count":0,"href":"https:\/\/enolife.com.ar\/es\/wp-json\/wp\/v2\/posts\/70427\/revisions"}],"wp:featuredmedia":[{"embeddable":true,"href":"https:\/\/enolife.com.ar\/es\/wp-json\/wp\/v2\/media\/70452"}],"wp:attachment":[{"href":"https:\/\/enolife.com.ar\/es\/wp-json\/wp\/v2\/media?parent=70427"}],"wp:term":[{"taxonomy":"category","embeddable":true,"href":"https:\/\/enolife.com.ar\/es\/wp-json\/wp\/v2\/categories?post=70427"},{"taxonomy":"post_tag","embeddable":true,"href":"https:\/\/enolife.com.ar\/es\/wp-json\/wp\/v2\/tags?post=70427"}],"curies":[{"name":"wp","href":"https:\/\/api.w.org\/{rel}","templated":true}]}}