{"id":7012,"date":"2020-01-30T15:29:23","date_gmt":"2020-01-30T15:29:23","guid":{"rendered":"http:\/\/enolife.com.ar\/es\/?p=7012"},"modified":"2020-02-03T16:34:59","modified_gmt":"2020-02-03T16:34:59","slug":"la-camara-de-comercio-industria-y-agricultura-mendocino-pondra-foco-en-la-industria-vitivinicola","status":"publish","type":"post","link":"https:\/\/enolife.com.ar\/es\/la-camara-de-comercio-industria-y-agricultura-mendocino-pondra-foco-en-la-industria-vitivinicola\/","title":{"rendered":"La C\u00e1mara de Comercio de San Mart\u00edn pone foco en la  regulaci\u00f3n de la industria vitivin\u00edcola"},"content":{"rendered":"\n<h4 class=\"wp-block-heading\"><em><strong>El subsecretario de Agricultura y Ganader\u00eda de Mendoza, Sergio Moralejo, se reuni\u00f3 con productores vitivin\u00edcolas del Este provincial. Los temas tratados fueron la escasez de agua, la tecnificaci\u00f3n agr\u00edcola, los altos costos de producci\u00f3n y la regulaci\u00f3n de la actividad vitivin\u00edcola.<\/strong><\/em><\/h4>\n\n\n\n<div style=\"height:31px\" aria-hidden=\"true\" class=\"wp-block-spacer\"><\/div>\n\n\n\n<p>Participaron de la reuni\u00f3n Sergio Moralejo, subsecretario de Agricultura y Ganader\u00eda; Valentina Navarro, titular de la Direcci\u00f3n de Agricultura de la provincia, y Alfredo Aciar, asesor del Ministerio de Econom\u00eda. El sector privado fue representado por Rub\u00e9n Lisante, presidente de la C\u00e1mara, y Mario Do\u00f1a, vicepresidente de la C\u00e1mara y, a su vez, vicepresidente Oasis Este de la Federaci\u00f3n Econ\u00f3mica de Mendoza (FEM).<\/p>\n\n\n\n<p>Entre las principales problem\u00e1ticas expresadas por parte de los productores, se destacaron la falta de agua; falta de tecnificaci\u00f3n de las labores agr\u00edcolas; el alza de los costos de producci\u00f3n y la falta de regulaci\u00f3n de la actividad vitivin\u00edcola en esa zona productiva de la provincia.<\/p>\n\n\n\n<div style=\"height:20px\" aria-hidden=\"true\" class=\"wp-block-spacer\"><\/div>\n\n\n\n<blockquote class=\"wp-block-quote is-layout-flow wp-block-quote-is-layout-flow\"><p> \u201cHasta el momento, y desde hace mucho tiempo ya, la C\u00e1mara s\u00f3lo se enfoc\u00f3 en la actividad industrial. Es por ello que, a partir de ahora, se est\u00e1 haciendo hincapi\u00e9 en fortalecer cada una de las actividades que se desarrollan en el este provincial\u201d.<\/p><cite><strong>Rub\u00e9n Lisante presidente de la C\u00e1mara de Comercio, Industria y Agricultura de San Mart\u00edn <\/strong><\/cite><\/blockquote>\n\n\n\n<div style=\"height:20px\" aria-hidden=\"true\" class=\"wp-block-spacer\"><\/div>\n\n\n\n<figure class=\"wp-block-image\"><img decoding=\"async\" src=\"https:\/\/www.mendovoz.com\/u\/fotografias\/m\/2020\/1\/29\/f768x400-121864_165767_0.jpeg\" alt=\"\"\/><figcaption><strong><em>Rub\u00e9n Lisante  presidente de la C\u00e1mara de Comercio, Industria y Agricultura de San Mart\u00edn <\/em><\/strong><\/figcaption><\/figure>\n\n\n\n<div style=\"height:20px\" aria-hidden=\"true\" class=\"wp-block-spacer\"><\/div>\n\n\n\n<p>Lisante agradeci\u00f3 la presencia de las autoridades. \u201cEn esta oportunidad hemos abierto las puertas de la c\u00e1mara para recibir a autoridades del Ministerio de Econom\u00eda y poder trabajar en tem\u00e1ticas con bodegueros, vi\u00f1ateros y productores. Los funcionarios se han llevado una serie de inquietudes expresadas desde el sector para trabajar en posibles soluciones a corto, mediano y largo plazo\u201c, dijo.<\/p>\n\n\n\n<p>Por su parte, Mario Do\u00f1a remarc\u00f3 que el encuentro permiti\u00f3 a los productores exponer todas las problem\u00e1ticas por las que est\u00e1n atravesando. Adem\u00e1s, destac\u00f3 la llegada a territorio de los funcionarios: <\/p>\n\n\n\n<div style=\"height:27px\" aria-hidden=\"true\" class=\"wp-block-spacer\"><\/div>\n\n\n\n<blockquote class=\"wp-block-quote is-layout-flow wp-block-quote-is-layout-flow\"><p>\u201cEs muy loable que hayan llegado a estas horas de la noche para escuchar las necesidades del sector y exponer posibles soluciones a estas problem\u00e1ticas. Quienes estamos en las entidades observamos el reclamo sobre que el gobierno no escucha, est\u00e1 ausente o bien que no les importa lo que estamos haciendo. Con esta demostraci\u00f3n vemos inter\u00e9s en buscar soluciones concretas\u201d.<\/p><cite><strong>Mario Do\u00f1a vicepresidente de la C\u00e1mara de Comercio, Industria y Agricultura de General San Mart\u00edn<\/strong> <\/cite><\/blockquote>\n\n\n\n<div style=\"height:31px\" aria-hidden=\"true\" class=\"wp-block-spacer\"><\/div>\n\n\n\n<p>\u201cEste a\u00f1o se va a observar el estr\u00e9s h\u00eddrico en las plantas y, por ende, una baja en la producci\u00f3n. Es muy importante que el trabajo que se realiza desde el Gobierno se sincronice con la del Instituto Nacional de Vitivinicultura (INV). Necesitamos levantar la cosecha a un precio razonable, mejorar precio y plazos de pago. Adem\u00e1s, necesitamos financiamiento blando para tecnificar nuestras actividades y lograr competitividad\u201d, remarc\u00f3 uno de los productores presentes.<\/p>\n\n\n\n<p>Otro de los productores que asistieron fue Edgardo Roby, quien hizo hincapi\u00e9 en la necesidad de trabajar en conjunto con todos sectores vinculados a la actividad vitivin\u00edcola de la provincia: \u201cLo expresado por las autoridades tiene que contar con el apoyo del sector. Debemos trabajar en un plan integral donde nadie se quede afuera. Mejoremos las herramientas con las que contamos para que no sea un plan a corto plazo sino a 10, 20 o 30 a\u00f1os. Tenemos que aportar todos, tanto el productor como el bodeguero y el Gobierno para salir de esta crisis. Hoy por hoy no solo est\u00e1 complicado el peque\u00f1o productor de 5 o 10 hect\u00e1reas, tambi\u00e9n lo est\u00e1 el que tiene 50, 60 o 100. Necesitamos ponernos de acuerdo entre todos\u201d.<\/p>\n\n\n\n<p>Ante lo expresado por los presentes, Sergio Moralejo se\u00f1al\u00f3: \u201cVenimos de 9 a\u00f1os de ca\u00edda en la econom\u00eda. Ha ca\u00eddo el consumo per c\u00e1pita a 17 litros en el \u00faltimo tiempo y, con un gran esfuerzo, en este \u00faltimo lapso vamos a llegar a los 19. Sumado a esto, la falta de agua. Han disminuido considerablemente las nevadas. Si recorremos los embalses y los r\u00edos, no hay agua y es una realidad a la cual debemos adaptarnos. A esto se suman las altas tasas de inter\u00e9s\u201d.<\/p>\n\n\n\n<div style=\"height:20px\" aria-hidden=\"true\" class=\"wp-block-spacer\"><\/div>\n\n\n\n<blockquote class=\"wp-block-quote is-layout-flow wp-block-quote-is-layout-flow\"><p>\u201cAnte este panorama, estamos trabajando en varios ejes. En primer lugar, tenemos que reforzar las exportaciones y para ello estamos trabajando con la c\u00e1mara de exportadores de Mendoza. Tenemos la expectativa de sacar 100 millones de litros mediante la implementaci\u00f3n de un subsidio si se comercializa por esta v\u00eda\u201d, a\u00f1adi\u00f3 Moralejo. Y apunt\u00f3: \u201cCon respecto a l\u00edneas de financiamiento para cosecha y acarreo, estamos en tratativas con el Banco de la Naci\u00f3n Argentina a trav\u00e9s del cual contar\u00edamos con 400 millones pesos, m\u00e1s el aporte del Fondo para la transformaci\u00f3n y el Crecimiento (FTyC).<\/p><cite><strong>Sergio Moralejo, subsecretario de Agricultura y Ganader\u00eda de Mendoza. <\/strong><\/cite><\/blockquote>\n\n\n\n<div style=\"height:20px\" aria-hidden=\"true\" class=\"wp-block-spacer\"><\/div>\n\n\n\n<p>Consultado Moralejo sobre el manejo del stock v\u00ednico, dijo: \u201cNos hemos planteado trabajar en la administraci\u00f3n de la sobreoferta, a modo tal de dar previsibilidad a la actividad vitivin\u00edcola. Cada tres a\u00f1os Mendoza sufre una crisis y es por ello que necesitamos un mecanismo estabilizador. No puede ser que cuando haya una buena cosecha, esto se transforme en un problema\u201d.<\/p>\n\n\n\n<p>Por \u00faltimo, Moralejo se\u00f1al\u00f3 que se est\u00e1 trabajando en la puesta en marcha de un censo integral que permita conocer la totalidad de los puntos fuertes en materia de actividad agr\u00edcola y ganadera en el territorio provincial: \u201cEstimamos que en un lapso de seis meses comenzaremos a trabajar con datos que nos permitan obtener un paneo real de la situaci\u00f3n. Se contar\u00e1 con el aporte de distintos organismos nacionales y provinciales para la creaci\u00f3n de un Sistema Integrado de Informaci\u00f3n\u201d.<\/p>\n\n\n\n<div style=\"height:20px\" aria-hidden=\"true\" class=\"wp-block-spacer\"><\/div>\n\n\n\n<p class=\"has-small-font-size\"><em><strong>Fuente: Gobierno de Mendoza<\/strong><\/em><\/p>\n","protected":false},"excerpt":{"rendered":"<p>El subsecretario de Agricultura y Ganader\u00eda de Mendoza, Sergio Moralejo, se reuni\u00f3 con productores vitivin\u00edcolas&hellip;<\/p>\n","protected":false},"author":3,"featured_media":7013,"comment_status":"open","ping_status":"open","sticky":false,"template":"","format":"standard","meta":{"footnotes":""},"categories":[14],"tags":[],"class_list":["post-7012","post","type-post","status-publish","format-standard","has-post-thumbnail","hentry","category-news"],"_links":{"self":[{"href":"https:\/\/enolife.com.ar\/es\/wp-json\/wp\/v2\/posts\/7012","targetHints":{"allow":["GET"]}}],"collection":[{"href":"https:\/\/enolife.com.ar\/es\/wp-json\/wp\/v2\/posts"}],"about":[{"href":"https:\/\/enolife.com.ar\/es\/wp-json\/wp\/v2\/types\/post"}],"author":[{"embeddable":true,"href":"https:\/\/enolife.com.ar\/es\/wp-json\/wp\/v2\/users\/3"}],"replies":[{"embeddable":true,"href":"https:\/\/enolife.com.ar\/es\/wp-json\/wp\/v2\/comments?post=7012"}],"version-history":[{"count":0,"href":"https:\/\/enolife.com.ar\/es\/wp-json\/wp\/v2\/posts\/7012\/revisions"}],"wp:featuredmedia":[{"embeddable":true,"href":"https:\/\/enolife.com.ar\/es\/wp-json\/wp\/v2\/media\/7013"}],"wp:attachment":[{"href":"https:\/\/enolife.com.ar\/es\/wp-json\/wp\/v2\/media?parent=7012"}],"wp:term":[{"taxonomy":"category","embeddable":true,"href":"https:\/\/enolife.com.ar\/es\/wp-json\/wp\/v2\/categories?post=7012"},{"taxonomy":"post_tag","embeddable":true,"href":"https:\/\/enolife.com.ar\/es\/wp-json\/wp\/v2\/tags?post=7012"}],"curies":[{"name":"wp","href":"https:\/\/api.w.org\/{rel}","templated":true}]}}