{"id":70003,"date":"2022-07-25T16:45:40","date_gmt":"2022-07-25T16:45:40","guid":{"rendered":"http:\/\/enolife.com.ar\/es\/?p=70003"},"modified":"2022-07-27T14:44:27","modified_gmt":"2022-07-27T14:44:27","slug":"hasta-el-5-8-bodegas-y-empresas-de-alimentos-pueden-anotarse-para-una-mision-comercial-a-madrid","status":"publish","type":"post","link":"https:\/\/enolife.com.ar\/es\/hasta-el-5-8-bodegas-y-empresas-de-alimentos-pueden-anotarse-para-una-mision-comercial-a-madrid\/","title":{"rendered":"Hasta el 5\/8, bodegas y empresas de alimentos pueden anotarse para una misi\u00f3n comercial a Madrid"},"content":{"rendered":"\n<h4 class=\"wp-block-heading\"><em><strong>El Ministerio de Relaciones Exteriores, Comercio Internacional y Culto de Argentina, junto a la Embajada Argentina en Espa\u00f1a, convocan a empresas del sector alimentos y bebidas a participar de una misi\u00f3n comercial presencial en Madrid del 19 al 21\/10, para reunirse con compradores espa\u00f1oles y cerrar negocios.  Hay tiempo para inscribirse hasta el 5\/8 y los cupos son limitados. Cada empresa deber\u00e1 pagarse los gastos de estad\u00eda, pero habr\u00e1 tarifas especiales para viajar por Aerol\u00edneas Argentinas.<\/strong><\/em><\/h4>\n\n\n\n<div style=\"height:55px\" aria-hidden=\"true\" class=\"wp-block-spacer\"><\/div>\n\n\n<a href=\"https:\/\/estanciamendoza.com.ar\/es\/\" aria-label=\"Copia de BEM &#8211; Banner adaptaciones diario digital_BEM &#8211; Banner Enolife &#8211; 1700&#215;500\"><img loading=\"lazy\" decoding=\"async\" src=\"https:\/\/enolife.com.ar\/es\/wp-content\/uploads\/2019\/07\/Copia-de-BEM-Banner-adaptaciones-diario-digital_BEM-Banner-Enolife-1700x500-1.jpg\" alt=\"\"  srcset=\"https:\/\/enolife.com.ar\/es\/wp-content\/uploads\/2019\/07\/Copia-de-BEM-Banner-adaptaciones-diario-digital_BEM-Banner-Enolife-1700x500-1.jpg 1700w, https:\/\/enolife.com.ar\/es\/wp-content\/uploads\/2019\/07\/Copia-de-BEM-Banner-adaptaciones-diario-digital_BEM-Banner-Enolife-1700x500-1-300x88.jpg 300w, https:\/\/enolife.com.ar\/es\/wp-content\/uploads\/2019\/07\/Copia-de-BEM-Banner-adaptaciones-diario-digital_BEM-Banner-Enolife-1700x500-1-1024x301.jpg 1024w, https:\/\/enolife.com.ar\/es\/wp-content\/uploads\/2019\/07\/Copia-de-BEM-Banner-adaptaciones-diario-digital_BEM-Banner-Enolife-1700x500-1-768x226.jpg 768w, https:\/\/enolife.com.ar\/es\/wp-content\/uploads\/2019\/07\/Copia-de-BEM-Banner-adaptaciones-diario-digital_BEM-Banner-Enolife-1700x500-1-1536x452.jpg 1536w, https:\/\/enolife.com.ar\/es\/wp-content\/uploads\/2019\/07\/Copia-de-BEM-Banner-adaptaciones-diario-digital_BEM-Banner-Enolife-1700x500-1-1170x344.jpg 1170w, https:\/\/enolife.com.ar\/es\/wp-content\/uploads\/2019\/07\/Copia-de-BEM-Banner-adaptaciones-diario-digital_BEM-Banner-Enolife-1700x500-1-585x172.jpg 585w\" sizes=\"auto, (max-width: 1700px) 100vw, 1700px\" width=\"1700\" height=\"500\"   \/><\/a>\n\n\n<div style=\"height:39px\" aria-hidden=\"true\" class=\"wp-block-spacer\"><\/div>\n\n\n\n<p><strong>Del 19 al 21\/10, la Canciller\u00eda Argentina<\/strong> reunir\u00e1 a empresas del sector alimentos y bebidas con <strong>compradores espa\u00f1oles<\/strong>. Durante las dos primeras jornadas (19 y 20\/10) tendr\u00e1n lugar encuentros de negocios entre las compa\u00f1\u00edas argentinas participantes y las contrapartes espa\u00f1olas. Y el d\u00eda viernes 21 se llevar\u00e1 a cabo, en la sede de Embajada en Madrid, una presentaci\u00f3n de la <strong>\u00abOferta Gastron\u00f3mica en Espa\u00f1a\u00bb<\/strong> orientada a un p\u00fablico profesional (restaurantes, cafeter\u00edas y bares, helader\u00edas, pasteler\u00edas\/panader\u00edas) y de distribuci\u00f3n (mayoristas, tiendas, vinotecas, etc\u00e9tera) que presenten y utilicen como insumos en su oferta gastron\u00f3mica comercial productos de nuestro pa\u00eds. Tambi\u00e9n estar\u00e1 abierta la reuni\u00f3n al p\u00fablico en general.<\/p>\n\n\n\n<div style=\"height:20px\" aria-hidden=\"true\" class=\"wp-block-spacer\"><\/div>\n\n\n\n<h4 class=\"has-vivid-red-color has-text-color wp-block-heading\">El perfil de las empresas argentinas exportadoras que se inscriban debe estar orientado a los siguientes sectores\/productos: vinos, granos, legumbres, carne (bovina y caprina), pesca, frutas frescas, c\u00edtricos y panificados.<\/h4>\n\n\n\n<div style=\"height:20px\" aria-hidden=\"true\" class=\"wp-block-spacer\"><\/div>\n\n\n\n<p>Para participar en las reuniones de negocios los interesados deber\u00e1n <strong>completar de manera detallada el: <\/strong><a href=\"https:\/\/docs.google.com\/forms\/d\/e\/1FAIpQLSf_UK7tSMdhWrHEHJ9gW3oMhPHnMb2rroJl77602U7jSwpoZQ\/viewform\"><strong>Formulario de inscripci\u00f3n<\/strong><\/a>. En el mismo se solicita presentar en forma excluyente un brochure digital en formato PDF editable, de una extensi\u00f3n m\u00e1xima de 2 p\u00e1ginas (m\u00e1ximo 10 MB). La <strong>fecha l\u00edmite es el 5 de agosto (cupos limitados).<\/strong><\/p>\n\n\n\n<p>Es importante tener en cuenta que completar y enviar el formulario de preinscripci\u00f3n no garantiza la participaci\u00f3n en la actividad. Una vez concluida la inscripci\u00f3n, la Canciller\u00eda notificar\u00e1 a las empresas seleccionadas.<\/p>\n\n\n\n<p><strong>Los participantes deber\u00e1n asumir los gastos relativos a su traslado y estad\u00eda,<\/strong> aunque desde la Canciller\u00eda cuentan con una <strong>tarifa preferencial con Aerol\u00edneas Argentinas<\/strong> para el tramo Argentina-Madrid, destinada a la delegaci\u00f3n que participe en esta misi\u00f3n comercial.<\/p>\n\n\n\n<div style=\"height:20px\" aria-hidden=\"true\" class=\"wp-block-spacer\"><\/div>\n\n\n\n<p class=\"has-background has-very-light-gray-background-color\"><strong>Para mayor informaci\u00f3n contactarse con: <a href=\"mailto:misionespana@mrecic.gov.ar\">misionespana@mrecic.gov.ar<\/a><\/strong><\/p>\n\n\n\n<div style=\"height:20px\" aria-hidden=\"true\" class=\"wp-block-spacer\"><\/div>\n\n\n\n<p><strong>Requisitos de viaje a tener en cuenta:<\/strong><\/p>\n\n\n\n<ul class=\"wp-block-list\"><li><a href=\"https:\/\/www.sanidad.gob.es\/profesionales\/saludPublica\/ccayes\/alertasActual\/nCov\/spth.htm\" target=\"_blank\" rel=\"noreferrer noopener\"><strong>Requisitos Sanitarios COVID-19<\/strong><\/a><\/li><li><a href=\"https:\/\/www.argentina.gob.ar\/interior\/migraciones\/ddjj-migraciones\" target=\"_blank\" rel=\"noreferrer noopener\"><strong>Requisitos de ingreso y egreso de la Rep\u00fablica Argentina<\/strong><\/a><\/li><li>Para quienes poseen esquema de vacunaci\u00f3n completo no hay otro requisito de ingreso m\u00e1s que viajar acompa\u00f1ado del correspondiente certificado de vacunaci\u00f3n.<\/li><li>Se sugiere a las empresas participantes re chequear previo al viaje las condiciones de ingreso que est\u00e9n vigentes en ese momento.<\/li><\/ul>\n\n\n\n<div style=\"height:20px\" aria-hidden=\"true\" class=\"wp-block-spacer\"><\/div>\n\n\n\n<p class=\"has-small-font-size\"><em><strong>Fuente: Ministerio de Relaciones Exteriores de Argentina<\/strong><\/em><\/p>\n\n\n\n<div style=\"height:20px\" aria-hidden=\"true\" class=\"wp-block-spacer\"><\/div>\n","protected":false},"excerpt":{"rendered":"<p>El Ministerio de Relaciones Exteriores, Comercio Internacional y Culto de Argentina, junto a la Embajada&hellip;<\/p>\n","protected":false},"author":3,"featured_media":70044,"comment_status":"open","ping_status":"open","sticky":false,"template":"","format":"standard","meta":{"footnotes":""},"categories":[9],"tags":[],"class_list":["post-70003","post","type-post","status-publish","format-standard","has-post-thumbnail","hentry","category-negocios"],"_links":{"self":[{"href":"https:\/\/enolife.com.ar\/es\/wp-json\/wp\/v2\/posts\/70003","targetHints":{"allow":["GET"]}}],"collection":[{"href":"https:\/\/enolife.com.ar\/es\/wp-json\/wp\/v2\/posts"}],"about":[{"href":"https:\/\/enolife.com.ar\/es\/wp-json\/wp\/v2\/types\/post"}],"author":[{"embeddable":true,"href":"https:\/\/enolife.com.ar\/es\/wp-json\/wp\/v2\/users\/3"}],"replies":[{"embeddable":true,"href":"https:\/\/enolife.com.ar\/es\/wp-json\/wp\/v2\/comments?post=70003"}],"version-history":[{"count":0,"href":"https:\/\/enolife.com.ar\/es\/wp-json\/wp\/v2\/posts\/70003\/revisions"}],"wp:featuredmedia":[{"embeddable":true,"href":"https:\/\/enolife.com.ar\/es\/wp-json\/wp\/v2\/media\/70044"}],"wp:attachment":[{"href":"https:\/\/enolife.com.ar\/es\/wp-json\/wp\/v2\/media?parent=70003"}],"wp:term":[{"taxonomy":"category","embeddable":true,"href":"https:\/\/enolife.com.ar\/es\/wp-json\/wp\/v2\/categories?post=70003"},{"taxonomy":"post_tag","embeddable":true,"href":"https:\/\/enolife.com.ar\/es\/wp-json\/wp\/v2\/tags?post=70003"}],"curies":[{"name":"wp","href":"https:\/\/api.w.org\/{rel}","templated":true}]}}